{"id":16429,"date":"2023-07-13T15:17:37","date_gmt":"2023-07-13T13:17:37","guid":{"rendered":"https:\/\/viajerosactivos.com\/?p=16429"},"modified":"2026-04-24T18:22:41","modified_gmt":"2026-04-24T16:22:41","slug":"package-tours-to-greece","status":"publish","type":"post","link":"https:\/\/viajerosactivos.com\/en\/viajes-organizadoa-grecia\/","title":{"rendered":"4 Best Package Tours to Greece (4, 7, &amp; 10 Days)"},"content":{"rendered":"\n<p>Grecia es un pa\u00eds fascinante que combina historia milenaria, paisajes impresionantes y playas de ensue\u00f1o.<\/p>\n\n\n\n<p>Si quieres conocer lo mejor de Grecia sin preocuparte por los detalles, aqu\u00ed te cuento cu\u00e1les son los viajes organizados m\u00e1s recomendables. Algunos incluso salen m\u00e1s baratos que hacerlo por tu cuenta, y sin el estr\u00e9s de planificarlo todo.<\/p>\n\n\n\n<p>He incluido rutas por la Grecia continental \u2014perfectas si eres un amante de la historia\u2014 y viajes por las islas griegas, que puedes combinar f\u00e1cilmente. Todos son de agencias de confianza.<\/p>\n\n\n\n<p>Y si no tienes tiempo de leerlo entero, te adelanto que este es el <strong><a class=\"thirstylink\" rel=\"nofollow\" target=\"_blank\" title=\"Grecia todo incluido 4 d\u00edas\" href=\"https:\/\/viajerosactivos.com\/en\/recomendado\/grecia-todo-incluido-4-dias\/\" data-shortcode=\"true\">mejor circuito por Grecia<\/a><\/strong>, es el m\u00e1s completo y econ\u00f3mico, que incluye la Grecia cl\u00e1sica.<\/p>\n\n\n<style>.kb-row-layout-wrap.wp-block-kadence-rowlayout.kb-row-layout-id35056_7d1931-ca{margin-bottom:0px;}.kb-row-layout-id35056_7d1931-ca > .kt-row-column-wrap{align-content:start;}:where(.kb-row-layout-id35056_7d1931-ca > .kt-row-column-wrap) > .wp-block-kadence-column{justify-content:start;}.kb-row-layout-id35056_7d1931-ca > .kt-row-column-wrap{column-gap:var(--global-kb-gap-md, 2rem);row-gap:var(--global-kb-gap-md, 2rem);max-width:750px;margin-left:auto;margin-right:auto;padding-top:var(--global-kb-spacing-sm, 1.5rem);padding-bottom:var(--global-kb-spacing-sm, 1.5rem);grid-template-columns:minmax(0, 1fr);}.kb-row-layout-id35056_7d1931-ca > .kt-row-layout-overlay{opacity:0.30;}@media all and (max-width: 1024px){.kb-row-layout-id35056_7d1931-ca > .kt-row-column-wrap{grid-template-columns:minmax(0, 1fr);}}@media all and (max-width: 767px){.kb-row-layout-id35056_7d1931-ca > .kt-row-column-wrap{grid-template-columns:minmax(0, 1fr);}}<\/style><div class=\"kb-row-layout-wrap kb-row-layout-id35056_7d1931-ca alignnone wp-block-kadence-rowlayout\"><div class=\"kt-row-column-wrap kt-has-1-columns kt-row-layout-equal kt-tab-layout-inherit kt-mobile-layout-row kt-row-valign-top\">\n<style>.kadence-column35056_7f84b1-49 > .kt-inside-inner-col{border-top:1px solid var(--contrast);border-right:1px solid var(--contrast);border-bottom:1px solid var(--contrast);border-left:1px solid var(--contrast);}.kadence-column35056_7f84b1-49 > .kt-inside-inner-col,.kadence-column35056_7f84b1-49 > .kt-inside-inner-col:before{border-top-left-radius:0px;border-top-right-radius:0px;border-bottom-right-radius:0px;border-bottom-left-radius:0px;}.kadence-column35056_7f84b1-49 > .kt-inside-inner-col{column-gap:var(--global-kb-gap-sm, 1rem);}.kadence-column35056_7f84b1-49 > .kt-inside-inner-col{flex-direction:column;}.kadence-column35056_7f84b1-49 > .kt-inside-inner-col > .aligncenter{width:100%;}.kadence-column35056_7f84b1-49 > .kt-inside-inner-col:before{opacity:0.3;}.kadence-column35056_7f84b1-49{position:relative;}.kadence-column35056_7f84b1-49, .kt-inside-inner-col > .kadence-column35056_7f84b1-49:not(.specificity){margin-top:-10px;margin-right:10px;margin-bottom:10px;margin-left:10px;}@media all and (max-width: 1024px){.kadence-column35056_7f84b1-49 > .kt-inside-inner-col{border-top:1px solid var(--contrast);border-right:1px solid var(--contrast);border-bottom:1px solid var(--contrast);border-left:1px solid var(--contrast);flex-direction:column;justify-content:center;}}@media all and (max-width: 767px){.kadence-column35056_7f84b1-49 > .kt-inside-inner-col{border-top:1px solid var(--contrast);border-right:1px solid var(--contrast);border-bottom:1px solid var(--contrast);border-left:1px solid var(--contrast);flex-direction:column;justify-content:center;}.kadence-column35056_7f84b1-49, .kt-inside-inner-col > .kadence-column35056_7f84b1-49:not(.specificity){margin-right:5px;margin-left:5px;}}<\/style>\n<div class=\"wp-block-kadence-column kadence-column35056_7f84b1-49\"><div class=\"kt-inside-inner-col\"><style>.kadence-column35056_44a0bc-fb > .kt-inside-inner-col{display:flex;}.kadence-column35056_44a0bc-fb > .kt-inside-inner-col{border-top:10px solid transparent;border-right:10px solid transparent;border-bottom:10px solid transparent;border-left:10px solid transparent;}.kadence-column35056_44a0bc-fb > .kt-inside-inner-col,.kadence-column35056_44a0bc-fb > .kt-inside-inner-col:before{border-top-left-radius:0px;border-top-right-radius:0px;border-bottom-right-radius:0px;border-bottom-left-radius:0px;}.kadence-column35056_44a0bc-fb > .kt-inside-inner-col{row-gap:13px;column-gap:13px;}.kadence-column35056_44a0bc-fb > .kt-inside-inner-col{flex-direction:row;flex-wrap:wrap;align-items:center;}.kadence-column35056_44a0bc-fb > .kt-inside-inner-col > *, .kadence-column35056_44a0bc-fb > .kt-inside-inner-col > figure.wp-block-image, .kadence-column35056_44a0bc-fb > .kt-inside-inner-col > figure.wp-block-kadence-image{margin-top:0px;margin-bottom:0px;}.kadence-column35056_44a0bc-fb > .kt-inside-inner-col > .kb-image-is-ratio-size{flex-grow:1;}.kadence-column35056_44a0bc-fb > .kt-inside-inner-col:before{opacity:0.3;}.kadence-column35056_44a0bc-fb{position:relative;}.kadence-column35056_44a0bc-fb, .kt-inside-inner-col > .kadence-column35056_44a0bc-fb:not(.specificity){margin-top:-25px;}@media all and (max-width: 1024px){.kadence-column35056_44a0bc-fb > .kt-inside-inner-col{border-top:10px solid transparent;border-right:10px solid transparent;border-bottom:10px solid transparent;border-left:10px solid transparent;flex-direction:row;flex-wrap:wrap;align-items:center;}}@media all and (min-width: 768px) and (max-width: 1024px){.kadence-column35056_44a0bc-fb > .kt-inside-inner-col > *, .kadence-column35056_44a0bc-fb > .kt-inside-inner-col > figure.wp-block-image, .kadence-column35056_44a0bc-fb > .kt-inside-inner-col > figure.wp-block-kadence-image{margin-top:0px;margin-bottom:0px;}.kadence-column35056_44a0bc-fb > .kt-inside-inner-col > .kb-image-is-ratio-size{flex-grow:1;}}@media all and (max-width: 767px){.kadence-column35056_44a0bc-fb > .kt-inside-inner-col{border-top:10px solid transparent;border-right:10px solid transparent;border-bottom:10px solid transparent;border-left:10px solid transparent;flex-direction:row;flex-wrap:wrap;justify-content:flex-start;}.kadence-column35056_44a0bc-fb > .kt-inside-inner-col > *, .kadence-column35056_44a0bc-fb > .kt-inside-inner-col > figure.wp-block-image, .kadence-column35056_44a0bc-fb > .kt-inside-inner-col > figure.wp-block-kadence-image{margin-top:0px;margin-bottom:0px;}.kadence-column35056_44a0bc-fb > .kt-inside-inner-col > .kb-image-is-ratio-size{flex-grow:1;}}<\/style>\n<div class=\"wp-block-kadence-column kadence-column35056_44a0bc-fb kb-section-dir-horizontal\"><div class=\"kt-inside-inner-col\"><style>.wp-block-kadence-advancedheading.kt-adv-heading35056_e68275-cd, .wp-block-kadence-advancedheading.kt-adv-heading35056_e68275-cd[data-kb-block=\"kb-adv-heading35056_e68275-cd\"]{display:block;text-align:center;line-height:1.2;font-style:normal;font-family:Arial, Helvetica, sans-serif;text-transform:uppercase;letter-spacing:1.2px;border-top:5px solid transparent;border-right:10px solid transparent;border-bottom:5px solid transparent;border-left:10px solid transparent;border-top-left-radius:0px;border-top-right-radius:0px;border-bottom-right-radius:0px;border-bottom-left-radius:0px;}.wp-block-kadence-advancedheading.kt-adv-heading35056_e68275-cd mark.kt-highlight, .wp-block-kadence-advancedheading.kt-adv-heading35056_e68275-cd[data-kb-block=\"kb-adv-heading35056_e68275-cd\"] mark.kt-highlight{font-style:normal;color:#f76a0c;-webkit-box-decoration-break:clone;box-decoration-break:clone;padding-top:0px;padding-right:0px;padding-bottom:0px;padding-left:0px;}.wp-block-kadence-advancedheading.kt-adv-heading35056_e68275-cd img.kb-inline-image, .wp-block-kadence-advancedheading.kt-adv-heading35056_e68275-cd[data-kb-block=\"kb-adv-heading35056_e68275-cd\"] img.kb-inline-image{width:150px;vertical-align:baseline;}@media all and (max-width: 1024px){.wp-block-kadence-advancedheading.kt-adv-heading35056_e68275-cd, .wp-block-kadence-advancedheading.kt-adv-heading35056_e68275-cd[data-kb-block=\"kb-adv-heading35056_e68275-cd\"]{border-top:5px solid transparent;border-right:10px solid transparent;border-bottom:5px solid transparent;border-left:10px solid transparent;}}@media all and (max-width: 767px){.wp-block-kadence-advancedheading.kt-adv-heading35056_e68275-cd, .wp-block-kadence-advancedheading.kt-adv-heading35056_e68275-cd[data-kb-block=\"kb-adv-heading35056_e68275-cd\"]{font-size:0.95em;border-top:5px solid transparent;border-right:10px solid transparent;border-bottom:5px solid transparent;border-left:10px solid transparent;}}<\/style>\n<span class=\"kt-adv-heading35056_e68275-cd wp-block-kadence-advancedheading has-base-3-color has-text-color has-contrast-background-color has-background\" data-kb-block=\"kb-adv-heading35056_e68275-cd\">Antes de viajar, ahorra con\u2026<\/span>\n<\/div><\/div>\n\n\n<style>.kb-row-layout-wrap.wp-block-kadence-rowlayout.kb-row-layout-id35056_7fdabc-ce{margin-bottom:0px;}.kb-row-layout-id35056_7fdabc-ce > .kt-row-column-wrap{align-content:start;}:where(.kb-row-layout-id35056_7fdabc-ce > .kt-row-column-wrap) > .wp-block-kadence-column{justify-content:start;}.kb-row-layout-id35056_7fdabc-ce > .kt-row-column-wrap{column-gap:var(--global-kb-gap-sm, 1rem);row-gap:var(--global-kb-gap-sm, 1rem);padding-top:10px;padding-right:12px;padding-bottom:10px;padding-left:12px;grid-template-columns:minmax(0, 1fr);}.kb-row-layout-id35056_7fdabc-ce > .kt-row-layout-overlay{opacity:0.30;}@media all and (max-width: 1024px){.kb-row-layout-id35056_7fdabc-ce > .kt-row-column-wrap{grid-template-columns:minmax(0, 1fr);}}@media all and (max-width: 767px){.kb-row-layout-id35056_7fdabc-ce > .kt-row-column-wrap{grid-template-columns:minmax(0, 1fr);}}<\/style><div class=\"kb-row-layout-wrap kb-row-layout-id35056_7fdabc-ce alignnone wp-block-kadence-rowlayout\"><div class=\"kt-row-column-wrap kt-has-1-columns kt-row-layout-equal kt-tab-layout-inherit kt-mobile-layout-row kt-row-valign-top\">\n<style>.kadence-column35056_4de3d6-41 > .kt-inside-inner-col,.kadence-column35056_4de3d6-41 > .kt-inside-inner-col:before{border-top-left-radius:0px;border-top-right-radius:0px;border-bottom-right-radius:0px;border-bottom-left-radius:0px;}.kadence-column35056_4de3d6-41 > .kt-inside-inner-col{column-gap:var(--global-kb-gap-sm, 1rem);}.kadence-column35056_4de3d6-41 > .kt-inside-inner-col{flex-direction:column;}.kadence-column35056_4de3d6-41 > .kt-inside-inner-col > .aligncenter{width:100%;}.kadence-column35056_4de3d6-41 > .kt-inside-inner-col:before{opacity:0.3;}.kadence-column35056_4de3d6-41{text-align:left;}.kadence-column35056_4de3d6-41{position:relative;}@media all and (max-width: 1024px){.kadence-column35056_4de3d6-41 > .kt-inside-inner-col{flex-direction:column;justify-content:center;}}@media all and (max-width: 767px){.kadence-column35056_4de3d6-41 > .kt-inside-inner-col{flex-direction:column;justify-content:center;}}<\/style>\n<div class=\"wp-block-kadence-column kadence-column35056_4de3d6-41\"><div class=\"kt-inside-inner-col\">\n<p>\ud83d\udcf6 <strong><a class=\"thirstylink\" rel=\"nofollow\" target=\"_blank\" title=\"eSim Holafly\" href=\"https:\/\/viajerosactivos.com\/en\/recomendado\/esim\/\" data-shortcode=\"true\">eSIM<\/a><\/strong> para tener internet al aterrizar &#8211; 5% descuento<br>\ud83c\udfe8 <a class=\"thirstylink\" rel=\"nofollow\" target=\"_blank\" title=\"alojamiento descuento\" href=\"https:\/\/viajerosactivos.com\/en\/recomendado\/alojamiento-descuento\/\" data-shortcode=\"true\"><strong>Alojamiento<\/strong> <\/a>con buenas ofertas<br>\ud83d\udee1\ufe0f <strong><a class=\"thirstylink\" rel=\"nofollow\" target=\"_blank\" title=\"Seguro de viaje\" href=\"https:\/\/viajerosactivos.com\/en\/recomendado\/seguro-de-viaje\/\" data-shortcode=\"true\">Seguro de viaje <\/a><\/strong>con hasta 15% descuento<br>\ud83d\ude97 <strong><a class=\"thirstylink\" rel=\"nofollow\" target=\"_blank\" title=\"Alquilar coche\" href=\"https:\/\/viajerosactivos.com\/en\/recomendado\/alquilar-coche\/\" data-shortcode=\"true\">Coche de alquiler<\/a> <\/strong>al mejor precio<\/p>\n<\/div><\/div>\n\n<\/div><\/div><\/div><\/div>\n\n<\/div><\/div>\n\n\n<div id=\"ez-toc-container\" class=\"ez-toc-v2_0_82_2 counter-hierarchy ez-toc-counter ez-toc-black ez-toc-container-direction\">\n<div class=\"ez-toc-title-container\">\n<p class=\"ez-toc-title\" style=\"cursor:inherit\">Indice de Contenido<\/p>\n<span class=\"ez-toc-title-toggle\"><a href=\"#\" class=\"ez-toc-pull-right ez-toc-btn ez-toc-btn-xs ez-toc-btn-default ez-toc-toggle\" aria-label=\"Toggle Table of Content\"><span class=\"ez-toc-js-icon-con\"><span class=\"\"><span class=\"eztoc-hide\" style=\"display:none;\">Toggle<\/span><span class=\"ez-toc-icon-toggle-span\"><svg style=\"fill: #999;color:#999\" xmlns=\"http:\/\/www.w3.org\/2000\/svg\" class=\"list-377408\" width=\"20px\" height=\"20px\" viewBox=\"0 0 24 24\" fill=\"none\"><path d=\"M6 6H4v2h2V6zm14 0H8v2h12V6zM4 11h2v2H4v-2zm16 0H8v2h12v-2zM4 16h2v2H4v-2zm16 0H8v2h12v-2z\" fill=\"currentColor\"><\/path><\/svg><svg style=\"fill: #999;color:#999\" class=\"arrow-unsorted-368013\" xmlns=\"http:\/\/www.w3.org\/2000\/svg\" width=\"10px\" height=\"10px\" viewBox=\"0 0 24 24\" version=\"1.2\" baseProfile=\"tiny\"><path d=\"M18.2 9.3l-6.2-6.3-6.2 6.3c-.2.2-.3.4-.3.7s.1.5.3.7c.2.2.4.3.7.3h11c.3 0 .5-.1.7-.3.2-.2.3-.5.3-.7s-.1-.5-.3-.7zM5.8 14.7l6.2 6.3 6.2-6.3c.2-.2.3-.5.3-.7s-.1-.5-.3-.7c-.2-.2-.4-.3-.7-.3h-11c-.3 0-.5.1-.7.3-.2.2-.3.5-.3.7s.1.5.3.7z\"\/><\/svg><\/span><\/span><\/span><\/a><\/span><\/div>\n<nav><ul class='ez-toc-list ez-toc-list-level-1 ' ><li class='ez-toc-page-1 ez-toc-heading-level-2'><a class=\"ez-toc-link ez-toc-heading-1\" href=\"https:\/\/viajerosactivos.com\/en\/viajes-organizadoa-grecia\/#Mejores_Viajes_Organizados_a_Grecia\" >Mejores Viajes Organizados a Grecia<\/a><ul class='ez-toc-list-level-3' ><li class='ez-toc-heading-level-3'><a class=\"ez-toc-link ez-toc-heading-2\" href=\"https:\/\/viajerosactivos.com\/en\/viajes-organizadoa-grecia\/#1_Grecia_clasica_4_dias\" >1. Grecia cl\u00e1sica: 4 d\u00edas<\/a><\/li><li class='ez-toc-page-1 ez-toc-heading-level-3'><a class=\"ez-toc-link ez-toc-heading-3\" href=\"https:\/\/viajerosactivos.com\/en\/viajes-organizadoa-grecia\/#2_Atenas_Santorini_y_Mykonos_7_dias\" >2. Atenas, Santorini y Mykonos: 7 d\u00edas<\/a><\/li><li class='ez-toc-page-1 ez-toc-heading-level-3'><a class=\"ez-toc-link ez-toc-heading-4\" href=\"https:\/\/viajerosactivos.com\/en\/viajes-organizadoa-grecia\/#3_Atenas_Santorini_y_Mykonos_10_dias\" >3. Atenas, Santorini y Mykonos: 10 d\u00edas<\/a><\/li><li class='ez-toc-page-1 ez-toc-heading-level-3'><a class=\"ez-toc-link ez-toc-heading-5\" href=\"https:\/\/viajerosactivos.com\/en\/viajes-organizadoa-grecia\/#4_Islas_Cicladas_en_velero_10_dias\" >4. Islas C\u00edcladas en velero: 10 d\u00edas<\/a><\/li><\/ul><\/li><li class='ez-toc-page-1 ez-toc-heading-level-2'><a class=\"ez-toc-link ez-toc-heading-6\" href=\"https:\/\/viajerosactivos.com\/en\/viajes-organizadoa-grecia\/#Tabla_comparativa\" >Tabla comparativa<\/a><\/li><li class='ez-toc-page-1 ez-toc-heading-level-2'><a class=\"ez-toc-link ez-toc-heading-7\" href=\"https:\/\/viajerosactivos.com\/en\/viajes-organizadoa-grecia\/#Consejos_de_eleccion\" >Consejos de elecci\u00f3n<\/a><\/li><li class='ez-toc-page-1 ez-toc-heading-level-2'><a class=\"ez-toc-link ez-toc-heading-8\" href=\"https:\/\/viajerosactivos.com\/en\/viajes-organizadoa-grecia\/#Preguntas_frecuentes\" >Preguntas frecuentes<\/a><\/li><li class='ez-toc-page-1 ez-toc-heading-level-2'><a class=\"ez-toc-link ez-toc-heading-9\" href=\"https:\/\/viajerosactivos.com\/en\/viajes-organizadoa-grecia\/#Pensamientos_finales\" >Pensamientos finales<\/a><\/li><\/ul><\/nav><\/div>\n<h2 class=\"wp-block-heading\"><span class=\"ez-toc-section\" id=\"Mejores_Viajes_Organizados_a_Grecia\"><\/span>Mejores Viajes Organizados a Grecia<span class=\"ez-toc-section-end\"><\/span><\/h2>\n\n\n\n<h3 class=\"wp-block-heading\" id=\"1.-Grecia-cl\u00e1sica:-4-d\u00edas\"><span class=\"ez-toc-section\" id=\"1_Grecia_clasica_4_dias\"><\/span>1. Grecia cl\u00e1sica: 4 d\u00edas<span class=\"ez-toc-section-end\"><\/span><\/h3>\n\n\n\n<p>Este es uno de los mejores viajes organizados por Grecia para conocer la parte continental, donde se concentra gran parte de su historia y sus paisajes m\u00e1s ic\u00f3nicos.<\/p>\n\n\n\n<p>Este circuito es perfecto para hacerlo en primavera, oto\u00f1o e incluso si viajas en invierno, cuando las islas no son buena opci\u00f3n. Eso s\u00ed, no te lo recomiendo en pleno verano, a menos que disfrutes del calor intenso.<\/p>\n\n\n<div class=\"wp-block-image\">\n<figure class=\"aligncenter size-full\"><img loading=\"lazy\" decoding=\"async\" width=\"900\" height=\"350\" src=\"https:\/\/viajerosactivos.com\/wp-content\/uploads\/2023\/07\/meteora-desde-atenas.jpg\" alt=\"viaje organizado a grecia\ncon meteora\" class=\"wp-image-16509\" srcset=\"https:\/\/viajerosactivos.com\/wp-content\/uploads\/2023\/07\/meteora-desde-atenas.jpg 900w, https:\/\/viajerosactivos.com\/wp-content\/uploads\/2023\/07\/meteora-desde-atenas-300x117.jpg 300w, https:\/\/viajerosactivos.com\/wp-content\/uploads\/2023\/07\/meteora-desde-atenas-768x299.jpg 768w\" sizes=\"auto, (max-width: 900px) 100vw, 900px\" \/><figcaption class=\"wp-element-caption\">Meteora<\/figcaption><\/figure>\n<\/div>\n\n\n<h4 class=\"wp-block-heading\">\u2714\ufe0f Visitas incluidas<\/h4>\n\n\n\n<ul class=\"wp-block-list\">\n<li><strong>Peloponeso<\/strong>: Canal de Corinto, Epidauro, Micenas y Olimpia.<\/li>\n\n\n\n<li><strong>Delfos:<\/strong> uno de los sitios arqueol\u00f3gicos m\u00e1s importantes de Europa.<\/li>\n\n\n\n<li><strong>Meteora:<\/strong> monasterios suspendidos sobre rocas, <strong><a href=\"https:\/\/whc.unesco.org\/es\/list\/455\" rel=\"noopener\">Patrimonio de la<\/a><a href=\"https:\/\/whc.unesco.org\/es\/list\/455\" target=\"_blank\" rel=\"noreferrer noopener\"> <\/a><a href=\"https:\/\/whc.unesco.org\/es\/list\/455\" rel=\"noopener\">UNESCO<\/a><\/strong>.<\/li>\n<\/ul>\n\n\n\n<iframe loading=\"lazy\" src=\"https:\/\/www.google.com\/maps\/d\/embed?mid=172rW47fFep-FrxZS7OEslStS_j31F5w&#038;hl=es&#038;ehbc=2E312F\" width=\"900\" height=\"500\"><\/iframe>\n\n\n\n<h4 class=\"wp-block-heading\">\ud83d\udcb2 Precio<\/h4>\n\n\n\n<p>Este <strong><a class=\"thirstylink\" rel=\"nofollow\" target=\"_blank\" title=\"Grecia todo incluido 4 d\u00edas\" href=\"https:\/\/viajerosactivos.com\/en\/recomendado\/grecia-todo-incluido-4-dias\/\" data-shortcode=\"true\">viaje a Grecia de 4 d\u00edas cuesta desde 640 euros<\/a><\/strong> (actualizado en octubre 2025).<\/p>\n\n\n\n<p>Si viajas en familia, los menores de 4 a\u00f1os viajan gratis y los ni\u00f1os entre 4 y 12 a\u00f1os pagan 320 euros.<\/p>\n\n\n<div class=\"wp-block-image\">\n<figure class=\"aligncenter size-full\"><img loading=\"lazy\" decoding=\"async\" width=\"700\" height=\"700\" src=\"https:\/\/viajerosactivos.com\/wp-content\/uploads\/2024\/03\/acropolis-atenas.jpg\" alt=\"circuito por grecia\n\" class=\"wp-image-25523\" srcset=\"https:\/\/viajerosactivos.com\/wp-content\/uploads\/2024\/03\/acropolis-atenas.jpg 700w, https:\/\/viajerosactivos.com\/wp-content\/uploads\/2024\/03\/acropolis-atenas-300x300.jpg 300w, https:\/\/viajerosactivos.com\/wp-content\/uploads\/2024\/03\/acropolis-atenas-640x640.jpg 640w, https:\/\/viajerosactivos.com\/wp-content\/uploads\/2024\/03\/acropolis-atenas-150x150.jpg 150w, https:\/\/viajerosactivos.com\/wp-content\/uploads\/2024\/03\/acropolis-atenas-12x12.jpg 12w\" sizes=\"auto, (max-width: 700px) 100vw, 700px\" \/><figcaption class=\"wp-element-caption\">Acr\u00f3polis de Atenas<\/figcaption><\/figure>\n<\/div>\n\n\n<h4 class=\"wp-block-heading\">\ud83d\udd39 Incluye<\/h4>\n\n\n\n<ul class=\"wp-block-list\">\n<li>Recogida y regreso al hotel en Atenas<\/li>\n\n\n\n<li>Transporte en autob\u00fas de lujo<\/li>\n\n\n\n<li>Alojamiento con media pensi\u00f3n tipo buf\u00e9 (desayunos y cenas)<\/li>\n\n\n\n<li>Gu\u00eda en espa\u00f1ol<\/li>\n\n\n\n<li>Entradas a los lugares visitados<\/li>\n\n\n\n<li>Hasta dos maletas por persona<\/li>\n<\/ul>\n\n\n\n<p class=\"caja-linea\">El recorrido se hace completamente en autob\u00fas, pero est\u00e1 muy bien organizado y con paradas frecuentes, as\u00ed que no se hace pesado. Adem\u00e1s, los veh\u00edculos son c\u00f3modos y climatizados.<\/p>\n\n\n\n<h4 class=\"wp-block-heading\">\ud83d\udd38 No incluye<\/h4>\n\n\n\n<ul class=\"wp-block-list\">\n<li>Vuelos internacionales desde y hacia Atenas<\/li>\n\n\n\n<li>Almuerzos<\/li>\n\n\n\n<li>Entradas para ni\u00f1os no comunitarios entre 4 y 12 a\u00f1os<\/li>\n<\/ul>\n\n\n\n<p>\ud83d\udc49 Mira las fechas disponibles y reserva aqu\u00ed este <strong><a class=\"thirstylink\" rel=\"nofollow\" target=\"_blank\" title=\"Grecia todo incluido 4 d\u00edas\" href=\"https:\/\/viajerosactivos.com\/en\/recomendado\/grecia-todo-incluido-4-dias\/\" data-shortcode=\"true\">tour a Grecia de 4 d\u00edas<\/a><\/strong>.<\/p>\n\n\n\n<div style=\"height:10px\" aria-hidden=\"true\" class=\"wp-block-spacer\"><\/div>\n\n\n\n\n\n<div style=\"height:10px\" aria-hidden=\"true\" class=\"wp-block-spacer\"><\/div>\n\n\n\n<h3 class=\"wp-block-heading\" id=\"2.-Atenas,-Santorini-y-Mykonos:-7-d\u00edas\"><span class=\"ez-toc-section\" id=\"2_Atenas_Santorini_y_Mykonos_7_dias\"><\/span>2. Atenas, Santorini y Mykonos: 7 d\u00edas<span class=\"ez-toc-section-end\"><\/span><\/h3>\n\n\n\n<p>Este es uno de los viajes organizados por Grecia m\u00e1s populares y a buen precio. En una semana podr\u00e1s conocer sus lugares m\u00e1s ic\u00f3nicos: Atenas, Santorini y Mykonos.<\/p>\n\n\n\n<p>Lo mejor de este viaje es que te incluye alojamiento, transportes y desayunos, pero te deja libertad para moverte a tu ritmo. Ideal si prefieres organizar tus visitas por tu cuenta sin preocuparte por los traslados ni las reservas de ferris. Adem\u00e1s, es muy econ\u00f3mico.<\/p>\n\n\n\n<h4 class=\"wp-block-heading\">\u2714\ufe0f Paradas incluidas<\/h4>\n\n\n\n<ul class=\"wp-block-list\">\n<li><strong>Atenas<\/strong>: la capital griega es parada obligatoria para visitar la Acr\u00f3polis, pasear por el encantador barrio de Plaka y curiosear en sus mercados.<\/li>\n\n\n\n<li><strong>Santorini<\/strong>: la isla volc\u00e1nica m\u00e1s famosa de Grecia, con atardeceres de pel\u00edcula y pueblos blancos que parecen flotar sobre el mar.<\/li>\n\n\n\n<li><strong>Mykonos<\/strong>: famosa por su vida nocturna y sus playas de arena dorada, aunque tambi\u00e9n tiene rincones tranquilos si buscas relajarte.<\/li>\n<\/ul>\n\n\n\n<iframe loading=\"lazy\" src=\"https:\/\/www.google.com\/maps\/d\/embed?mid=14R-6AXwlq5ZwcXRks9Vp5ym-Y3sxC8M&#038;hl=es&#038;ehbc=2E312F\" width=\"900\" height=\"500\"><\/iframe>\n\n\n<div class=\"wp-block-image\">\n<figure class=\"aligncenter size-full\"><img loading=\"lazy\" decoding=\"async\" width=\"750\" height=\"500\" src=\"https:\/\/viajerosactivos.com\/wp-content\/uploads\/2023\/07\/mykonos-islas-cicladas.jpg\" alt=\"viaje a grecia 7 dias\n\" class=\"wp-image-16511\" srcset=\"https:\/\/viajerosactivos.com\/wp-content\/uploads\/2023\/07\/mykonos-islas-cicladas.jpg 750w, https:\/\/viajerosactivos.com\/wp-content\/uploads\/2023\/07\/mykonos-islas-cicladas-300x200.jpg 300w\" sizes=\"auto, (max-width: 750px) 100vw, 750px\" \/><figcaption class=\"wp-element-caption\">Mykonos<\/figcaption><\/figure>\n<\/div>\n\n\n<h4 class=\"wp-block-heading\">\ud83d\udcb2 Precio<\/h4>\n\n\n\n<p>Este <strong><a class=\"thirstylink\" rel=\"nofollow\" target=\"_blank\" title=\"Viaje Atenas, Santorini y Mykonos 7 dias\" href=\"https:\/\/viajerosactivos.com\/en\/recomendado\/viaje-atenas-santorini-y-mykonos-7-dias\/\" data-shortcode=\"true\">tour por las islas griegas cuesta desde 792 euros<\/a><\/strong> (actualizado en octubre 2025).<\/p>\n\n\n\n<p class=\"caja-linea\">Ten en cuenta que no se realiza en invierno, ya que muchas conexiones entre islas se reducen y el clima no acompa\u00f1a (fr\u00edo, viento y lluvias).<\/p>\n\n\n\n<h4 class=\"wp-block-heading\">\ud83d\udd39 Incluye<\/h4>\n\n\n\n<ul class=\"wp-block-list\">\n<li>Recogida en el hotel de Atenas<\/li>\n\n\n\n<li>Todos los trayectos en ferri<\/li>\n\n\n\n<li>Traslados entre puertos y hoteles<\/li>\n\n\n\n<li>Alojamiento con desayunos<\/li>\n\n\n\n<li>Tarjeta eSIM con 1 GB gratis <\/li>\n<\/ul>\n\n\n<div class=\"wp-block-image\">\n<figure class=\"aligncenter size-full\"><img loading=\"lazy\" decoding=\"async\" width=\"750\" height=\"500\" src=\"https:\/\/viajerosactivos.com\/wp-content\/uploads\/2023\/06\/santorini-islas-griegas.jpg\" alt=\"tour islas griegas\n\" class=\"wp-image-15100\" srcset=\"https:\/\/viajerosactivos.com\/wp-content\/uploads\/2023\/06\/santorini-islas-griegas.jpg 750w, https:\/\/viajerosactivos.com\/wp-content\/uploads\/2023\/06\/santorini-islas-griegas-300x200.jpg 300w\" sizes=\"auto, (max-width: 750px) 100vw, 750px\" \/><figcaption class=\"wp-element-caption\">Santorini<\/figcaption><\/figure>\n<\/div>\n\n\n<h4 class=\"wp-block-heading\">\ud83d\udd38 No incluye<\/h4>\n\n\n\n<ul class=\"wp-block-list\">\n<li>Vuelos internacionales hasta y desde Atenas<\/li>\n\n\n\n<li>Almuerzos y cenas<\/li>\n\n\n\n<li>Visitas o gu\u00eda<\/li>\n<\/ul>\n\n\n\n<p>\ud83d\udc49 Consultar aqu\u00ed la disponibilidad y reservar aqu\u00ed este <strong><a class=\"thirstylink\" rel=\"nofollow\" target=\"_blank\" title=\"Viaje Atenas, Santorini y Mykonos 7 dias\" href=\"https:\/\/viajerosactivos.com\/en\/recomendado\/viaje-atenas-santorini-y-mykonos-7-dias\/\" data-shortcode=\"true\">viaje a Grecia de 7 d\u00edas<\/a><\/strong>.<\/p>\n\n\n\n<div style=\"height:10px\" aria-hidden=\"true\" class=\"wp-block-spacer\"><\/div>\n\n\n\n<h3 class=\"wp-block-heading\" id=\"3.-Atenas,-Santorini-y-Mykonos:-10-d\u00edas\"><span class=\"ez-toc-section\" id=\"3_Atenas_Santorini_y_Mykonos_10_dias\"><\/span>3. Atenas, Santorini y Mykonos: 10 d\u00edas<span class=\"ez-toc-section-end\"><\/span><\/h3>\n\n\n\n<p>Si buscas un viaje m\u00e1s completo y sin preocuparte por nada, este circuito de 10 d\u00edas por Grecia es perfecto. Incluye visitas guiadas en espa\u00f1ol, traslados, ferris y alojamiento en hoteles de 4 estrellas.<\/p>\n\n\n\n<p>Es ideal si es tu primera vez en Grecia o si quieres recorrer los lugares m\u00e1s emblem\u00e1ticos sin organizar nada por tu cuenta.<\/p>\n\n\n<div class=\"wp-block-image\">\n<figure class=\"aligncenter size-full\"><img loading=\"lazy\" decoding=\"async\" width=\"750\" height=\"563\" src=\"https:\/\/viajerosactivos.com\/wp-content\/uploads\/2024\/04\/odeon-atenas.jpg\" alt=\"viaje organizado por grecia\n\" class=\"wp-image-25887\" srcset=\"https:\/\/viajerosactivos.com\/wp-content\/uploads\/2024\/04\/odeon-atenas.jpg 750w, https:\/\/viajerosactivos.com\/wp-content\/uploads\/2024\/04\/odeon-atenas-300x225.jpg 300w, https:\/\/viajerosactivos.com\/wp-content\/uploads\/2024\/04\/odeon-atenas-16x12.jpg 16w\" sizes=\"auto, (max-width: 750px) 100vw, 750px\" \/><figcaption class=\"wp-element-caption\">Odeon &#8211; Atenas<\/figcaption><\/figure>\n<\/div>\n\n\n<h4 class=\"wp-block-heading\">\u2714\ufe0f Visitas incluidas<\/h4>\n\n\n\n<ul class=\"wp-block-list\">\n<li><strong>Atenas<\/strong>: recorrido guiado por la Acr\u00f3polis y los principales monumentos de la ciudad.<\/li>\n\n\n\n<li><strong>Mykonos<\/strong>: tour por sus playas m\u00e1s bonitas, el monasterio de Ano Mera y un mirador con vistas espectaculares.<\/li>\n\n\n\n<li><strong>Santorini<\/strong>: visita a un monasterio, al yacimiento arqueol\u00f3gico de Akrotiri, a una bodega tradicional y almuerzo tipo \u201cmeze\u201d.<\/li>\n<\/ul>\n\n\n\n<iframe loading=\"lazy\" src=\"https:\/\/www.google.com\/maps\/d\/embed?mid=14R-6AXwlq5ZwcXRks9Vp5ym-Y3sxC8M&#038;hl=es&#038;ehbc=2E312F\" width=\"900\" height=\"500\"><\/iframe>\n\n\n\n<h4 class=\"wp-block-heading\">\ud83d\udcb2 Precio<\/h4>\n\n\n\n<p>El precio de este <strong><a class=\"thirstylink\" rel=\"nofollow\" target=\"_blank\" title=\"Atenas, Santorini y Mykonos con visitas guiadas\" href=\"https:\/\/viajerosactivos.com\/en\/recomendado\/atenas-santorini-y-mykonos-con-visitas-guiadas\/\" data-shortcode=\"true\">viaje organizado por Grecia empieza en los 2.237 euros<\/a><\/strong> (actualizado en octubre 2025).<\/p>\n\n\n\n<h4 class=\"wp-block-heading\">\ud83d\udd39 Incluye<\/h4>\n\n\n\n<ul class=\"wp-block-list\">\n<li>Traslados desde y hacia el aeropuerto de Atenas<\/li>\n\n\n\n<li>Traslados entre hoteles y puertos<\/li>\n\n\n\n<li>Todos los ferris<\/li>\n\n\n\n<li>Alojamiento con desayuno en Atenas, Santorini y Mykonos<\/li>\n\n\n\n<li>Visitas guiadas en espa\u00f1ol en los tres destinos<\/li>\n<\/ul>\n\n\n<div class=\"wp-block-image\">\n<figure class=\"aligncenter size-full\"><img loading=\"lazy\" decoding=\"async\" width=\"750\" height=\"563\" src=\"https:\/\/viajerosactivos.com\/wp-content\/uploads\/2023\/12\/santorini-cuando-viajar-a-las-islas-griegas2.jpg\" alt=\"tour por las islas griegas\n\" class=\"wp-image-22824\" srcset=\"https:\/\/viajerosactivos.com\/wp-content\/uploads\/2023\/12\/santorini-cuando-viajar-a-las-islas-griegas2.jpg 750w, https:\/\/viajerosactivos.com\/wp-content\/uploads\/2023\/12\/santorini-cuando-viajar-a-las-islas-griegas2-300x225.jpg 300w\" sizes=\"auto, (max-width: 750px) 100vw, 750px\" \/><figcaption class=\"wp-element-caption\">Santorini<\/figcaption><\/figure>\n<\/div>\n\n\n<h4 class=\"wp-block-heading\">\ud83d\udd38 No incluye<\/h4>\n\n\n\n<ul class=\"wp-block-list\">\n<li>Vuelos internacionales hasta y desde Atenas<\/li>\n\n\n\n<li>Almuerzos y cenas<\/li>\n<\/ul>\n\n\n\n<p>\ud83d\udc49 En este enlace puedes ver las fechas disponibles y reservar este <strong><a class=\"thirstylink\" rel=\"nofollow\" target=\"_blank\" title=\"Atenas, Santorini y Mykonos con visitas guiadas\" href=\"https:\/\/viajerosactivos.com\/en\/recomendado\/atenas-santorini-y-mykonos-con-visitas-guiadas\/\" data-shortcode=\"true\">circuito de Grecia de 10 d\u00edas<\/a><\/strong>.<\/p>\n\n\n\n<div style=\"height:10px\" aria-hidden=\"true\" class=\"wp-block-spacer\"><\/div>\n\n\n\n\n\n<div style=\"height:10px\" aria-hidden=\"true\" class=\"wp-block-spacer\"><\/div>\n\n\n\n<h3 class=\"wp-block-heading\" id=\"4.-Islas-C\u00edcladas-en-velero:-10-d\u00edas\"><span class=\"ez-toc-section\" id=\"4_Islas_Cicladas_en_velero_10_dias\"><\/span>4. Islas C\u00edcladas en velero: 10 d\u00edas<span class=\"ez-toc-section-end\"><\/span><\/h3>\n\n\n\n<p>Si te gusta la aventura y sue\u00f1as con recorrer las islas griegas de una forma diferente, este viaje te va a encantar. Se trata de un tour en velero por algunas de las C\u00edcladas m\u00e1s bonitas, con salida y regreso en Santorini.<\/p>\n\n\n<div class=\"wp-block-image\">\n<figure class=\"aligncenter size-large\"><img loading=\"lazy\" decoding=\"async\" width=\"427\" height=\"640\" src=\"https:\/\/viajerosactivos.com\/wp-content\/uploads\/2023\/06\/velero-427x640.jpg\" alt=\"circuito grecia 10 d\u00edas\n\" class=\"wp-image-14896\" srcset=\"https:\/\/viajerosactivos.com\/wp-content\/uploads\/2023\/06\/velero-427x640.jpg 427w, https:\/\/viajerosactivos.com\/wp-content\/uploads\/2023\/06\/velero-200x300.jpg 200w, https:\/\/viajerosactivos.com\/wp-content\/uploads\/2023\/06\/velero.jpg 500w\" sizes=\"auto, (max-width: 427px) 100vw, 427px\" \/><\/figure>\n<\/div>\n\n\n<h4 class=\"wp-block-heading\">\u2714\ufe0f Islas incluidas<\/h4>\n\n\n\n<ul class=\"wp-block-list\">\n<li><strong>Santorini:<\/strong> impresionantes vistas y atardeceres.<\/li>\n\n\n\n<li><strong>Naxos:<\/strong> ruinas milenarias y paisajes monta\u00f1osos.<\/li>\n\n\n\n<li><strong>Amorgos:<\/strong> playas tranquilas y un singular monasterio en el acantilado.<\/li>\n\n\n\n<li><strong>Mykonos:<\/strong> ocio nocturno vibrante y playas paradis\u00edacas.<\/li>\n\n\n\n<li><strong>Otras islas:<\/strong> Ios, Siros, Sifnos, Folegandros y las Peque\u00f1as C\u00edcladas.<\/li>\n<\/ul>\n\n\n\n<iframe loading=\"lazy\" src=\"https:\/\/www.google.com\/maps\/d\/embed?mid=1C8pWe1DdxGhB63Yd5R29Jrp96k2uS0Q&#038;hl=es&#038;ehbc=2E312F\" width=\"900\" height=\"500\"><\/iframe>\n\n\n\n<h4 class=\"wp-block-heading\">\ud83d\udcb2 Precio<\/h4>\n\n\n\n<p>El precio de este <strong><a class=\"thirstylink\" rel=\"nofollow\" target=\"_blank\" title=\"Tour islas griegas velero 10 d\u00edas\" href=\"https:\/\/viajerosactivos.com\/en\/recomendado\/tour-islas-griegas-velero-10-dias\/\" data-shortcode=\"true\">tour por las islas griegas es a partir de los 2.130 euros<\/a><\/strong> (actualizado en octubre 2025).<\/p>\n\n\n<div class=\"wp-block-image\">\n<figure class=\"aligncenter size-large\"><img loading=\"lazy\" decoding=\"async\" width=\"640\" height=\"640\" src=\"https:\/\/viajerosactivos.com\/wp-content\/uploads\/2023\/07\/milos-viaje-organizado-grecia-640x640.jpg\" alt=\"viaje organizado a grecia\n\" class=\"wp-image-16510\" srcset=\"https:\/\/viajerosactivos.com\/wp-content\/uploads\/2023\/07\/milos-viaje-organizado-grecia-640x640.jpg 640w, https:\/\/viajerosactivos.com\/wp-content\/uploads\/2023\/07\/milos-viaje-organizado-grecia-300x300.jpg 300w, https:\/\/viajerosactivos.com\/wp-content\/uploads\/2023\/07\/milos-viaje-organizado-grecia-150x150.jpg 150w, https:\/\/viajerosactivos.com\/wp-content\/uploads\/2023\/07\/milos-viaje-organizado-grecia.jpg 750w\" sizes=\"auto, (max-width: 640px) 100vw, 640px\" \/><figcaption class=\"wp-element-caption\">Milos<\/figcaption><\/figure>\n<\/div>\n\n\n<h4 class=\"wp-block-heading\">\ud83d\udd39 Incluye<\/h4>\n\n\n\n<ul class=\"wp-block-list\">\n<li>Transporte entre islas en el propio barco<\/li>\n\n\n\n<li>Alojamiento en camarote<\/li>\n<\/ul>\n\n\n\n<h4 class=\"wp-block-heading\">\ud83d\udd38 No incluye<\/h4>\n\n\n\n<ul class=\"wp-block-list\">\n<li>Vuelos internacionales o nacionales<\/li>\n\n\n\n<li>Comidas<\/li>\n\n\n\n<li>Transporte en las islas<\/li>\n<\/ul>\n\n\n\n<h4 class=\"wp-block-heading\">\ud83d\udd39 Otros datos<\/h4>\n\n\n\n<ul class=\"wp-block-list\">\n<li>El punto de partida y regreso es Santorini. Puedes llegar en avi\u00f3n desde Atenas; hay vuelos diarios y en <strong><a class=\"thirstylink\" rel=\"nofollow\" target=\"_blank\" title=\"Buscador vuelos Atenas Santorini\" href=\"https:\/\/viajerosactivos.com\/en\/recomendado\/buscador-vuelos-atenas-santorini\/\" data-shortcode=\"true\">esta web<\/a><\/strong> puedes conseguir billetes a buen precio si reservas con tiempo.<\/li>\n\n\n\n<li>El velero tiene capacidad para 11 personas, por lo que la experiencia es m\u00e1s cercana y personalizada.<\/li>\n\n\n\n<li>Solo se organiza de mayo a septiembre, cuando el mar est\u00e1 m\u00e1s tranquilo.<\/li>\n\n\n\n<li>Como las plazas son limitadas, conviene reservar con antelaci\u00f3n.<\/li>\n\n\n\n<li>Es una experiencia diferente, solo te lo recomiendo si eres una persona curiosa e intr\u00e9pida que disfruta del mar y no necesita un itinerario r\u00edgido.<\/li>\n<\/ul>\n\n\n\n<p>\ud83d\udc49 Aqu\u00ed puedes ver las fechas disponibles y reservar este <strong><a class=\"thirstylink\" rel=\"nofollow\" target=\"_blank\" title=\"Tour islas griegas velero 10 d\u00edas\" href=\"https:\/\/viajerosactivos.com\/en\/recomendado\/tour-islas-griegas-velero-10-dias\/\" data-shortcode=\"true\">circuito por las islas griegas en velero de 10 d\u00edas.<\/a><\/strong><\/p>\n\n\n\n<div style=\"height:10px\" aria-hidden=\"true\" class=\"wp-block-spacer\"><\/div>\n\n\n\n<p class=\"caja-borde2\">\ud83d\udd1d Tambi\u00e9n te puede interesar este <strong><a class=\"thirstylink\" rel=\"nofollow\" target=\"_blank\" title=\"Turquia e islas griegas 15 dias\" href=\"https:\/\/viajerosactivos.com\/en\/recomendado\/turquia-e-islas-griegas-15-dias\/\" data-shortcode=\"true\">paquete de Grecia y Turqu\u00eda de 15 d\u00edas<\/a><\/strong>, con un recorrido por los sitios m\u00e1s bellos de Turqu\u00eda y las islas griegas.<\/p>\n\n\n\n<div style=\"height:10px\" aria-hidden=\"true\" class=\"wp-block-spacer\"><\/div>\n\n\n\n<h2 class=\"wp-block-heading\"><span class=\"ez-toc-section\" id=\"Tabla_comparativa\"><\/span>Tabla comparativa<span class=\"ez-toc-section-end\"><\/span><\/h2>\n\n\n\n\n\n<\/p>\n\n\n\n<figure class=\"wp-block-table is-style-stripes\" style=\"font-size:18px\"><table class=\"has-fixed-layout\"><thead><tr><th class=\"has-text-align-left\" data-align=\"left\">Circuito<\/th><th class=\"has-text-align-center\" data-align=\"center\">Duraci\u00f3n<\/th><th class=\"has-text-align-center\" data-align=\"center\">Visitas<\/th><th class=\"has-text-align-center\" data-align=\"center\">Precio desde*<\/th><th class=\"has-text-align-center\" data-align=\"center\">Temporada<\/th><th>Fechas y reservas <\/th><\/tr><\/thead><tbody><tr><td class=\"has-text-align-left\" data-align=\"left\"><strong><a href=\"#1.-Grecia-cl\u00e1sica:-4-d\u00edas\">Grecia Cl\u00e1sica<\/a><\/strong><\/td><td class=\"has-text-align-center\" data-align=\"center\">4 d\u00edas<\/td><td class=\"has-text-align-center\" data-align=\"center\">Peloponeso, Delfos y Meteora<\/td><td class=\"has-text-align-center\" data-align=\"center\">640 \u20ac<\/td><td class=\"has-text-align-center\" data-align=\"center\">Todo el a\u00f1o<\/td><td><a class=\"wp-block-button__link has-base-3-color has-text-color has-background has-link-color wp-element-button\" style=\"border-radius:16px;background-color:#ff0000\" href=\"https:\/\/viajerosactivos.com\/recomendado\/grecia-todo-incluido-4-dias-EN\/\" target=\"_blank\" rel=\"noreferrer noopener\"><strong>Reservar<\/strong><\/a><\/td><\/tr><tr><td class=\"has-text-align-left\" data-align=\"left\"><strong><a href=\"#2.-Atenas,-Santorini-y-Mykonos:-7-d\u00edas\">Atenas, Santorini y Mykonos<\/a><\/strong><\/td><td class=\"has-text-align-center\" data-align=\"center\">7 d\u00edas<\/td><td class=\"has-text-align-center\" data-align=\"center\">Atenas, Santorini, Mykonos<\/td><td class=\"has-text-align-center\" data-align=\"center\">792 \u20ac<\/td><td class=\"has-text-align-center\" data-align=\"center\">Primavera a oto\u00f1o<\/td><td><a class=\"wp-block-button__link has-base-3-color has-text-color has-background has-link-color wp-element-button\" style=\"border-radius:16px;background-color:#ff0000\" href=\"https:\/\/viajerosactivos.com\/recomendado\/viaje-atenas-santorini-y-mykonos-7-dias-EN\/\" target=\"_blank\" rel=\"noreferrer noopener\"><strong>Reservar<\/strong><\/a><\/td><\/tr><tr><td class=\"has-text-align-left\" data-align=\"left\"><strong><a href=\"#3.-Atenas,-Santorini-y-Mykonos:-10-d\u00edas\">Atenas, Santorini y Mykonos<\/a><\/strong><\/td><td class=\"has-text-align-center\" data-align=\"center\">10 d\u00edas<\/td><td class=\"has-text-align-center\" data-align=\"center\">Atenas, Santorini, Mykonos<\/td><td class=\"has-text-align-center\" data-align=\"center\">2.237 \u20ac<\/td><td class=\"has-text-align-center\" data-align=\"center\">Primavera a oto\u00f1o<\/td><td><a class=\"wp-block-button__link has-base-3-color has-text-color has-background has-link-color wp-element-button\" style=\"border-radius:16px;background-color:#ff0000\" href=\"https:\/\/viajerosactivos.com\/recomendado\/atenas-santorini-y-mykonos-con-visitas-guiadas-EN\/\" target=\"_blank\" rel=\"noreferrer noopener\"><strong>Reservar<\/strong><\/a><\/td><\/tr><tr><td class=\"has-text-align-left\" data-align=\"left\"><strong><a href=\"#4.-Islas-C\u00edcladas-en-velero:-10-d\u00edas\">Islas C\u00edcladas<\/a><\/strong><\/td><td class=\"has-text-align-center\" data-align=\"center\">10 d\u00edas<\/td><td class=\"has-text-align-center\" data-align=\"center\">Islas C\u00edcladas <\/td><td class=\"has-text-align-center\" data-align=\"center\">2.130 \u20ac<\/td><td class=\"has-text-align-center\" data-align=\"center\">Mayo a septiembre<\/td><td><a class=\"wp-block-button__link has-base-3-color has-text-color has-background has-link-color wp-element-button\" style=\"border-radius:16px;background-color:#ff0000\" href=\"https:\/\/viajerosactivos.com\/recomendado\/tour-islas-griegas-velero-10-dias-EN\/\" target=\"_blank\" rel=\"noreferrer noopener\"><strong>Reservar<\/strong><\/a><\/td><\/tr><\/tbody><\/table><\/figure>\n\n\n<p>\n\n\n\n<ul class=\"wp-block-list\">\n<li>Precios actualizados en octubre de 2025 (orientativos, pueden variar seg\u00fan fechas y disponibilidad).<\/li>\n\n\n\n<li>En caso de que quieres releer alg\u00fan viaje organizado, clica en el nombre en la primera columna para volver arriba.<\/li>\n<\/ul>\n\n\n\n<div style=\"height:10px\" aria-hidden=\"true\" class=\"wp-block-spacer\"><\/div>\n\n\n\n<h2 class=\"wp-block-heading\"><span class=\"ez-toc-section\" id=\"Consejos_de_eleccion\"><\/span>Consejos de elecci\u00f3n<span class=\"ez-toc-section-end\"><\/span><\/h2>\n\n\n\n<ul class=\"wp-block-list\">\n<li>Siempre es mejor empezar por el que m\u00e1s te apetezca.<\/li>\n\n\n\n<li>Si lo tuyo es la historia y los templos antiguos, este <strong><a class=\"thirstylink\" rel=\"nofollow\" target=\"_blank\" title=\"Grecia todo incluido 4 d\u00edas\" href=\"https:\/\/viajerosactivos.com\/en\/recomendado\/grecia-todo-incluido-4-dias\/\" data-shortcode=\"true\">circuito de 4 d\u00edas<\/a><\/strong> por la Grecia cl\u00e1sica es ideal.<\/li>\n\n\n\n<li>En cambio, si prefieres mar y libertad, <strong><a class=\"thirstylink\" rel=\"nofollow\" target=\"_blank\" title=\"Viaje Atenas, Santorini y Mykonos 7 dias\" href=\"https:\/\/viajerosactivos.com\/en\/recomendado\/viaje-atenas-santorini-y-mykonos-7-dias\/\" data-shortcode=\"true\">este de 7 d\u00edas<\/a><\/strong> combina Atenas con las islas m\u00e1s famosas sin horarios r\u00edgidos.<\/li>\n\n\n\n<li>Si quieres verlo todo sin preocuparte por nada, <strong><a class=\"thirstylink\" rel=\"nofollow\" target=\"_blank\" title=\"Atenas, Santorini y Mykonos con visitas guiadas\" href=\"https:\/\/viajerosactivos.com\/en\/recomendado\/atenas-santorini-y-mykonos-con-visitas-guiadas\/\" data-shortcode=\"true\">este circuito<\/a><\/strong> de Atenas e islas griegas de 10 d\u00edas con visitas guiadas es la opci\u00f3n m\u00e1s completa.<\/li>\n\n\n\n<li>Y si te tira la aventura y del sonido del mar, nada mejor que este <strong><a class=\"thirstylink\" rel=\"nofollow\" target=\"_blank\" title=\"Tour islas griegas velero 10 d\u00edas\" href=\"https:\/\/viajerosactivos.com\/en\/recomendado\/tour-islas-griegas-velero-10-dias\/\" data-shortcode=\"true\">tour en velero<\/a><\/strong>: una experiencia inolvidable (aunque no apta para quienes se marean f\u00e1cilmente).<\/li>\n<\/ul>\n\n\n\n<p>Sea cual sea tu elecci\u00f3n, lo bueno es que todos te permitir\u00e1n conocer lo mejor de Grecia sin tener que preocuparte por la organizaci\u00f3n. Solo tendr\u00e1s que decidir entre historia, playa o mar abierto\u2026 o combinarlo todo si puedes quedarte m\u00e1s d\u00edas.<\/p>\n\n\n\n<h2 class=\"wp-block-heading\"><span class=\"ez-toc-section\" id=\"Preguntas_frecuentes\"><\/span>Preguntas frecuentes<span class=\"ez-toc-section-end\"><\/span><\/h2>\n\n\n<div id=\"rank-math-faq\" class=\"rank-math-block\">\n<div class=\"rank-math-list \">\n<div id=\"faq-question-69e5fcbdc9750\" class=\"rank-math-list-item\">\n<h4 class=\"rank-math-question \">1. \u00bfCu\u00e1ntos d\u00edas dedicarle a Grecia?<\/h4>\n<div class=\"rank-math-answer \">\n\n<p>Para ver los lugares m\u00e1s emblem\u00e1ticos \u2014Atenas, la Grecia cl\u00e1sica y al menos un par de islas\u2014 lo ideal es dedicar unos 14 d\u00edas.<\/p>\n<p>Por ejemplo: 4 d\u00edas para la Grecia continental, 3 para ver los <strong><a href=\"https:\/\/viajerosactivos.com\/que-hacer-en-atenas\/\">imprescindibles de Atenas<\/a><\/strong>, 6 para las islas y 1 m\u00e1s para traslados.<\/p>\n<p>Eso s\u00ed, te aviso: Grecia engancha, y siempre parece que faltan d\u00edas. \ud83d\ude0d<\/p>\n\n<\/div>\n<\/div>\n<\/div>\n<\/div>\n\n<div id=\"rank-math-faq\" class=\"rank-math-block\">\n<div class=\"rank-math-list \">\n<div id=\"faq-question-69e5fcbdc976b\" class=\"rank-math-list-item\">\n<h4 class=\"rank-math-question \">2. \u00bfCu\u00e1l es la mejor \u00e9poca para viajar a Grecia?<\/h4>\n<div class=\"rank-math-answer \">\n\n<p>La mejor \u00e9poca es entre mayo y junio o entre septiembre y octubre. Hace buen tiempo, el mar est\u00e1 agradable y hay menos turistas que en verano.<\/p>\n<p>Julio y agosto son ideales si buscas playa y ambiente, pero el calor en Atenas y las ruinas puede ser sofocante.<\/p>\n<p>En invierno, muchas islas cierran gran parte de su oferta tur\u00edstica, as\u00ed que es mejor centrarse en la parte continental.<\/p>\n\n<\/div>\n<\/div>\n<\/div>\n<\/div>\n\n\n<p class=\"has-base-2-background-color has-background\">\u2b50 <strong>Art\u00edculo relacionado<\/strong>: <strong><a href=\"https:\/\/viajerosactivos.com\/cuando-viajar-a-las-islas-griegas\/\">\u00bfCu\u00e1ndo viajar a las islas griegas?<\/a><\/strong><\/p>\n\n\n<div class=\"wp-block-image\">\n<figure class=\"aligncenter size-full\"><img loading=\"lazy\" decoding=\"async\" width=\"750\" height=\"500\" src=\"https:\/\/viajerosactivos.com\/wp-content\/uploads\/2023\/07\/circuito-islas-griegas.jpg\" alt=\"circuito-islas-griegas\" class=\"wp-image-16507\" srcset=\"https:\/\/viajerosactivos.com\/wp-content\/uploads\/2023\/07\/circuito-islas-griegas.jpg 750w, https:\/\/viajerosactivos.com\/wp-content\/uploads\/2023\/07\/circuito-islas-griegas-300x200.jpg 300w\" sizes=\"auto, (max-width: 750px) 100vw, 750px\" \/><\/figure>\n<\/div>\n\n<div id=\"rank-math-faq\" class=\"rank-math-block\">\n<div class=\"rank-math-list \">\n<div id=\"faq-question-69e5fcbdc9778\" class=\"rank-math-list-item\">\n<h4 class=\"rank-math-question \">3. \u00bfHay vuelos baratos a Grecia?<\/h4>\n<div class=\"rank-math-answer \">\n\n<p>S\u00ed. El aeropuerto con m\u00e1s conexiones y vuelos econ\u00f3micos es el Internacional de Atenas (ATH).<\/p>\n<p>&#8211; Desde Europa, operan aerol\u00edneas low cost como Ryanair, Vueling o WizzAir, adem\u00e1s de las regulares.<br \/>&#8211; Desde fuera de Europa, algunas opciones con precios competitivos son Norse (EE. UU.) o Scoot (Asia).<\/p>\n<p>Para comparar tarifas f\u00e1cilmente, te recomiendo usar este <strong><a href=\"https:\/\/viajerosactivos.com\/recomendado\/vuelos-a-atenas\/\">buscador de vuelos<\/a><\/strong>.<\/p>\n\n<\/div>\n<\/div>\n<\/div>\n<\/div>\n\n<div id=\"rank-math-faq\" class=\"rank-math-block\">\n<div class=\"rank-math-list \">\n<div id=\"faq-question-69e5fcbdc9785\" class=\"rank-math-list-item\">\n<h4 class=\"rank-math-question \">4. \u00bfNecesito un seguro para un viaje organizado a Grecia?<\/h4>\n<div class=\"rank-math-answer \">\n\n<p>El seguro de viaje no suele estar incluido, y aunque no es obligatorio para entrar al pa\u00eds, te recomiendo contratar uno.<\/p>\n<p>Si surge cualquier imprevisto m\u00e9dico o pierdes un vuelo o maleta, te puede ahorrar un buen disgusto (y bastante dinero).<\/p>\n<p>Yo uso y recomiendo Heymondo, una aseguradora internacional especializada en viajeros, con asistencia 24 h y buenas coberturas incluso en su plan b\u00e1sico. En <strong><a href=\"https:\/\/viajerosactivos.com\/recomendado\/seguro-de-viaje\/\">este enlace<\/a><\/strong> puedes calcular el precio y ya incluye un 5% de descuento.  <\/p>\n\n<\/div>\n<\/div>\n<\/div>\n<\/div>\n\n<div class=\"wp-block-image\">\n<figure class=\"aligncenter size-full\"><img loading=\"lazy\" decoding=\"async\" width=\"750\" height=\"500\" src=\"https:\/\/viajerosactivos.com\/wp-content\/uploads\/2024\/03\/cariatides-acropolis.jpg\" alt=\"circuitos atenas e islas griegas\n\" class=\"wp-image-25526\" srcset=\"https:\/\/viajerosactivos.com\/wp-content\/uploads\/2024\/03\/cariatides-acropolis.jpg 750w, https:\/\/viajerosactivos.com\/wp-content\/uploads\/2024\/03\/cariatides-acropolis-300x200.jpg 300w, https:\/\/viajerosactivos.com\/wp-content\/uploads\/2024\/03\/cariatides-acropolis-18x12.jpg 18w\" sizes=\"auto, (max-width: 750px) 100vw, 750px\" \/><figcaption class=\"wp-element-caption\">Cari\u00e1tides en la Acr\u00f3polis de Atenas<\/figcaption><\/figure>\n<\/div>\n\n\n<h2 class=\"wp-block-heading\"><span class=\"ez-toc-section\" id=\"Pensamientos_finales\"><\/span>Pensamientos finales<span class=\"ez-toc-section-end\"><\/span><\/h2>\n\n\n\n<p>Como ves, hay muchas opciones de viajes organizados por Grecia seg\u00fan el tipo de experiencia que busques y tu presupuesto.<br>Algunos se pueden combinar para conocer tanto la Grecia continental como sus islas m\u00e1s famosas.<\/p>\n\n\n\n<p>Lo mejor de todo es que no tendr\u00e1s que preocuparte por traslados ni alojamientos: solo disfrutar del viaje, la comida y los paisajes.<\/p>\n\n\n\n<p>Y si viajas solo, seguro que acabar\u00e1s conociendo a otros viajeros que se enamoraron de Grecia igual que t\u00fa.<\/p>\n\n\n\n<p>Si tienes alguna duda, d\u00e9jame un comentario abajo y te ayudar\u00e9 en lo que pueda. Si te ha parecido \u00fatil el art\u00edculo, <strong>comp\u00e1rtelo con otros viajeros<\/strong>. \u00a1Buen viaje! \ud83d\ude18<\/p>\n\n\n\n<div style=\"height:10px\" aria-hidden=\"true\" class=\"wp-block-spacer\"><\/div>\n\n\n\n<h4 class=\"wp-block-heading\"><strong>M\u00e1s sobre Grecia <\/strong><\/h4>\n\n\n<style>.kb-posts-id-16429_44d09d-e5 .entry.loop-entry .entry-header .entry-title{font-size:20px;line-height:25px;}.kb-posts-id-16429_44d09d-e5 .kb-post-list-item{display:grid;}@media all and (max-width: 1024px){.kb-posts-id-16429_44d09d-e5 .entry.loop-entry .entry-header .entry-title{font-size:20px;line-height:25px;}}@media all and (max-width: 767px){.kb-posts-id-16429_44d09d-e5 .entry.loop-entry .entry-header .entry-title{font-size:20px;line-height:25px;}}<\/style><ul class=\"wp-block-kadence-posts kb-posts kadence-posts-list kb-posts-id-16429_44d09d-e5 content-wrap grid-cols kb-posts-style-boxed grid-sm-col-3 grid-lg-col-3 item-image-style-above\"><li class=\"kb-post-list-item\">\n\t<article class=\"entry content-bg loop-entry post-16429 post type-post status-publish format-standard has-post-thumbnail hentry category-grecia tag-grecia tag-viajes-a-grecia-todo-incluido no-featured-image-padding resize-featured-image\">\n\t\t\t\t<a aria-hidden=\"true\" tabindex=\"-1\" role=\"presentation\" class=\"post-thumbnail kadence-thumbnail-ratio-2-3\" href=\"https:\/\/viajerosactivos.com\/en\/viajes-organizadoa-grecia\/\" aria-label=\"4 Mejores Viajes Organizados a Grecia (4, 7 y 10 d\u00edas)\">\n\t\t\t<div class=\"post-thumbnail-inner\">\n\t\t\t\t<img loading=\"lazy\" decoding=\"async\" width=\"750\" height=\"563\" src=\"https:\/\/viajerosactivos.com\/wp-content\/uploads\/2024\/04\/viaje-mykonos.jpg\" class=\"attachment-medium_large size-medium_large wp-post-image\" alt=\"viaje-mykonos\" srcset=\"https:\/\/viajerosactivos.com\/wp-content\/uploads\/2024\/04\/viaje-mykonos.jpg 750w, https:\/\/viajerosactivos.com\/wp-content\/uploads\/2024\/04\/viaje-mykonos-300x225.jpg 300w, https:\/\/viajerosactivos.com\/wp-content\/uploads\/2024\/04\/viaje-mykonos-16x12.jpg 16w\" sizes=\"auto, (max-width: 750px) 100vw, 750px\" \/>\t\t\t<\/div>\n\t\t<\/a><!-- .post-thumbnail -->\n\t\t\t\t<div class=\"entry-content-wrap\">\n\t\t\t<header class=\"entry-header\">\n\t<h5 class=\"entry-title\"><a href=\"https:\/\/viajerosactivos.com\/en\/viajes-organizadoa-grecia\/\" rel=\"bookmark\">4 Mejores Viajes Organizados a Grecia (4, 7 y 10 d\u00edas)<\/a><\/h5><\/header><!-- .entry-header -->\n<footer class=\"entry-footer\">\n\t<\/footer><!-- .entry-footer -->\t\t<\/div>\n\t<\/article>\n<\/li>\n<li class=\"kb-post-list-item\">\n\t<article class=\"entry content-bg loop-entry post-26230 post type-post status-publish format-standard has-post-thumbnail hentry category-grecia tag-grecia tag-informacion-de-grecia no-featured-image-padding resize-featured-image\">\n\t\t\t\t<a aria-hidden=\"true\" tabindex=\"-1\" role=\"presentation\" class=\"post-thumbnail kadence-thumbnail-ratio-2-3\" href=\"https:\/\/viajerosactivos.com\/en\/que-comprar-en-grecia\/\" aria-label=\"Qu\u00e9 comprar en Grecia: 21 souvenirs y regalos\">\n\t\t\t<div class=\"post-thumbnail-inner\">\n\t\t\t\t<img loading=\"lazy\" decoding=\"async\" width=\"750\" height=\"500\" src=\"https:\/\/viajerosactivos.com\/wp-content\/uploads\/2024\/04\/alfombras-en-grecia.jpg\" class=\"attachment-medium_large size-medium_large wp-post-image\" alt=\"alfombras-en-grecia\" srcset=\"https:\/\/viajerosactivos.com\/wp-content\/uploads\/2024\/04\/alfombras-en-grecia.jpg 750w, https:\/\/viajerosactivos.com\/wp-content\/uploads\/2024\/04\/alfombras-en-grecia-300x200.jpg 300w, https:\/\/viajerosactivos.com\/wp-content\/uploads\/2024\/04\/alfombras-en-grecia-18x12.jpg 18w\" sizes=\"auto, (max-width: 750px) 100vw, 750px\" \/>\t\t\t<\/div>\n\t\t<\/a><!-- .post-thumbnail -->\n\t\t\t\t<div class=\"entry-content-wrap\">\n\t\t\t<header class=\"entry-header\">\n\t<h5 class=\"entry-title\"><a href=\"https:\/\/viajerosactivos.com\/en\/que-comprar-en-grecia\/\" rel=\"bookmark\">Qu\u00e9 comprar en Grecia: 21 souvenirs y regalos<\/a><\/h5><\/header><!-- .entry-header -->\n<footer class=\"entry-footer\">\n\t<\/footer><!-- .entry-footer -->\t\t<\/div>\n\t<\/article>\n<\/li>\n<li class=\"kb-post-list-item\">\n\t<article class=\"entry content-bg loop-entry post-17533 post type-post status-publish format-standard has-post-thumbnail hentry category-grecia tag-grecia tag-informacion-de-grecia no-featured-image-padding resize-featured-image\">\n\t\t\t\t<a aria-hidden=\"true\" tabindex=\"-1\" role=\"presentation\" class=\"post-thumbnail kadence-thumbnail-ratio-2-3\" href=\"https:\/\/viajerosactivos.com\/en\/curiosidades-de-grecia\/\" aria-label=\"32 Curiosidades de Grecia que te sorprender\u00e1n\">\n\t\t\t<div class=\"post-thumbnail-inner\">\n\t\t\t\t<img loading=\"lazy\" decoding=\"async\" width=\"750\" height=\"500\" src=\"https:\/\/viajerosactivos.com\/wp-content\/uploads\/2024\/04\/amuleto-mal-de-ojo.jpg\" class=\"attachment-medium_large size-medium_large wp-post-image\" alt=\"amuleto-mal-de-ojo\" srcset=\"https:\/\/viajerosactivos.com\/wp-content\/uploads\/2024\/04\/amuleto-mal-de-ojo.jpg 750w, https:\/\/viajerosactivos.com\/wp-content\/uploads\/2024\/04\/amuleto-mal-de-ojo-300x200.jpg 300w, https:\/\/viajerosactivos.com\/wp-content\/uploads\/2024\/04\/amuleto-mal-de-ojo-18x12.jpg 18w\" sizes=\"auto, (max-width: 750px) 100vw, 750px\" \/>\t\t\t<\/div>\n\t\t<\/a><!-- .post-thumbnail -->\n\t\t\t\t<div class=\"entry-content-wrap\">\n\t\t\t<header class=\"entry-header\">\n\t<h5 class=\"entry-title\"><a href=\"https:\/\/viajerosactivos.com\/en\/curiosidades-de-grecia\/\" rel=\"bookmark\">32 Curiosidades de Grecia que te sorprender\u00e1n<\/a><\/h5><\/header><!-- .entry-header -->\n<footer class=\"entry-footer\">\n\t<\/footer><!-- .entry-footer -->\t\t<\/div>\n\t<\/article>\n<\/li>\n<li class=\"kb-post-list-item\">\n\t<article class=\"entry content-bg loop-entry post-17451 post type-post status-publish format-standard has-post-thumbnail hentry category-grecia tag-como-moverse-por-grecia-y-las-islas-griegas tag-grecia tag-islas-griegas no-featured-image-padding resize-featured-image\">\n\t\t\t\t<a aria-hidden=\"true\" tabindex=\"-1\" role=\"presentation\" class=\"post-thumbnail kadence-thumbnail-ratio-2-3\" href=\"https:\/\/viajerosactivos.com\/en\/alquilar-un-barco-en-grecia\/\" aria-label=\"6 Mejores lugares para Alquilar un barco en Grecia\">\n\t\t\t<div class=\"post-thumbnail-inner\">\n\t\t\t\t<img loading=\"lazy\" decoding=\"async\" width=\"750\" height=\"562\" src=\"https:\/\/viajerosactivos.com\/wp-content\/uploads\/2023\/07\/alquilar-un-barco-en-grecia.jpg\" class=\"attachment-medium_large size-medium_large wp-post-image\" alt=\"alquilar-un-barco-en-grecia\" srcset=\"https:\/\/viajerosactivos.com\/wp-content\/uploads\/2023\/07\/alquilar-un-barco-en-grecia.jpg 750w, https:\/\/viajerosactivos.com\/wp-content\/uploads\/2023\/07\/alquilar-un-barco-en-grecia-300x225.jpg 300w\" sizes=\"auto, (max-width: 750px) 100vw, 750px\" \/>\t\t\t<\/div>\n\t\t<\/a><!-- .post-thumbnail -->\n\t\t\t\t<div class=\"entry-content-wrap\">\n\t\t\t<header class=\"entry-header\">\n\t<h5 class=\"entry-title\"><a href=\"https:\/\/viajerosactivos.com\/en\/alquilar-un-barco-en-grecia\/\" rel=\"bookmark\">6 Mejores lugares para Alquilar un barco en Grecia<\/a><\/h5><\/header><!-- .entry-header -->\n<footer class=\"entry-footer\">\n\t<\/footer><!-- .entry-footer -->\t\t<\/div>\n\t<\/article>\n<\/li>\n<li class=\"kb-post-list-item\">\n\t<article class=\"entry content-bg loop-entry post-34402 post type-post status-publish format-standard has-post-thumbnail hentry category-grecia tag-grecia tag-meteora no-featured-image-padding\">\n\t\t\t\t<a aria-hidden=\"true\" tabindex=\"-1\" role=\"presentation\" class=\"post-thumbnail kadence-thumbnail-ratio-2-3\" href=\"https:\/\/viajerosactivos.com\/en\/donde-alojarse-en-meteora\/\" aria-label=\"D\u00f3nde alojarse en Meteora: mejores zonas y hoteles\">\n\t\t\t<div class=\"post-thumbnail-inner\">\n\t\t\t\t<img loading=\"lazy\" decoding=\"async\" width=\"768\" height=\"512\" src=\"https:\/\/viajerosactivos.com\/wp-content\/uploads\/2026\/03\/paisaje-meteora-768x512.webp\" class=\"attachment-medium_large size-medium_large wp-post-image\" alt=\"paisaje-meteora\" srcset=\"https:\/\/viajerosactivos.com\/wp-content\/uploads\/2026\/03\/paisaje-meteora-768x512.webp 768w, https:\/\/viajerosactivos.com\/wp-content\/uploads\/2026\/03\/paisaje-meteora-300x200.webp 300w, https:\/\/viajerosactivos.com\/wp-content\/uploads\/2026\/03\/paisaje-meteora-18x12.webp 18w, https:\/\/viajerosactivos.com\/wp-content\/uploads\/2026\/03\/paisaje-meteora.webp 900w\" sizes=\"auto, (max-width: 768px) 100vw, 768px\" \/>\t\t\t<\/div>\n\t\t<\/a><!-- .post-thumbnail -->\n\t\t\t\t<div class=\"entry-content-wrap\">\n\t\t\t<header class=\"entry-header\">\n\t<h5 class=\"entry-title\"><a href=\"https:\/\/viajerosactivos.com\/en\/donde-alojarse-en-meteora\/\" rel=\"bookmark\">D\u00f3nde alojarse en Meteora: mejores zonas y hoteles<\/a><\/h5><\/header><!-- .entry-header -->\n<footer class=\"entry-footer\">\n\t<\/footer><!-- .entry-footer -->\t\t<\/div>\n\t<\/article>\n<\/li>\n<li class=\"kb-post-list-item\">\n\t<article class=\"entry content-bg loop-entry post-15054 post type-post status-publish format-standard has-post-thumbnail hentry category-grecia tag-islas-griegas tag-santorini no-featured-image-padding resize-featured-image\">\n\t\t\t\t<a aria-hidden=\"true\" tabindex=\"-1\" role=\"presentation\" class=\"post-thumbnail kadence-thumbnail-ratio-2-3\" href=\"https:\/\/viajerosactivos.com\/en\/como-ir-de-atenas-a-santorini\/\" aria-label=\"C\u00f3mo ir de Atenas a Santorini: ferri o avi\u00f3n\">\n\t\t\t<div class=\"post-thumbnail-inner\">\n\t\t\t\t<img loading=\"lazy\" decoding=\"async\" width=\"750\" height=\"500\" src=\"https:\/\/viajerosactivos.com\/wp-content\/uploads\/2023\/06\/santorini-islas-griegas.jpg\" class=\"attachment-medium_large size-medium_large wp-post-image\" alt=\"santorini-islas-griegas\" srcset=\"https:\/\/viajerosactivos.com\/wp-content\/uploads\/2023\/06\/santorini-islas-griegas.jpg 750w, https:\/\/viajerosactivos.com\/wp-content\/uploads\/2023\/06\/santorini-islas-griegas-300x200.jpg 300w\" sizes=\"auto, (max-width: 750px) 100vw, 750px\" \/>\t\t\t<\/div>\n\t\t<\/a><!-- .post-thumbnail -->\n\t\t\t\t<div class=\"entry-content-wrap\">\n\t\t\t<header class=\"entry-header\">\n\t<h5 class=\"entry-title\"><a href=\"https:\/\/viajerosactivos.com\/en\/como-ir-de-atenas-a-santorini\/\" rel=\"bookmark\">C\u00f3mo ir de Atenas a Santorini: ferri o avi\u00f3n<\/a><\/h5><\/header><!-- .entry-header -->\n<footer class=\"entry-footer\">\n\t<\/footer><!-- .entry-footer -->\t\t<\/div>\n\t<\/article>\n<\/li>\n<\/ul>\n\n\n<div style=\"height:10px\" aria-hidden=\"true\" class=\"wp-block-spacer\"><\/div>\n","protected":false},"excerpt":{"rendered":"<p>Greece is a fascinating country that combines ancient history, breathtaking landscapes, and dreamy beaches. If you want to discover the best of Greece without worrying\u2026 <\/p>\n<p class=\"read-more-container\"><a title=\"4 Best Package Tours to Greece (4, 7, &amp; 10 Days)\" class=\"read-more button\" href=\"https:\/\/viajerosactivos.com\/en\/viajes-organizadoa-grecia\/#more-16429\" aria-label=\"Read more about 4 Best Package Tours to Greece (4, 7, and 10 days)\">Read more<\/a><\/p>","protected":false},"author":1,"featured_media":25912,"comment_status":"open","ping_status":"closed","sticky":false,"template":"","format":"standard","meta":{"footnotes":""},"categories":[410],"tags":[565,516],"class_list":["post-16429","post","type-post","status-publish","format-standard","has-post-thumbnail","hentry","category-grecia","tag-grecia","tag-viajes-a-grecia-todo-incluido","no-featured-image-padding","resize-featured-image"],"_links":{"self":[{"href":"https:\/\/viajerosactivos.com\/en\/wp-json\/wp\/v2\/posts\/16429","targetHints":{"allow":["GET"]}}],"collection":[{"href":"https:\/\/viajerosactivos.com\/en\/wp-json\/wp\/v2\/posts"}],"about":[{"href":"https:\/\/viajerosactivos.com\/en\/wp-json\/wp\/v2\/types\/post"}],"author":[{"embeddable":true,"href":"https:\/\/viajerosactivos.com\/en\/wp-json\/wp\/v2\/users\/1"}],"replies":[{"embeddable":true,"href":"https:\/\/viajerosactivos.com\/en\/wp-json\/wp\/v2\/comments?post=16429"}],"version-history":[{"count":5,"href":"https:\/\/viajerosactivos.com\/en\/wp-json\/wp\/v2\/posts\/16429\/revisions"}],"predecessor-version":[{"id":35101,"href":"https:\/\/viajerosactivos.com\/en\/wp-json\/wp\/v2\/posts\/16429\/revisions\/35101"}],"wp:featuredmedia":[{"embeddable":true,"href":"https:\/\/viajerosactivos.com\/en\/wp-json\/wp\/v2\/media\/25912"}],"wp:attachment":[{"href":"https:\/\/viajerosactivos.com\/en\/wp-json\/wp\/v2\/media?parent=16429"}],"wp:term":[{"taxonomy":"category","embeddable":true,"href":"https:\/\/viajerosactivos.com\/en\/wp-json\/wp\/v2\/categories?post=16429"},{"taxonomy":"post_tag","embeddable":true,"href":"https:\/\/viajerosactivos.com\/en\/wp-json\/wp\/v2\/tags?post=16429"}],"curies":[{"name":"wp","href":"https:\/\/api.w.org\/{rel}","templated":true}]}}