{"id":28667,"date":"2024-12-11T14:10:32","date_gmt":"2024-12-11T13:10:32","guid":{"rendered":"https:\/\/viajerosactivos.com\/?p=28667"},"modified":"2026-04-24T18:14:27","modified_gmt":"2026-04-24T16:14:27","slug":"yoga-retreats-in-greece","status":"publish","type":"post","link":"https:\/\/viajerosactivos.com\/en\/retiros-de-yoga-en-grecia\/","title":{"rendered":"7 Best Yoga Retreats in Greece"},"content":{"rendered":"\n<p>Grecia es un destino ideal si buscas combinar bienestar, naturaleza y tranquilidad. En este art\u00edculo, te cuento sobre los mejores retiros de yoga en Grecia, donde podr\u00e1s disfrutar de pr\u00e1cticas de yoga, deliciosa comida saludable y actividades que nutren cuerpo y alma. <\/p>\n\n\n\n<p>Al mismo tiempo podr\u00e1s disfrutar de impresionantes paisajes, aguas cristalinas y una rica historia cultural, este pa\u00eds ofrece el entorno perfecto para desconectar del estr\u00e9s diario y reconectar contigo mismo. Desde islas paradis\u00edacas hasta la serenidad de la pen\u00ednsula, aqu\u00ed encontrar\u00e1s opciones para todos los gustos.<\/p>\n\n\n\n<p>Adem\u00e1s, Grecia es uno de los destinos europeos m\u00e1s populares para hacer un retiro espiritual de yoga y meditaci\u00f3n. Otro punto a favor de estos retiros, es que tienen todo incluido, como el alojamiento, comidas y las clases. Solo tienes que relajarte y disfrutar.<\/p>\n\n\n\n<p>Si no tienes tiempo para leer todo el art\u00edculo, aqu\u00ed tienes una selecci\u00f3n de los dos mejores: este <strong><a class=\"thirstylink\" rel=\"nofollow noopener\" target=\"_blank\" title=\"retiro yoga Cos TI\" href=\"https:\/\/www.bookyogaretreats.com\/es\/yoga-on-kos\/8-dias-de-vacaciones-con-meditacion-al-atardecer-flotacion-en-termas-y-yoga-en-la-isla-de-kos-grecia?aid=6145\" data-linkid=\"28733\" data-shortcode=\"true\">retiro de yoga y meditaci\u00f3n en Cos<\/a><\/strong> que es el m\u00e1s popular de Grecia y mi favorito. Aunque si buscas algo econ\u00f3mico, este <strong><a class=\"thirstylink\" rel=\"nofollow noopener\" target=\"_blank\" title=\"Retiro Yoga y Meditaci\u00f3n Corf\u00fa TI\" href=\"https:\/\/www.bookyogaretreats.com\/es\/yoga-corfu-villa\/5-dias-de-vacaciones-en-la-playa-para-relajarse-y-rejuvenecer-con-yoga-meditacion-y-mas-en-corfu-grecia?aid=6145\" data-linkid=\"28735\" data-shortcode=\"true\">retiro en Corf\u00fa<\/a><\/strong> es el m\u00e1s barato.<\/p>\n\n\n<style>.kb-row-layout-wrap.wp-block-kadence-rowlayout.kb-row-layout-id35056_7d1931-ca{margin-bottom:0px;}.kb-row-layout-id35056_7d1931-ca > .kt-row-column-wrap{align-content:start;}:where(.kb-row-layout-id35056_7d1931-ca > .kt-row-column-wrap) > .wp-block-kadence-column{justify-content:start;}.kb-row-layout-id35056_7d1931-ca > .kt-row-column-wrap{column-gap:var(--global-kb-gap-md, 2rem);row-gap:var(--global-kb-gap-md, 2rem);max-width:750px;margin-left:auto;margin-right:auto;padding-top:var(--global-kb-spacing-sm, 1.5rem);padding-bottom:var(--global-kb-spacing-sm, 1.5rem);grid-template-columns:minmax(0, 1fr);}.kb-row-layout-id35056_7d1931-ca > .kt-row-layout-overlay{opacity:0.30;}@media all and (max-width: 1024px){.kb-row-layout-id35056_7d1931-ca > .kt-row-column-wrap{grid-template-columns:minmax(0, 1fr);}}@media all and (max-width: 767px){.kb-row-layout-id35056_7d1931-ca > .kt-row-column-wrap{grid-template-columns:minmax(0, 1fr);}}<\/style><div class=\"kb-row-layout-wrap kb-row-layout-id35056_7d1931-ca alignnone wp-block-kadence-rowlayout\"><div class=\"kt-row-column-wrap kt-has-1-columns kt-row-layout-equal kt-tab-layout-inherit kt-mobile-layout-row kt-row-valign-top\">\n<style>.kadence-column35056_7f84b1-49 > .kt-inside-inner-col{border-top:1px solid var(--contrast);border-right:1px solid var(--contrast);border-bottom:1px solid var(--contrast);border-left:1px solid var(--contrast);}.kadence-column35056_7f84b1-49 > .kt-inside-inner-col,.kadence-column35056_7f84b1-49 > .kt-inside-inner-col:before{border-top-left-radius:0px;border-top-right-radius:0px;border-bottom-right-radius:0px;border-bottom-left-radius:0px;}.kadence-column35056_7f84b1-49 > .kt-inside-inner-col{column-gap:var(--global-kb-gap-sm, 1rem);}.kadence-column35056_7f84b1-49 > .kt-inside-inner-col{flex-direction:column;}.kadence-column35056_7f84b1-49 > .kt-inside-inner-col > .aligncenter{width:100%;}.kadence-column35056_7f84b1-49 > .kt-inside-inner-col:before{opacity:0.3;}.kadence-column35056_7f84b1-49{position:relative;}.kadence-column35056_7f84b1-49, .kt-inside-inner-col > .kadence-column35056_7f84b1-49:not(.specificity){margin-top:-10px;margin-right:10px;margin-bottom:10px;margin-left:10px;}@media all and (max-width: 1024px){.kadence-column35056_7f84b1-49 > .kt-inside-inner-col{border-top:1px solid var(--contrast);border-right:1px solid var(--contrast);border-bottom:1px solid var(--contrast);border-left:1px solid var(--contrast);flex-direction:column;justify-content:center;}}@media all and (max-width: 767px){.kadence-column35056_7f84b1-49 > .kt-inside-inner-col{border-top:1px solid var(--contrast);border-right:1px solid var(--contrast);border-bottom:1px solid var(--contrast);border-left:1px solid var(--contrast);flex-direction:column;justify-content:center;}.kadence-column35056_7f84b1-49, .kt-inside-inner-col > .kadence-column35056_7f84b1-49:not(.specificity){margin-right:5px;margin-left:5px;}}<\/style>\n<div class=\"wp-block-kadence-column kadence-column35056_7f84b1-49\"><div class=\"kt-inside-inner-col\"><style>.kadence-column35056_44a0bc-fb > .kt-inside-inner-col{display:flex;}.kadence-column35056_44a0bc-fb > .kt-inside-inner-col{border-top:10px solid transparent;border-right:10px solid transparent;border-bottom:10px solid transparent;border-left:10px solid transparent;}.kadence-column35056_44a0bc-fb > .kt-inside-inner-col,.kadence-column35056_44a0bc-fb > .kt-inside-inner-col:before{border-top-left-radius:0px;border-top-right-radius:0px;border-bottom-right-radius:0px;border-bottom-left-radius:0px;}.kadence-column35056_44a0bc-fb > .kt-inside-inner-col{row-gap:13px;column-gap:13px;}.kadence-column35056_44a0bc-fb > .kt-inside-inner-col{flex-direction:row;flex-wrap:wrap;align-items:center;}.kadence-column35056_44a0bc-fb > .kt-inside-inner-col > *, .kadence-column35056_44a0bc-fb > .kt-inside-inner-col > figure.wp-block-image, .kadence-column35056_44a0bc-fb > .kt-inside-inner-col > figure.wp-block-kadence-image{margin-top:0px;margin-bottom:0px;}.kadence-column35056_44a0bc-fb > .kt-inside-inner-col > .kb-image-is-ratio-size{flex-grow:1;}.kadence-column35056_44a0bc-fb > .kt-inside-inner-col:before{opacity:0.3;}.kadence-column35056_44a0bc-fb{position:relative;}.kadence-column35056_44a0bc-fb, .kt-inside-inner-col > .kadence-column35056_44a0bc-fb:not(.specificity){margin-top:-25px;}@media all and (max-width: 1024px){.kadence-column35056_44a0bc-fb > .kt-inside-inner-col{border-top:10px solid transparent;border-right:10px solid transparent;border-bottom:10px solid transparent;border-left:10px solid transparent;flex-direction:row;flex-wrap:wrap;align-items:center;}}@media all and (min-width: 768px) and (max-width: 1024px){.kadence-column35056_44a0bc-fb > .kt-inside-inner-col > *, .kadence-column35056_44a0bc-fb > .kt-inside-inner-col > figure.wp-block-image, .kadence-column35056_44a0bc-fb > .kt-inside-inner-col > figure.wp-block-kadence-image{margin-top:0px;margin-bottom:0px;}.kadence-column35056_44a0bc-fb > .kt-inside-inner-col > .kb-image-is-ratio-size{flex-grow:1;}}@media all and (max-width: 767px){.kadence-column35056_44a0bc-fb > .kt-inside-inner-col{border-top:10px solid transparent;border-right:10px solid transparent;border-bottom:10px solid transparent;border-left:10px solid transparent;flex-direction:row;flex-wrap:wrap;justify-content:flex-start;}.kadence-column35056_44a0bc-fb > .kt-inside-inner-col > *, .kadence-column35056_44a0bc-fb > .kt-inside-inner-col > figure.wp-block-image, .kadence-column35056_44a0bc-fb > .kt-inside-inner-col > figure.wp-block-kadence-image{margin-top:0px;margin-bottom:0px;}.kadence-column35056_44a0bc-fb > .kt-inside-inner-col > .kb-image-is-ratio-size{flex-grow:1;}}<\/style>\n<div class=\"wp-block-kadence-column kadence-column35056_44a0bc-fb kb-section-dir-horizontal\"><div class=\"kt-inside-inner-col\"><style>.wp-block-kadence-advancedheading.kt-adv-heading35056_e68275-cd, .wp-block-kadence-advancedheading.kt-adv-heading35056_e68275-cd[data-kb-block=\"kb-adv-heading35056_e68275-cd\"]{display:block;text-align:center;line-height:1.2;font-style:normal;font-family:Arial, Helvetica, sans-serif;text-transform:uppercase;letter-spacing:1.2px;border-top:5px solid transparent;border-right:10px solid transparent;border-bottom:5px solid transparent;border-left:10px solid transparent;border-top-left-radius:0px;border-top-right-radius:0px;border-bottom-right-radius:0px;border-bottom-left-radius:0px;}.wp-block-kadence-advancedheading.kt-adv-heading35056_e68275-cd mark.kt-highlight, .wp-block-kadence-advancedheading.kt-adv-heading35056_e68275-cd[data-kb-block=\"kb-adv-heading35056_e68275-cd\"] mark.kt-highlight{font-style:normal;color:#f76a0c;-webkit-box-decoration-break:clone;box-decoration-break:clone;padding-top:0px;padding-right:0px;padding-bottom:0px;padding-left:0px;}.wp-block-kadence-advancedheading.kt-adv-heading35056_e68275-cd img.kb-inline-image, .wp-block-kadence-advancedheading.kt-adv-heading35056_e68275-cd[data-kb-block=\"kb-adv-heading35056_e68275-cd\"] img.kb-inline-image{width:150px;vertical-align:baseline;}@media all and (max-width: 1024px){.wp-block-kadence-advancedheading.kt-adv-heading35056_e68275-cd, .wp-block-kadence-advancedheading.kt-adv-heading35056_e68275-cd[data-kb-block=\"kb-adv-heading35056_e68275-cd\"]{border-top:5px solid transparent;border-right:10px solid transparent;border-bottom:5px solid transparent;border-left:10px solid transparent;}}@media all and (max-width: 767px){.wp-block-kadence-advancedheading.kt-adv-heading35056_e68275-cd, .wp-block-kadence-advancedheading.kt-adv-heading35056_e68275-cd[data-kb-block=\"kb-adv-heading35056_e68275-cd\"]{font-size:0.95em;border-top:5px solid transparent;border-right:10px solid transparent;border-bottom:5px solid transparent;border-left:10px solid transparent;}}<\/style>\n<span class=\"kt-adv-heading35056_e68275-cd wp-block-kadence-advancedheading has-base-3-color has-text-color has-contrast-background-color has-background\" data-kb-block=\"kb-adv-heading35056_e68275-cd\">Antes de viajar, ahorra con\u2026<\/span>\n<\/div><\/div>\n\n\n<style>.kb-row-layout-wrap.wp-block-kadence-rowlayout.kb-row-layout-id35056_7fdabc-ce{margin-bottom:0px;}.kb-row-layout-id35056_7fdabc-ce > .kt-row-column-wrap{align-content:start;}:where(.kb-row-layout-id35056_7fdabc-ce > .kt-row-column-wrap) > .wp-block-kadence-column{justify-content:start;}.kb-row-layout-id35056_7fdabc-ce > .kt-row-column-wrap{column-gap:var(--global-kb-gap-sm, 1rem);row-gap:var(--global-kb-gap-sm, 1rem);padding-top:10px;padding-right:12px;padding-bottom:10px;padding-left:12px;grid-template-columns:minmax(0, 1fr);}.kb-row-layout-id35056_7fdabc-ce > .kt-row-layout-overlay{opacity:0.30;}@media all and (max-width: 1024px){.kb-row-layout-id35056_7fdabc-ce > .kt-row-column-wrap{grid-template-columns:minmax(0, 1fr);}}@media all and (max-width: 767px){.kb-row-layout-id35056_7fdabc-ce > .kt-row-column-wrap{grid-template-columns:minmax(0, 1fr);}}<\/style><div class=\"kb-row-layout-wrap kb-row-layout-id35056_7fdabc-ce alignnone wp-block-kadence-rowlayout\"><div class=\"kt-row-column-wrap kt-has-1-columns kt-row-layout-equal kt-tab-layout-inherit kt-mobile-layout-row kt-row-valign-top\">\n<style>.kadence-column35056_4de3d6-41 > .kt-inside-inner-col,.kadence-column35056_4de3d6-41 > .kt-inside-inner-col:before{border-top-left-radius:0px;border-top-right-radius:0px;border-bottom-right-radius:0px;border-bottom-left-radius:0px;}.kadence-column35056_4de3d6-41 > .kt-inside-inner-col{column-gap:var(--global-kb-gap-sm, 1rem);}.kadence-column35056_4de3d6-41 > .kt-inside-inner-col{flex-direction:column;}.kadence-column35056_4de3d6-41 > .kt-inside-inner-col > .aligncenter{width:100%;}.kadence-column35056_4de3d6-41 > .kt-inside-inner-col:before{opacity:0.3;}.kadence-column35056_4de3d6-41{text-align:left;}.kadence-column35056_4de3d6-41{position:relative;}@media all and (max-width: 1024px){.kadence-column35056_4de3d6-41 > .kt-inside-inner-col{flex-direction:column;justify-content:center;}}@media all and (max-width: 767px){.kadence-column35056_4de3d6-41 > .kt-inside-inner-col{flex-direction:column;justify-content:center;}}<\/style>\n<div class=\"wp-block-kadence-column kadence-column35056_4de3d6-41\"><div class=\"kt-inside-inner-col\">\n<p>\ud83d\udcf6 <strong><a class=\"thirstylink\" rel=\"nofollow\" target=\"_blank\" title=\"eSim Holafly\" href=\"https:\/\/viajerosactivos.com\/en\/recomendado\/esim\/\" data-shortcode=\"true\">eSIM<\/a><\/strong> para tener internet al aterrizar &#8211; 5% descuento<br>\ud83c\udfe8 <a class=\"thirstylink\" rel=\"nofollow\" target=\"_blank\" title=\"alojamiento descuento\" href=\"https:\/\/viajerosactivos.com\/en\/recomendado\/alojamiento-descuento\/\" data-shortcode=\"true\"><strong>Alojamiento<\/strong> <\/a>con buenas ofertas<br>\ud83d\udee1\ufe0f <strong><a class=\"thirstylink\" rel=\"nofollow\" target=\"_blank\" title=\"Seguro de viaje\" href=\"https:\/\/viajerosactivos.com\/en\/recomendado\/seguro-de-viaje\/\" data-shortcode=\"true\">Seguro de viaje <\/a><\/strong>con hasta 15% descuento<br>\ud83d\ude97 <strong><a class=\"thirstylink\" rel=\"nofollow\" target=\"_blank\" title=\"Alquilar coche\" href=\"https:\/\/viajerosactivos.com\/en\/recomendado\/alquilar-coche\/\" data-shortcode=\"true\">Coche de alquiler<\/a> <\/strong>al mejor precio<\/p>\n<\/div><\/div>\n\n<\/div><\/div><\/div><\/div>\n\n<\/div><\/div>\n\n\n<div id=\"ez-toc-container\" class=\"ez-toc-v2_0_82_2 counter-hierarchy ez-toc-counter ez-toc-black ez-toc-container-direction\">\n<div class=\"ez-toc-title-container\">\n<p class=\"ez-toc-title\" style=\"cursor:inherit\">Indice de Contenido<\/p>\n<span class=\"ez-toc-title-toggle\"><a href=\"#\" class=\"ez-toc-pull-right ez-toc-btn ez-toc-btn-xs ez-toc-btn-default ez-toc-toggle\" aria-label=\"Toggle Table of Content\"><span class=\"ez-toc-js-icon-con\"><span class=\"\"><span class=\"eztoc-hide\" style=\"display:none;\">Toggle<\/span><span class=\"ez-toc-icon-toggle-span\"><svg style=\"fill: #999;color:#999\" xmlns=\"http:\/\/www.w3.org\/2000\/svg\" class=\"list-377408\" width=\"20px\" height=\"20px\" viewBox=\"0 0 24 24\" fill=\"none\"><path d=\"M6 6H4v2h2V6zm14 0H8v2h12V6zM4 11h2v2H4v-2zm16 0H8v2h12v-2zM4 16h2v2H4v-2zm16 0H8v2h12v-2z\" fill=\"currentColor\"><\/path><\/svg><svg style=\"fill: #999;color:#999\" class=\"arrow-unsorted-368013\" xmlns=\"http:\/\/www.w3.org\/2000\/svg\" width=\"10px\" height=\"10px\" viewBox=\"0 0 24 24\" version=\"1.2\" baseProfile=\"tiny\"><path d=\"M18.2 9.3l-6.2-6.3-6.2 6.3c-.2.2-.3.4-.3.7s.1.5.3.7c.2.2.4.3.7.3h11c.3 0 .5-.1.7-.3.2-.2.3-.5.3-.7s-.1-.5-.3-.7zM5.8 14.7l6.2 6.3 6.2-6.3c.2-.2.3-.5.3-.7s-.1-.5-.3-.7c-.2-.2-.4-.3-.7-.3h-11c-.3 0-.5.1-.7.3-.2.2-.3.5-.3.7s.1.5.3.7z\"\/><\/svg><\/span><\/span><\/span><\/a><\/span><\/div>\n<nav><ul class='ez-toc-list ez-toc-list-level-1 ' ><li class='ez-toc-page-1 ez-toc-heading-level-2'><a class=\"ez-toc-link ez-toc-heading-1\" href=\"https:\/\/viajerosactivos.com\/en\/retiros-de-yoga-en-grecia\/#Mejores_Retiros_de_Yoga_en_Grecia\" >Mejores Retiros de Yoga en Grecia<\/a><ul class='ez-toc-list-level-3' ><li class='ez-toc-heading-level-3'><a class=\"ez-toc-link ez-toc-heading-2\" href=\"https:\/\/viajerosactivos.com\/en\/retiros-de-yoga-en-grecia\/#1_Retiro_de_Yoga_y_Meditacion_en_Cos\" >1. Retiro de Yoga y Meditaci\u00f3n en Cos<\/a><\/li><li class='ez-toc-page-1 ez-toc-heading-level-3'><a class=\"ez-toc-link ez-toc-heading-3\" href=\"https:\/\/viajerosactivos.com\/en\/retiros-de-yoga-en-grecia\/#2_Retiro_de_Yoga_y_terapias_en_Glyfada_costa_de_Atenas\" >2. Retiro de Yoga y terapias en Glyfada, costa de Atenas<\/a><\/li><li class='ez-toc-page-1 ez-toc-heading-level-3'><a class=\"ez-toc-link ez-toc-heading-4\" href=\"https:\/\/viajerosactivos.com\/en\/retiros-de-yoga-en-grecia\/#3_Retiro_de_Yoga_en_profundidad_en_Glyfada_costa_de_Atenas\" >3. Retiro de Yoga en profundidad en Glyfada, costa de Atenas<\/a><\/li><li class='ez-toc-page-1 ez-toc-heading-level-3'><a class=\"ez-toc-link ez-toc-heading-5\" href=\"https:\/\/viajerosactivos.com\/en\/retiros-de-yoga-en-grecia\/#4_Retiro_de_Yoga_en_Corfu_con_kayak_SUP_y_senderismo\" >4. Retiro de Yoga en Corf\u00fa con kayak, SUP y senderismo<\/a><\/li><li class='ez-toc-page-1 ez-toc-heading-level-3'><a class=\"ez-toc-link ez-toc-heading-6\" href=\"https:\/\/viajerosactivos.com\/en\/retiros-de-yoga-en-grecia\/#5_Retiro_de_Yoga_y_Pilates_en_Santorini\" >5. Retiro de Yoga y Pilates en Santorini<\/a><\/li><li class='ez-toc-page-1 ez-toc-heading-level-3'><a class=\"ez-toc-link ez-toc-heading-7\" href=\"https:\/\/viajerosactivos.com\/en\/retiros-de-yoga-en-grecia\/#6_Retiro_de_Yoga_y_Meditacion_en_Corfu\" >6. Retiro de Yoga y Meditaci\u00f3n en Corf\u00fa<\/a><\/li><li class='ez-toc-page-1 ez-toc-heading-level-3'><a class=\"ez-toc-link ez-toc-heading-8\" href=\"https:\/\/viajerosactivos.com\/en\/retiros-de-yoga-en-grecia\/#7_Retiro_de_Yoga_en_el_Peloponeso\" >7. Retiro de Yoga en el Peloponeso<\/a><\/li><\/ul><\/li><li class='ez-toc-page-1 ez-toc-heading-level-2'><a class=\"ez-toc-link ez-toc-heading-9\" href=\"https:\/\/viajerosactivos.com\/en\/retiros-de-yoga-en-grecia\/#Tabla_comparativa\" >Tabla comparativa<\/a><\/li><li class='ez-toc-page-1 ez-toc-heading-level-2'><a class=\"ez-toc-link ez-toc-heading-10\" href=\"https:\/\/viajerosactivos.com\/en\/retiros-de-yoga-en-grecia\/#Recomendaciones\" >Recomendaciones<\/a><\/li><li class='ez-toc-page-1 ez-toc-heading-level-2'><a class=\"ez-toc-link ez-toc-heading-11\" href=\"https:\/\/viajerosactivos.com\/en\/retiros-de-yoga-en-grecia\/#Pensamientos_finales\" >Pensamientos finales<\/a><\/li><\/ul><\/nav><\/div>\n<h2 class=\"wp-block-heading\"><span class=\"ez-toc-section\" id=\"Mejores_Retiros_de_Yoga_en_Grecia\"><\/span>Mejores Retiros de Yoga en Grecia<span class=\"ez-toc-section-end\"><\/span><\/h2>\n\n\n\n<h3 class=\"wp-block-heading\" id=\"1-retiro-yoga-y-meditacion-cos\"><span class=\"ez-toc-section\" id=\"1_Retiro_de_Yoga_y_Meditacion_en_Cos\"><\/span><a class=\"thirstylink\" rel=\"nofollow noopener\" target=\"_blank\" title=\"retiro yoga Cos\" href=\"https:\/\/www.bookyogaretreats.com\/es\/yoga-on-kos\/8-dias-de-vacaciones-con-meditacion-al-atardecer-flotacion-en-termas-y-yoga-en-la-isla-de-kos-grecia?aid=6145\" data-linkid=\"28679\" data-shortcode=\"true\">1. Retiro de Yoga y Meditaci\u00f3n en Cos<\/a><span class=\"ez-toc-section-end\"><\/span><\/h3>\n\n\n\n<p>Este <strong><a class=\"thirstylink\" rel=\"nofollow noopener\" target=\"_blank\" title=\"retiro yoga Cos\" href=\"https:\/\/www.bookyogaretreats.com\/es\/yoga-on-kos\/8-dias-de-vacaciones-con-meditacion-al-atardecer-flotacion-en-termas-y-yoga-en-la-isla-de-kos-grecia?aid=6145\" data-linkid=\"28679\" data-shortcode=\"true\">retiro de yoga en Cos<\/a><\/strong> combina la pr\u00e1ctica de estilos como Hatha, Yin y yoga restaurativo. Cada d\u00eda incluye sesiones de yoga al amanecer y al atardecer en un entorno natural espectacular y uno de los motivos para que sea el mejor retiro de yoga de Grecia. Adem\u00e1s, tendr\u00e1s sesiones de meditaci\u00f3n especiales, como una al atardecer en el antiguo Asklepion, un lugar cargado de historia y serenidad.<\/p>\n\n\n<div class=\"wp-block-image\">\n<figure class=\"aligncenter size-full\"><img loading=\"lazy\" decoding=\"async\" width=\"653\" height=\"490\" src=\"https:\/\/viajerosactivos.com\/wp-content\/uploads\/2024\/12\/01-retiro-de-yoga-en-cos-653x490-1.webp\" alt=\"01 retiro de yoga en cos 653x490\" class=\"wp-image-28716\" srcset=\"https:\/\/viajerosactivos.com\/wp-content\/uploads\/2024\/12\/01-retiro-de-yoga-en-cos-653x490-1.webp 653w, https:\/\/viajerosactivos.com\/wp-content\/uploads\/2024\/12\/01-retiro-de-yoga-en-cos-653x490-1-300x225.webp 300w, https:\/\/viajerosactivos.com\/wp-content\/uploads\/2024\/12\/01-retiro-de-yoga-en-cos-653x490-1-16x12.webp 16w\" sizes=\"auto, (max-width: 653px) 100vw, 653px\" \/><\/figure>\n<\/div>\n\n\n<p>En cuanto al alojamiento, est\u00e1 ubicado en una tranquila casa de hu\u00e9spedes con vistas al mar Egeo, que es ideal para relajarte. Adem\u00e1s, incluyen un desayuno saludable y cenas con toques locales.<\/p>\n\n\n\n<p>Una de las actividades m\u00e1s destacadas es la visita a los ba\u00f1os termales naturales para flotar bajo las estrella. En la zona, tambi\u00e9n puedes aprovechar para hacer caminatas o paseos en bicicleta. Es una experiencia que combina relajaci\u00f3n, cultura y bienestar y hacen de este el retiro de yoga en Grecia m\u00e1s popular.<\/p>\n\n\n<div class=\"wp-block-image\">\n<figure class=\"aligncenter size-full\"><img loading=\"lazy\" decoding=\"async\" width=\"653\" height=\"490\" src=\"https:\/\/viajerosactivos.com\/wp-content\/uploads\/2024\/12\/01-retiro-de-yoga-en-cos-6.webp\" alt=\"01 retiro de yoga en cos 6\" class=\"wp-image-28715\" srcset=\"https:\/\/viajerosactivos.com\/wp-content\/uploads\/2024\/12\/01-retiro-de-yoga-en-cos-6.webp 653w, https:\/\/viajerosactivos.com\/wp-content\/uploads\/2024\/12\/01-retiro-de-yoga-en-cos-6-300x225.webp 300w, https:\/\/viajerosactivos.com\/wp-content\/uploads\/2024\/12\/01-retiro-de-yoga-en-cos-6-16x12.webp 16w\" sizes=\"auto, (max-width: 653px) 100vw, 653px\" \/><\/figure>\n<\/div>\n\n\n<h4 class=\"wp-block-heading\">Incluye<\/h4>\n\n\n\n<ul class=\"wp-block-list\">\n<li>7 noches de alojamiento<\/li>\n\n\n\n<li>Desayuno diario y 6 cenas<\/li>\n\n\n\n<li>Clases de yoga y meditaci\u00f3n<\/li>\n\n\n\n<li>Visita a las piscinas naturales con aguas termales <\/li>\n\n\n\n<li>Recogida en el aeropuerto<\/li>\n<\/ul>\n\n\n\n<h4 class=\"wp-block-heading\">Datos importantes<\/h4>\n\n\n\n<ul class=\"wp-block-list\">\n<li><strong>Lugar:<\/strong> Isla de Cos<\/li>\n\n\n\n<li><strong>Duraci\u00f3n:<\/strong> 8 d\u00edas \/ 7 noches<\/li>\n\n\n\n<li><strong>Fechas:<\/strong> Desde finales de abril y hasta mediados de octubre<\/li>\n\n\n\n<li><strong>Precio:<\/strong> Desde 995 euros \/ 1.113 USD (precio actualizado el 09\/03\/2025)<\/li>\n\n\n\n<li><strong>Nivel:<\/strong> De principiante a avanzado<\/li>\n\n\n\n<li><strong>Estilos de yoga:<\/strong> Hatha, Yin, Restaurativo<\/li>\n\n\n\n<li>En <strong><a class=\"thirstylink\" rel=\"nofollow noopener\" target=\"_blank\" title=\"retiro yoga Cos\" href=\"https:\/\/www.bookyogaretreats.com\/es\/yoga-on-kos\/8-dias-de-vacaciones-con-meditacion-al-atardecer-flotacion-en-termas-y-yoga-en-la-isla-de-kos-grecia?aid=6145\" data-linkid=\"28679\" data-shortcode=\"true\">este enlace<\/a><\/strong> puedes ver la disponibilidad y reservar este retiro en Cos<\/li>\n<\/ul>\n\n\n\n<div style=\"height:10px\" aria-hidden=\"true\" class=\"wp-block-spacer\"><\/div>\n\n\n\n<h3 class=\"wp-block-heading\" id=\"2.-Retiro-de-Yoga-y-terapias-en-Glyfada\"><span class=\"ez-toc-section\" id=\"2_Retiro_de_Yoga_y_terapias_en_Glyfada_costa_de_Atenas\"><\/span><a class=\"thirstylink\" rel=\"nofollow noopener\" target=\"_blank\" title=\"retiro yoga y terapias Glyfada\" href=\"https:\/\/www.bookyogaretreats.com\/es\/yoga-skyros-academy\/5-dias-de-retiro-boutique-de-yoga-y-terapia-de-restauracion-en-la-costa-de-atenas-riviera-griega?aid=6145\" data-linkid=\"28683\" data-shortcode=\"true\">2. Retiro de Yoga y terapias en Glyfada, costa de Atenas<\/a><span class=\"ez-toc-section-end\"><\/span><\/h3>\n\n\n\n<p>Este <strong><a class=\"thirstylink\" rel=\"nofollow noopener\" target=\"_blank\" title=\"retiro yoga y terapias Glyfada\" href=\"https:\/\/www.bookyogaretreats.com\/es\/yoga-skyros-academy\/5-dias-de-retiro-boutique-de-yoga-y-terapia-de-restauracion-en-la-costa-de-atenas-riviera-griega?aid=6145\" data-linkid=\"28683\" data-shortcode=\"true\">retiro hol\u00edstico en Glyfada<\/a><\/strong> te dar\u00e1 una experiencia de bienestar completa, con yoga terap\u00e9utico personalizado y tratamientos hol\u00edsticos que equilibran cuerpo y mente. <\/p>\n\n\n<div class=\"wp-block-image\">\n<figure class=\"aligncenter size-full\"><img loading=\"lazy\" decoding=\"async\" width=\"653\" height=\"490\" src=\"https:\/\/viajerosactivos.com\/wp-content\/uploads\/2024\/12\/02-retiro-en-Glyfada-4.webp\" alt=\"02 retiro en Glyfada 4\" class=\"wp-image-28717\" srcset=\"https:\/\/viajerosactivos.com\/wp-content\/uploads\/2024\/12\/02-retiro-en-Glyfada-4.webp 653w, https:\/\/viajerosactivos.com\/wp-content\/uploads\/2024\/12\/02-retiro-en-Glyfada-4-300x225.webp 300w, https:\/\/viajerosactivos.com\/wp-content\/uploads\/2024\/12\/02-retiro-en-Glyfada-4-16x12.webp 16w\" sizes=\"auto, (max-width: 653px) 100vw, 653px\" \/><\/figure>\n<\/div>\n\n\n<p>Una de las ventajas de este retiro es la evaluaci\u00f3n personalizada para identificar tus necesidades y dise\u00f1ar sesiones de Hatha y yoga terap\u00e9utico enfocadas en mejorar la postura y liberar tensiones. Adem\u00e1s, incluye un tratamiento diario, como Kinesiolog\u00eda, consulta con el Dr. Bach y terapia de masajes, adem\u00e1s tienes el uso libre de la sauna.<\/p>\n\n\n\n<p>El alojamiento es c\u00f3modo y est\u00e1 muy bien ubicado en la Riviera de Atenas. En el precio tienes incluido sus desayunos deliciosos y saludables. Todo esto completa uno de los mejores retiros de yoga de Grecia que har\u00e1n que vuelvas a casa como una persona renovada.<\/p>\n\n\n<div class=\"wp-block-image\">\n<figure class=\"aligncenter size-full\"><img loading=\"lazy\" decoding=\"async\" width=\"653\" height=\"490\" src=\"https:\/\/viajerosactivos.com\/wp-content\/uploads\/2024\/12\/02-retiro-en-Glyfada-6.webp\" alt=\"02 retiro en Glyfada 6\" class=\"wp-image-28718\" srcset=\"https:\/\/viajerosactivos.com\/wp-content\/uploads\/2024\/12\/02-retiro-en-Glyfada-6.webp 653w, https:\/\/viajerosactivos.com\/wp-content\/uploads\/2024\/12\/02-retiro-en-Glyfada-6-300x225.webp 300w, https:\/\/viajerosactivos.com\/wp-content\/uploads\/2024\/12\/02-retiro-en-Glyfada-6-16x12.webp 16w\" sizes=\"auto, (max-width: 653px) 100vw, 653px\" \/><\/figure>\n<\/div>\n\n\n<h4 class=\"wp-block-heading\">Incluye<\/h4>\n\n\n\n<ul class=\"wp-block-list\">\n<li>4 noches de alojamiento<\/li>\n\n\n\n<li>Desayuno diario<\/li>\n\n\n\n<li>Sesiones de yoga y terapias personalizadas<\/li>\n\n\n\n<li>Evaluaci\u00f3n inicial y tratamientos seg\u00fan tus necesidades<\/li>\n<\/ul>\n\n\n\n<h4 class=\"wp-block-heading\">Datos importantes<\/h4>\n\n\n\n<ul class=\"wp-block-list\">\n<li><strong>Lugar<\/strong>: Glyfada, Riviera de Atenas<\/li>\n\n\n\n<li><strong>Duraci\u00f3n<\/strong>: 5 d\u00edas y 4 noches<\/li>\n\n\n\n<li><strong><strong>Fechas<\/strong><\/strong>: Todo el a\u00f1o<\/li>\n\n\n\n<li><strong>Precio<\/strong>: Desde 870 euros \/ 973 USD (precio actualizado el 09\/03\/2025)<\/li>\n\n\n\n<li><strong>Nivel<\/strong>: Todos los niveles<\/li>\n\n\n\n<li><strong>Estilos de yoga<\/strong>: Hatha y terap\u00e9utico<\/li>\n\n\n\n<li>Comprueba la disponibilidad y reserva este retiro de yoga y terapias en Glyfada en <strong><a class=\"thirstylink\" rel=\"nofollow noopener\" target=\"_blank\" title=\"retiro yoga y terapias Glyfada\" href=\"https:\/\/www.bookyogaretreats.com\/es\/yoga-skyros-academy\/5-dias-de-retiro-boutique-de-yoga-y-terapia-de-restauracion-en-la-costa-de-atenas-riviera-griega?aid=6145\" data-linkid=\"28683\" data-shortcode=\"true\">este enlace<\/a><\/strong>.<\/li>\n<\/ul>\n\n\n\n<div style=\"height:10px\" aria-hidden=\"true\" class=\"wp-block-spacer\"><\/div>\n\n\n\n<h3 class=\"wp-block-heading\" id=\"3.-Retiro-de-Yoga-en-profundidad-en-Glyfada\"><span class=\"ez-toc-section\" id=\"3_Retiro_de_Yoga_en_profundidad_en_Glyfada_costa_de_Atenas\"><\/span><a class=\"thirstylink\" rel=\"nofollow noopener\" target=\"_blank\" title=\"retiro Glyfada yoga puro\" href=\"https:\/\/www.bookyogaretreats.com\/es\/yoga-skyros-academy\/5-dias-en-retiro-de-yoga-puro-en-atenas-junto-al-mar-glyfada-riviera-griega?aid=6145\" data-linkid=\"28685\" data-shortcode=\"true\">3. Retiro de Yoga en profundidad en Glyfada, costa de Atenas<\/a><span class=\"ez-toc-section-end\"><\/span><\/h3>\n\n\n\n<p><strong><a class=\"thirstylink\" rel=\"nofollow noopener\" target=\"_blank\" title=\"retiro Glyfada yoga puro\" href=\"https:\/\/www.bookyogaretreats.com\/es\/yoga-skyros-academy\/5-dias-en-retiro-de-yoga-puro-en-atenas-junto-al-mar-glyfada-riviera-griega?aid=6145\" data-linkid=\"28685\" data-shortcode=\"true\">Este retiro de yoga<\/a><\/strong> es en el mismo centro que el retiro del punto anterior. La diferencia est\u00e1 en que este retiro es una inmersi\u00f3n completa en el yoga, que aunque es multinivel est\u00e1 m\u00e1s enfocado en los yoguis con experiencia.<\/p>\n\n\n<div class=\"wp-block-image\">\n<figure class=\"aligncenter size-full\"><img loading=\"lazy\" decoding=\"async\" width=\"653\" height=\"490\" src=\"https:\/\/viajerosactivos.com\/wp-content\/uploads\/2024\/12\/03-retiro-Glyfada-yoga-puro-4.webp\" alt=\"03 retiro Glyfada yoga puro 4\" class=\"wp-image-28720\" srcset=\"https:\/\/viajerosactivos.com\/wp-content\/uploads\/2024\/12\/03-retiro-Glyfada-yoga-puro-4.webp 653w, https:\/\/viajerosactivos.com\/wp-content\/uploads\/2024\/12\/03-retiro-Glyfada-yoga-puro-4-300x225.webp 300w, https:\/\/viajerosactivos.com\/wp-content\/uploads\/2024\/12\/03-retiro-Glyfada-yoga-puro-4-16x12.webp 16w\" sizes=\"auto, (max-width: 653px) 100vw, 653px\" \/><\/figure>\n<\/div>\n\n\n<p>Se centra en los principios del Hatha yoga, con sesiones diarias por la ma\u00f1ana y la tarde que incluyen diferentes estilos como Vinyasa, Yin, y Nidra. Adem\u00e1s, la profesora te ayudar\u00e1 a conectar tu respiraci\u00f3n con el movimiento y explorar secuencias espec\u00edficas como la \u00abGolden class\u00bb, \u00fanica de la academia.<\/p>\n\n\n\n<p>El alojamiento est\u00e1 ubicado en la tranquila Riviera Ateniense, que podr\u00e1s explorar en tu tiempo libre o visitar los <strong><a href=\"https:\/\/viajerosactivos.com\/que-hacer-en-atenas\/\">imprescindibles de Atenas<\/a><\/strong>.<\/p>\n\n\n\n<p>Este retiro no solo son clases de yoga, sino un enfoque pr\u00e1ctico e intensivo dise\u00f1ado para que profundices en su pr\u00e1ctica. Como los grupos son peque\u00f1os te aseguran una atenci\u00f3n mucho m\u00e1s personalizada. <\/p>\n\n\n<div class=\"wp-block-image\">\n<figure class=\"aligncenter size-full\"><img loading=\"lazy\" decoding=\"async\" width=\"653\" height=\"490\" src=\"https:\/\/viajerosactivos.com\/wp-content\/uploads\/2024\/12\/02-retiro-en-Glyfada-9.webp\" alt=\"02 retiro en Glyfada 9\" class=\"wp-image-28719\" srcset=\"https:\/\/viajerosactivos.com\/wp-content\/uploads\/2024\/12\/02-retiro-en-Glyfada-9.webp 653w, https:\/\/viajerosactivos.com\/wp-content\/uploads\/2024\/12\/02-retiro-en-Glyfada-9-300x225.webp 300w, https:\/\/viajerosactivos.com\/wp-content\/uploads\/2024\/12\/02-retiro-en-Glyfada-9-16x12.webp 16w\" sizes=\"auto, (max-width: 653px) 100vw, 653px\" \/><\/figure>\n<\/div>\n\n\n<h4 class=\"wp-block-heading\">Incluye<\/h4>\n\n\n\n<ul class=\"wp-block-list\">\n<li>4 noches de alojamiento<\/li>\n\n\n\n<li>Desayunos diarios<\/li>\n\n\n\n<li>Agua, caf\u00e9 y t\u00e9<\/li>\n\n\n\n<li>Clases de yoga por la ma\u00f1ana y la tarde<\/li>\n<\/ul>\n\n\n\n<h4 class=\"wp-block-heading\">Datos importantes<\/h4>\n\n\n\n<ul class=\"wp-block-list\">\n<li><strong>Lugar:<\/strong> Glyfada, Riviera Ateniense<\/li>\n\n\n\n<li><strong>Duraci\u00f3n:<\/strong> 5 d\u00edas y 4 noches<\/li>\n\n\n\n<li><strong><strong>Fechas<\/strong>:<\/strong> Disponible todo el a\u00f1o<\/li>\n\n\n\n<li><strong>Precio:<\/strong> Desde 670 euros \/ 749 USD (precio actualizado el 09\/03\/2025)<\/li>\n\n\n\n<li><strong>Nivel:<\/strong> Todos los niveles<\/li>\n\n\n\n<li><strong>Estilos de yoga:<\/strong> Hatha, Power, Vinyasa, Yin, Nidra<\/li>\n\n\n\n<li>Mira en <strong><a class=\"thirstylink\" rel=\"nofollow noopener\" target=\"_blank\" title=\"retiro Glyfada yoga puro\" href=\"https:\/\/www.bookyogaretreats.com\/es\/yoga-skyros-academy\/5-dias-en-retiro-de-yoga-puro-en-atenas-junto-al-mar-glyfada-riviera-griega?aid=6145\" data-linkid=\"28685\" data-shortcode=\"true\">este enlace<\/a><\/strong> la disponibilidad y reserva este retiro en Glyfada de yoga puro<\/li>\n<\/ul>\n\n\n\n<div style=\"height:10px\" aria-hidden=\"true\" class=\"wp-block-spacer\"><\/div>\n\n\n\n<h3 class=\"wp-block-heading\" id=\"4.-Retiro-de-Yoga-en-Corf\u00fa-con-kayak,-SUP-y-senderismo\"><span class=\"ez-toc-section\" id=\"4_Retiro_de_Yoga_en_Corfu_con_kayak_SUP_y_senderismo\"><\/span><a class=\"thirstylink\" rel=\"nofollow noopener\" target=\"_blank\" title=\"Retiro Yoga Corf\u00fa\" href=\"https:\/\/www.bookyogaretreats.com\/es\/corfu-yoga-walking-exploring-swimming-holidays\/7-dias-de-meditacion-al-atardecer-sup-yoga-playa-y-habitaciones-con-vistas-al-mar-en-la-isla-de-corfu-grecia?aid=6145\" data-linkid=\"28689\" data-shortcode=\"true\">4. Retiro de Yoga en Corf\u00fa con kayak, SUP y senderismo<\/a><span class=\"ez-toc-section-end\"><\/span><\/h3>\n\n\n\n<p>Este <strong><a class=\"thirstylink\" rel=\"nofollow noopener\" target=\"_blank\" title=\"Retiro Yoga Corf\u00fa\" href=\"https:\/\/www.bookyogaretreats.com\/es\/corfu-yoga-walking-exploring-swimming-holidays\/7-dias-de-meditacion-al-atardecer-sup-yoga-playa-y-habitaciones-con-vistas-al-mar-en-la-isla-de-corfu-grecia?aid=6145\" data-linkid=\"28689\" data-shortcode=\"true\">retiro en Corf\u00fa<\/a><\/strong> combina yoga, meditaci\u00f3n y actividades al aire libre para reconectar contigo mismo en un entorno natural \u00fanico. El retiro incluye 14 sesiones de yoga adaptadas para todos niveles, desde principiantes hasta avanzados. Las clases matutinas son de Hatha o din\u00e1micas de Vinyasa, mientras que las vespertinas se centran en Yin o yoga restaurativo, acompa\u00f1adas de meditaci\u00f3n. Para completar la experiencia, la shala tiene vistas al mar y las sesiones al atardecer son magn\u00edficas.<\/p>\n\n\n<div class=\"wp-block-image\">\n<figure class=\"aligncenter size-full\"><img loading=\"lazy\" decoding=\"async\" width=\"653\" height=\"490\" src=\"https:\/\/viajerosactivos.com\/wp-content\/uploads\/2024\/12\/04-Retiro-Yoga-Corfu-12.webp\" alt=\"04 Retiro Yoga Corf\u00fa 12\" class=\"wp-image-28722\" srcset=\"https:\/\/viajerosactivos.com\/wp-content\/uploads\/2024\/12\/04-Retiro-Yoga-Corfu-12.webp 653w, https:\/\/viajerosactivos.com\/wp-content\/uploads\/2024\/12\/04-Retiro-Yoga-Corfu-12-300x225.webp 300w, https:\/\/viajerosactivos.com\/wp-content\/uploads\/2024\/12\/04-Retiro-Yoga-Corfu-12-16x12.webp 16w\" sizes=\"auto, (max-width: 653px) 100vw, 653px\" \/><\/figure>\n<\/div>\n\n\n<p>El alojamiento est\u00e1 muy bien, tiene vistas al mar y est\u00e1 rodeado de naturaleza para una desconexi\u00f3n total. Durante el retiro, tendr\u00e1s desayunos y cenas tipo buffet, preparados con ingredientes frescos y locales.<\/p>\n\n\n\n<p>M\u00e1s all\u00e1 del yoga, este programa incluye actividades como senderismo, kayak, y paddle surf (SUP), adem\u00e1s de visitas guiadas al casco antiguo de Corf\u00fa, reconocido por la UNESCO. Cada d\u00eda tendr\u00e1s la oportunidad de explorar la isla o relajarte en la playa de aguas turquesas que est\u00e1 a unos pocos pasos.<\/p>\n\n\n\n<p>El retiro es ideal si buscas desconectar en un entorno de naturaleza, combinado con yoga y algo de aventura.<\/p>\n\n\n<div class=\"wp-block-image\">\n<figure class=\"aligncenter size-full\"><img loading=\"lazy\" decoding=\"async\" width=\"653\" height=\"490\" src=\"https:\/\/viajerosactivos.com\/wp-content\/uploads\/2024\/12\/04-Retiro-Yoga-Corfu-5.webp\" alt=\"04 Retiro Yoga Corf\u00fa 5\" class=\"wp-image-28721\" srcset=\"https:\/\/viajerosactivos.com\/wp-content\/uploads\/2024\/12\/04-Retiro-Yoga-Corfu-5.webp 653w, https:\/\/viajerosactivos.com\/wp-content\/uploads\/2024\/12\/04-Retiro-Yoga-Corfu-5-300x225.webp 300w, https:\/\/viajerosactivos.com\/wp-content\/uploads\/2024\/12\/04-Retiro-Yoga-Corfu-5-16x12.webp 16w\" sizes=\"auto, (max-width: 653px) 100vw, 653px\" \/><\/figure>\n<\/div>\n\n\n<h4 class=\"wp-block-heading\">Incluye<\/h4>\n\n\n\n<ul class=\"wp-block-list\">\n<li>6 noches de alojamiento<\/li>\n\n\n\n<li>Desayunos y cenas tipo buffet<\/li>\n\n\n\n<li>14 sesiones de yoga y meditaci\u00f3n<\/li>\n\n\n\n<li>Actividades como SUP, kayak, y senderismo<\/li>\n\n\n\n<li>Visitas al casco antiguo de Corf\u00fa<\/li>\n\n\n\n<li>Traslados desde y hacia el aeropuerto<\/li>\n<\/ul>\n\n\n\n<h4 class=\"wp-block-heading\">Datos importantes<\/h4>\n\n\n\n<ul class=\"wp-block-list\">\n<li><strong>Lugar<\/strong>: Corf\u00fa<\/li>\n\n\n\n<li><strong>Duraci\u00f3n<\/strong>: 7 d\u00edas y 6 noches<\/li>\n\n\n\n<li><strong>Fechas<\/strong>: De mediados de marzo a principios de noviembre<\/li>\n\n\n\n<li><strong>Precio<\/strong>: Desde 569 euros \/ 636 USD (precio actualizado el 09\/03\/2025)<\/li>\n\n\n\n<li><strong>Nivel<\/strong>: Principiante a avanzado<\/li>\n\n\n\n<li><strong>Estilos de yoga<\/strong>: Hatha, Vinyasa, Yin y restaurativo<\/li>\n\n\n\n<li>En <strong><a class=\"thirstylink\" rel=\"nofollow noopener\" target=\"_blank\" title=\"Retiro Yoga Corf\u00fa\" href=\"https:\/\/www.bookyogaretreats.com\/es\/corfu-yoga-walking-exploring-swimming-holidays\/7-dias-de-meditacion-al-atardecer-sup-yoga-playa-y-habitaciones-con-vistas-al-mar-en-la-isla-de-corfu-grecia?aid=6145\" data-linkid=\"28689\" data-shortcode=\"true\">este enlace<\/a><\/strong> puedes ver la disponibilidad y reservar este retiro en Corf\u00fa<\/li>\n<\/ul>\n\n\n\n<div style=\"height:10px\" aria-hidden=\"true\" class=\"wp-block-spacer\"><\/div>\n\n\n\n<h3 class=\"wp-block-heading\" id=\"5.-Retiro-de-Yoga-y-Pilates-en-Santorini\"><span class=\"ez-toc-section\" id=\"5_Retiro_de_Yoga_y_Pilates_en_Santorini\"><\/span><a class=\"thirstylink\" rel=\"nofollow noopener\" target=\"_blank\" title=\"Retiro Yoga y Pilates Santorini\" href=\"https:\/\/www.bookyogaretreats.com\/es\/sky-pilates-and-yoga\/8-dias-de-vacaciones-de-pilates-y-yoga-en-santorini-grecia?aid=6145\" data-linkid=\"28691\" data-shortcode=\"true\">5. Retiro de Yoga y Pilates en Santorini<\/a><span class=\"ez-toc-section-end\"><\/span><\/h3>\n\n\n\n<p>Este <strong><a class=\"thirstylink\" rel=\"nofollow noopener\" target=\"_blank\" title=\"Retiro Yoga y Pilates Santorini\" href=\"https:\/\/www.bookyogaretreats.com\/es\/sky-pilates-and-yoga\/8-dias-de-vacaciones-de-pilates-y-yoga-en-santorini-grecia?aid=6145\" data-linkid=\"28691\" data-shortcode=\"true\">retiro en Santorini<\/a><\/strong> combina yoga y pilates en un entorno espectacular. Se lleva a cabo en un hotel con habitaciones c\u00f3modas, cocina privadas, un hermoso jard\u00edn y una piscina. Aqu\u00ed se encuentra una shala dise\u00f1ada para las pr\u00e1cticas diarias.<\/p>\n\n\n<div class=\"wp-block-image\">\n<figure class=\"aligncenter size-full\"><img loading=\"lazy\" decoding=\"async\" width=\"653\" height=\"490\" src=\"https:\/\/viajerosactivos.com\/wp-content\/uploads\/2024\/12\/05-Retiro-Yoga-y-Pilates-Santorini-18.webp\" alt=\"05 Retiro Yoga y Pilates Santorini 18\" class=\"wp-image-28723\" srcset=\"https:\/\/viajerosactivos.com\/wp-content\/uploads\/2024\/12\/05-Retiro-Yoga-y-Pilates-Santorini-18.webp 653w, https:\/\/viajerosactivos.com\/wp-content\/uploads\/2024\/12\/05-Retiro-Yoga-y-Pilates-Santorini-18-300x225.webp 300w, https:\/\/viajerosactivos.com\/wp-content\/uploads\/2024\/12\/05-Retiro-Yoga-y-Pilates-Santorini-18-16x12.webp 16w\" sizes=\"auto, (max-width: 653px) 100vw, 653px\" \/><\/figure>\n<\/div>\n\n\n<p>Cada d\u00eda incluye sesiones de yoga y pilates adaptadas a todos los niveles, desde principiantes hasta avanzados. Adem\u00e1s, tendr\u00e1s tiempo para explorar la isla con excursiones de senderimo, paseos en catamar\u00e1n o relajarte en la isla griega m\u00e1s bonita.<\/p>\n\n\n\n<p>El retiro tambi\u00e9n incluye brunches con opciones saludables y cenas vegetarianas gourmet de cuatro a cinco platos, para que no te preocupes por nada.<\/p>\n\n\n<div class=\"wp-block-image\">\n<figure class=\"aligncenter size-full\"><img loading=\"lazy\" decoding=\"async\" width=\"653\" height=\"490\" src=\"https:\/\/viajerosactivos.com\/wp-content\/uploads\/2024\/12\/05-Retiro-Yoga-y-Pilates-Santorini-23.webp\" alt=\"05 Retiro Yoga y Pilates Santorini 23\" class=\"wp-image-28724\" srcset=\"https:\/\/viajerosactivos.com\/wp-content\/uploads\/2024\/12\/05-Retiro-Yoga-y-Pilates-Santorini-23.webp 653w, https:\/\/viajerosactivos.com\/wp-content\/uploads\/2024\/12\/05-Retiro-Yoga-y-Pilates-Santorini-23-300x225.webp 300w, https:\/\/viajerosactivos.com\/wp-content\/uploads\/2024\/12\/05-Retiro-Yoga-y-Pilates-Santorini-23-16x12.webp 16w\" sizes=\"auto, (max-width: 653px) 100vw, 653px\" \/><\/figure>\n<\/div>\n\n\n<h4 class=\"wp-block-heading\">Incluye<\/h4>\n\n\n\n<ul class=\"wp-block-list\">\n<li>7 noches de alojamiento<\/li>\n\n\n\n<li>Brunches y cenas vegetarianas<\/li>\n\n\n\n<li>Clases diarias de yoga y pilates<\/li>\n<\/ul>\n\n\n\n<h4 class=\"wp-block-heading\">Datos importantes<\/h4>\n\n\n\n<ul class=\"wp-block-list\">\n<li><strong>Lugar<\/strong>: Santorini<\/li>\n\n\n\n<li><strong>Duraci\u00f3n<\/strong>: 8 d\u00edas y 7 noches<\/li>\n\n\n\n<li><strong>Fechas<\/strong>: mayo, julio y setiembre<\/li>\n\n\n\n<li><strong>Precio<\/strong>: Desde 1.599 euros \/ 1.788 USD (precio actualizado el 09\/03\/2025)<\/li>\n\n\n\n<li><strong>Nivel<\/strong>: todos<\/li>\n\n\n\n<li><strong>Estilos de yoga<\/strong>: Hatha y Vinyasa<\/li>\n\n\n\n<li>Comprueba la disponibilidad y reserva este retiro de yoga y pilates en Santorini en <strong><a class=\"thirstylink\" rel=\"nofollow noopener\" target=\"_blank\" title=\"Retiro Yoga y Pilates Santorini\" href=\"https:\/\/www.bookyogaretreats.com\/es\/sky-pilates-and-yoga\/8-dias-de-vacaciones-de-pilates-y-yoga-en-santorini-grecia?aid=6145\" data-linkid=\"28691\" data-shortcode=\"true\">este enlace<\/a><\/strong>.<\/li>\n<\/ul>\n\n\n\n<div style=\"height:10px\" aria-hidden=\"true\" class=\"wp-block-spacer\"><\/div>\n\n\n\n<h3 class=\"wp-block-heading\" id=\"6.-Retiro-de-Yoga-y-Meditaci\u00f3n-en-Corf\u00fa\"><span class=\"ez-toc-section\" id=\"6_Retiro_de_Yoga_y_Meditacion_en_Corfu\"><\/span><a class=\"thirstylink\" rel=\"nofollow noopener\" target=\"_blank\" title=\"Retiro Yoga y Meditaci\u00f3n Corf\u00fa\" href=\"https:\/\/www.bookyogaretreats.com\/es\/yoga-corfu-villa\/5-dias-de-vacaciones-en-la-playa-para-relajarse-y-rejuvenecer-con-yoga-meditacion-y-mas-en-corfu-grecia?aid=6145\" data-linkid=\"28697\" data-shortcode=\"true\">6. Retiro de Yoga y Meditaci\u00f3n en Corf\u00fa<\/a><span class=\"ez-toc-section-end\"><\/span><\/h3>\n\n\n\n<p>Este <strong><a class=\"thirstylink\" rel=\"nofollow noopener\" target=\"_blank\" title=\"Retiro Yoga y Meditaci\u00f3n Corf\u00fa\" href=\"https:\/\/www.bookyogaretreats.com\/es\/yoga-corfu-villa\/5-dias-de-vacaciones-en-la-playa-para-relajarse-y-rejuvenecer-con-yoga-meditacion-y-mas-en-corfu-grecia?aid=6145\" data-linkid=\"28697\" data-shortcode=\"true\">retiro en la isla de Corf\u00fa<\/a><\/strong> combina relajaci\u00f3n y rejuvenecimiento con pr\u00e1cticas de yoga y meditaci\u00f3n. Situado a solo cinco minutos a pie de aguas cristalinas y rodeado de colinas verdes, es perfecto si buscas el equilibrio entre cuerpo y mente. <\/p>\n\n\n<div class=\"wp-block-image\">\n<figure class=\"aligncenter size-full\"><img loading=\"lazy\" decoding=\"async\" width=\"653\" height=\"490\" src=\"https:\/\/viajerosactivos.com\/wp-content\/uploads\/2024\/12\/06-Retiro-Yoga-y-Meditacion-Corfu-7.webp\" alt=\"06 Retiro Yoga y Meditaci\u00f3n Corf\u00fa 7\" class=\"wp-image-28726\" srcset=\"https:\/\/viajerosactivos.com\/wp-content\/uploads\/2024\/12\/06-Retiro-Yoga-y-Meditacion-Corfu-7.webp 653w, https:\/\/viajerosactivos.com\/wp-content\/uploads\/2024\/12\/06-Retiro-Yoga-y-Meditacion-Corfu-7-300x225.webp 300w, https:\/\/viajerosactivos.com\/wp-content\/uploads\/2024\/12\/06-Retiro-Yoga-y-Meditacion-Corfu-7-16x12.webp 16w\" sizes=\"auto, (max-width: 653px) 100vw, 653px\" \/><\/figure>\n<\/div>\n\n\n<p>Durante tu estad\u00eda, tendr\u00e1s dos sesiones diarias de yoga y meditaci\u00f3n con vistas a la playa. Los estilos de yoga son Hatha, Vinyasa, Yin, entre otros. Adem\u00e1s, hay sesiones de gong y cada d\u00eda organizan caminatas guiadas por pintorescos pueblos y senderos naturales. <\/p>\n\n\n\n<p>El alojamiento tiene habitaciones con vistas al mar J\u00f3nico, aire acondicionado y terrazas privadas. Algo que destaca es su comida por su enfoque saludable, con desayunos nutritivos y cenas caseras t\u00edpicas griegas.<\/p>\n\n\n\n<p>La atm\u00f3sfera relajada y el entorno natural te servir\u00e1n para desconectar del estr\u00e9s cotidiano y reconectar contigo mismo, en el retiro  de yoga en Grecia m\u00e1s barato.<\/p>\n\n\n<div class=\"wp-block-image\">\n<figure class=\"aligncenter size-full\"><img loading=\"lazy\" decoding=\"async\" width=\"653\" height=\"490\" src=\"https:\/\/viajerosactivos.com\/wp-content\/uploads\/2024\/12\/06-Retiro-Yoga-y-Meditacion-Corfu-3.webp\" alt=\"06 Retiro Yoga y Meditaci\u00f3n Corf\u00fa 3\" class=\"wp-image-28725\" srcset=\"https:\/\/viajerosactivos.com\/wp-content\/uploads\/2024\/12\/06-Retiro-Yoga-y-Meditacion-Corfu-3.webp 653w, https:\/\/viajerosactivos.com\/wp-content\/uploads\/2024\/12\/06-Retiro-Yoga-y-Meditacion-Corfu-3-300x225.webp 300w, https:\/\/viajerosactivos.com\/wp-content\/uploads\/2024\/12\/06-Retiro-Yoga-y-Meditacion-Corfu-3-16x12.webp 16w\" sizes=\"auto, (max-width: 653px) 100vw, 653px\" \/><\/figure>\n<\/div>\n\n\n<h4 class=\"wp-block-heading\">Incluye<\/h4>\n\n\n\n<ul class=\"wp-block-list\">\n<li>4 noches de alojamiento<\/li>\n\n\n\n<li>Desayunos y cenas caseras<\/li>\n\n\n\n<li>2 sesiones diarias de yoga y meditaci\u00f3n<\/li>\n\n\n\n<li>Senderismo guiado<\/li>\n\n\n\n<li>Visita a la ciudad de Corf\u00fa<\/li>\n\n\n\n<li>Traslados desde y hacia el aeropuerto<\/li>\n<\/ul>\n\n\n\n<h4 class=\"wp-block-heading\">Datos importantes<\/h4>\n\n\n\n<ul class=\"wp-block-list\">\n<li><strong>Lugar<\/strong>: Corf\u00fa<\/li>\n\n\n\n<li><strong>Duraci\u00f3n<\/strong>: 5 d\u00edas y 4 noches<\/li>\n\n\n\n<li><strong>Fechas<\/strong>: De marzo a octubre<\/li>\n\n\n\n<li><strong>Precio<\/strong>: Desde 399 euros \/ 446 USD (precio actualizado el 09\/03\/2025)<\/li>\n\n\n\n<li><strong>Nivel<\/strong>: Principiante a avanzado<\/li>\n\n\n\n<li><strong>Estilos de yoga<\/strong>: Hatha, Vinyasa, Yin, Restaurativo, Nidra y Ashtanga<\/li>\n\n\n\n<li>Mira en <strong><a class=\"thirstylink\" rel=\"nofollow noopener\" target=\"_blank\" title=\"Retiro Yoga y Meditaci\u00f3n Corf\u00fa\" href=\"https:\/\/www.bookyogaretreats.com\/es\/yoga-corfu-villa\/5-dias-de-vacaciones-en-la-playa-para-relajarse-y-rejuvenecer-con-yoga-meditacion-y-mas-en-corfu-grecia?aid=6145\" data-linkid=\"28697\" data-shortcode=\"true\">este enlace<\/a><\/strong> la disponibilidad y reserva este retiro espiritual en Corf\u00fa<\/li>\n<\/ul>\n\n\n\n<div style=\"height:10px\" aria-hidden=\"true\" class=\"wp-block-spacer\"><\/div>\n\n\n\n<h3 class=\"wp-block-heading\" id=\"7.-Retiro-de-Yoga-en-el-Peloponeso\"><span class=\"ez-toc-section\" id=\"7_Retiro_de_Yoga_en_el_Peloponeso\"><\/span><a class=\"thirstylink\" rel=\"nofollow noopener\" target=\"_blank\" title=\"Retiro Yoga Peloponeso\" href=\"https:\/\/www.bookyogaretreats.com\/es\/limnisa-greece\/8-dias-de-retiro-de-yoga-y-escritura-junto-al-sonido-del-mar-en-el-peloponeso-grecia?aid=6145\" data-linkid=\"28701\" data-shortcode=\"true\">7. Retiro de Yoga en el Peloponeso<\/a><span class=\"ez-toc-section-end\"><\/span><\/h3>\n\n\n\n<p><strong><a class=\"thirstylink\" rel=\"nofollow noopener\" target=\"_blank\" title=\"Retiro Yoga Peloponeso\" href=\"https:\/\/www.bookyogaretreats.com\/es\/limnisa-greece\/8-dias-de-retiro-de-yoga-y-escritura-junto-al-sonido-del-mar-en-el-peloponeso-grecia?aid=6145\" data-linkid=\"28701\" data-shortcode=\"true\">Este retiro<\/a><\/strong> en el Peloponeso combina yoga y escritura en un entorno sereno junto al mar. Durante ocho d\u00edas, tendr\u00e1s la oportunidad de reconectar contigo mismo a trav\u00e9s de pr\u00e1cticas diarias de yoga y sesiones de escritura creativa.<\/p>\n\n\n<div class=\"wp-block-image\">\n<figure class=\"aligncenter size-full\"><img loading=\"lazy\" decoding=\"async\" width=\"653\" height=\"490\" src=\"https:\/\/viajerosactivos.com\/wp-content\/uploads\/2024\/12\/07-Retiro-Yoga-Peloponeso-5.webp\" alt=\"07 Retiro Yoga Peloponeso 5\" class=\"wp-image-28728\" srcset=\"https:\/\/viajerosactivos.com\/wp-content\/uploads\/2024\/12\/07-Retiro-Yoga-Peloponeso-5.webp 653w, https:\/\/viajerosactivos.com\/wp-content\/uploads\/2024\/12\/07-Retiro-Yoga-Peloponeso-5-300x225.webp 300w, https:\/\/viajerosactivos.com\/wp-content\/uploads\/2024\/12\/07-Retiro-Yoga-Peloponeso-5-16x12.webp 16w\" sizes=\"auto, (max-width: 653px) 100vw, 653px\" \/><\/figure>\n<\/div>\n\n\n<p>Las clases de yoga de Hatha adaptados para todos los niveles, y las sesiones suelen realizarse al aire libre, con vistas al mar o en un hermoso estudio lleno de luz natural. La escritura se inspira en el paisaje y la tranquilidad del lugar, ayud\u00e1ndote a desbloquear tu creatividad.<\/p>\n\n\n\n<p>En lo que se refiere al alojamiento es en una encantadora casa frente al mar, rodeada de jardines donde puedes relajarte y escuchar el sonido de las olas. Las comidas son vegetarianas y preparadas con ingredientes locales, frescos y de temporada, una experiencia culinaria deliciosa y nutritiva.<\/p>\n\n\n\n<p>Este retiro tan especial es perfecto si buscas una experiencia introspectiva en un entorno natural \u00fanico.<\/p>\n\n\n<div class=\"wp-block-image\">\n<figure class=\"aligncenter size-full\"><img loading=\"lazy\" decoding=\"async\" width=\"653\" height=\"490\" src=\"https:\/\/viajerosactivos.com\/wp-content\/uploads\/2024\/12\/07-Retiro-Yoga-Peloponeso-3.webp\" alt=\"07 Retiro Yoga Peloponeso 3\" class=\"wp-image-28727\" srcset=\"https:\/\/viajerosactivos.com\/wp-content\/uploads\/2024\/12\/07-Retiro-Yoga-Peloponeso-3.webp 653w, https:\/\/viajerosactivos.com\/wp-content\/uploads\/2024\/12\/07-Retiro-Yoga-Peloponeso-3-300x225.webp 300w, https:\/\/viajerosactivos.com\/wp-content\/uploads\/2024\/12\/07-Retiro-Yoga-Peloponeso-3-16x12.webp 16w\" sizes=\"auto, (max-width: 653px) 100vw, 653px\" \/><\/figure>\n<\/div>\n\n\n<h4 class=\"wp-block-heading\">Incluye<\/h4>\n\n\n\n<ul class=\"wp-block-list\">\n<li>7 noches de alojamiento<\/li>\n\n\n\n<li>Desayuno, almuerzo y cenas vegetarianas o veganas<\/li>\n\n\n\n<li>Clases de yoga diarias<\/li>\n\n\n\n<li>Eventos nocturnos para leer tu escritura<\/li>\n\n\n\n<li>Momentos privados de silencio<\/li>\n<\/ul>\n\n\n\n<h4 class=\"wp-block-heading\">Datos importantes<\/h4>\n\n\n\n<ul class=\"wp-block-list\">\n<li><strong>Lugar<\/strong>: Peloponeso<\/li>\n\n\n\n<li><strong>Duraci\u00f3n<\/strong>: 8 d\u00edas y 7 noches<\/li>\n\n\n\n<li><strong>Fechas<\/strong>: Mayo y septiembre<\/li>\n\n\n\n<li><strong>Precio<\/strong>: Desde 695 euros \/ 777 USD (precio actualizado el 09\/03\/2025)<\/li>\n\n\n\n<li><strong>Nivel<\/strong>: Principiante, intermedio y avanzado<\/li>\n\n\n\n<li><strong>Estilo de yoga<\/strong>: Hatha<\/li>\n\n\n\n<li>En <strong><a class=\"thirstylink\" rel=\"nofollow noopener\" target=\"_blank\" title=\"Retiro Yoga Peloponeso\" href=\"https:\/\/www.bookyogaretreats.com\/es\/limnisa-greece\/8-dias-de-retiro-de-yoga-y-escritura-junto-al-sonido-del-mar-en-el-peloponeso-grecia?aid=6145\" data-linkid=\"28701\" data-shortcode=\"true\">este enlace<\/a><\/strong> puedes ver la disponibilidad y reservar este retiro de yoga y escritura en el Peloponeso<\/li>\n<\/ul>\n\n\n\n<div style=\"height:10px\" aria-hidden=\"true\" class=\"wp-block-spacer\"><\/div>\n\n\n\n<h2 class=\"wp-block-heading\"><span class=\"ez-toc-section\" id=\"Tabla_comparativa\"><\/span>Tabla comparativa<span class=\"ez-toc-section-end\"><\/span><\/h2>\n\n\n\n<p>Si despu\u00e9s de leer todo el art\u00edculo a\u00fan no te decides cu\u00e1l es el mejor retiro de yoga en Grecia para t\u00ed, esta tabla comparativa te puede ayudar.<\/p>\n\n\n\n\n\n<\/p>\n\n\n\n<figure class=\"wp-block-table is-style-stripes\" style=\"font-size:15px\"><table class=\"has-fixed-layout\"><thead><tr><th>Retiro<\/th><th>Tipo de Yoga<\/th><th class=\"has-text-align-left\" data-align=\"left\">Extras<\/th><th class=\"has-text-align-center\" data-align=\"center\">Lugar<\/th><th class=\"has-text-align-center\" data-align=\"center\">Duraci\u00f3n<\/th><th class=\"has-text-align-center\" data-align=\"center\">Precio *<\/th><th class=\"has-text-align-center\" data-align=\"center\">Fechas y reserva<\/th><\/tr><\/thead><tbody><tr><td><strong><a href=\"#1-retiro-yoga-y-meditacion-cos\">1. Retiro de Yoga y Meditaci\u00f3n<\/a><\/strong><\/td><td>Hatha, Yin, Restaurativo<\/td><td class=\"has-text-align-left\" data-align=\"left\">&#8211; Visita ba\u00f1os termales <br>&#8211; Traslado aerop.<\/td><td class=\"has-text-align-center\" data-align=\"center\">Cos<\/td><td class=\"has-text-align-center\" data-align=\"center\">8 d\u00edas y 7 noches<\/td><td class=\"has-text-align-center\" data-align=\"center\">995 euros<br>1.113 USD<\/td><td class=\"has-text-align-center\" data-align=\"center\"><a class=\"wp-block-button__link has-base-3-color has-text-color has-background has-link-color wp-element-button\" style=\"border-radius:16px;background-color:#ff0000\" href=\"https:\/\/viajerosactivos.com\/recomendado\/retiro-yoga-cos-TC-EN\/\" target=\"_blank\" rel=\"noreferrer noopener\"><strong>Reservar<\/strong><\/a><\/td><\/tr><tr><td><strong><a href=\"#2.-Retiro-de-Yoga-y-terapias-en-Glyfada\">2. Retiro de Yoga y terapias<\/a><\/strong><\/td><td>Hatha y terap\u00e9utico<\/td><td class=\"has-text-align-left\" data-align=\"left\">&#8211; Terapias personalizadas<br>&#8211; Evaluaci\u00f3n inicial <\/td><td class=\"has-text-align-center\" data-align=\"center\">Glyfada<\/td><td class=\"has-text-align-center\" data-align=\"center\">5 d\u00edas y 4 noches<\/td><td class=\"has-text-align-center\" data-align=\"center\">870 euros<br>973 USD<\/td><td class=\"has-text-align-center\" data-align=\"center\"><a class=\"wp-block-button__link has-base-3-color has-text-color has-background has-link-color wp-element-button\" style=\"border-radius:16px;background-color:#ff0000\" href=\"https:\/\/viajerosactivos.com\/recomendado\/retiro-yoga-y-terapias-glyfada-TC-EN\/\" target=\"_blank\" rel=\"noreferrer noopener\"><strong>Reservar<\/strong><\/a><\/td><\/tr><tr><td><strong><a href=\"#3.-Retiro-de-Yoga-en-profundidad-en-Glyfada\">3. Retiro de Yoga en profundidad<\/a><\/strong><\/td><td>Hatha, Power, Vinyasa, Yin, Nidra<\/td><td class=\"has-text-align-left\" data-align=\"left\">&#8212;&#8212;&#8212;&#8212;&#8212;&#8212;<\/td><td class=\"has-text-align-center\" data-align=\"center\">Glyfada<\/td><td class=\"has-text-align-center\" data-align=\"center\">5 d\u00edas y 4 noches<\/td><td class=\"has-text-align-center\" data-align=\"center\">670 euros<br>749 USD<\/td><td class=\"has-text-align-center\" data-align=\"center\"><a class=\"wp-block-button__link has-base-3-color has-text-color has-background has-link-color wp-element-button\" style=\"border-radius:16px;background-color:#ff0000\" href=\"https:\/\/viajerosactivos.com\/recomendado\/retiro-glyfada-yoga-puro-TC-EN\/\" target=\"_blank\" rel=\"noreferrer noopener\"><strong>Reservar<\/strong><\/a><\/td><\/tr><tr><td><strong><a href=\"#4.-Retiro-de-Yoga-en-Corf\u00fa-con-kayak,-SUP-y-senderismo\">4. Retiro de Yoga con actividades<\/a><\/strong><\/td><td>Hatha, Vinyasa, Yin y restaurativo<\/td><td class=\"has-text-align-left\" data-align=\"left\">&#8211; SUP, kayak, y senderismo<br>&#8211; Visita a Corf\u00fa<br>&#8211; Traslado aerop.<\/td><td class=\"has-text-align-center\" data-align=\"center\">Corf\u00fa<\/td><td class=\"has-text-align-center\" data-align=\"center\"><span style=\"font-size: inherit; background-color: initial; font-family: inherit;\">7 d\u00edas y 6 noches<\/span><\/td><td class=\"has-text-align-center\" data-align=\"center\">569 euros<br>636 USD<\/td><td class=\"has-text-align-center\" data-align=\"center\"><a class=\"wp-block-button__link has-base-3-color has-text-color has-background has-link-color wp-element-button\" style=\"border-radius:16px;background-color:#ff0000\" href=\"https:\/\/viajerosactivos.com\/recomendado\/retiro-yoga-corfu-TC-EN\/\" target=\"_blank\" rel=\"noreferrer noopener\"><strong>Reservar<\/strong><\/a><\/td><\/tr><tr><td><strong><a href=\"#5.-Retiro-de-Yoga-y-Pilates-en-Santorini\">5. Retiro de Yoga y Pilates<\/a><\/strong><\/td><td>Hatha y Vinyasa<\/td><td class=\"has-text-align-left\" data-align=\"left\">&#8211; Pilates<\/td><td class=\"has-text-align-center\" data-align=\"center\">Santorini<\/td><td class=\"has-text-align-center\" data-align=\"center\">8 d\u00edas y 7 noches<\/td><td class=\"has-text-align-center\" data-align=\"center\">1.599 euros<br>1.788 USD<\/td><td class=\"has-text-align-center\" data-align=\"center\"><a class=\"wp-block-button__link has-base-3-color has-text-color has-background has-link-color wp-element-button\" style=\"border-radius:16px;background-color:#ff0000\" href=\"https:\/\/viajerosactivos.com\/recomendado\/retiro-yoga-y-pilates-santorini-TC-EN\/\" target=\"_blank\" rel=\"noreferrer noopener\"><strong>Reservar<\/strong><\/a><\/td><\/tr><tr><td><strong><a href=\"#6.-Retiro-de-Yoga-y-Meditaci\u00f3n-en-Corf\u00fa\">6. Retiro de Meditaci\u00f3n y Yoga<\/a><\/strong><\/td><td>Hatha, Vinyasa, Yin, Restaurativo, Nidra y Ashtanga<\/td><td class=\"has-text-align-left\" data-align=\"left\">&#8211; Rutas de senderismo<br>&#8211; Visita a Corf\u00fa<br>&#8211; Traslado aerop.<\/td><td class=\"has-text-align-center\" data-align=\"center\">Corf\u00fa<\/td><td class=\"has-text-align-center\" data-align=\"center\">5 d\u00edas y 4 noches<\/td><td class=\"has-text-align-center\" data-align=\"center\">399 euros<br>446 USD<\/td><td class=\"has-text-align-center\" data-align=\"center\"><a class=\"wp-block-button__link has-base-3-color has-text-color has-background has-link-color wp-element-button\" style=\"border-radius:16px;background-color:#ff0000\" href=\"https:\/\/viajerosactivos.com\/recomendado\/retiro-yoga-y-meditacion-corfu-TC-EN\/\" target=\"_blank\" rel=\"noreferrer noopener\"><strong>Reservar<\/strong><\/a><\/td><\/tr><tr><td><strong><a href=\"#7.-Retiro-de-Yoga-en-el-Peloponeso\">7. Retiro de Yoga y escritura<\/a><\/strong><\/td><td>Hatha<\/td><td class=\"has-text-align-left\" data-align=\"left\">&#8211; Lectura grupal<br>&#8211; Momentos de silencio<\/td><td class=\"has-text-align-center\" data-align=\"center\">Peloponeso<\/td><td class=\"has-text-align-center\" data-align=\"center\">8 d\u00edas y 7 noches<\/td><td class=\"has-text-align-center\" data-align=\"center\">695 euros<br>777 USD<\/td><td class=\"has-text-align-center\" data-align=\"center\"><a class=\"wp-block-button__link has-base-3-color has-text-color has-background has-link-color wp-element-button\" style=\"border-radius:16px;background-color:#ff0000\" href=\"https:\/\/viajerosactivos.com\/recomendado\/retiro-yoga-peloponeso-TC-EN\/\" target=\"_blank\" rel=\"noreferrer noopener\"><strong>Reservar<\/strong><\/a><\/td><\/tr><\/tbody><\/table><\/figure>\n\n\n<p>\n\n\n\n<p>* Precios actualizados el 09\/03\/2025.<\/p>\n\n\n\n<p class=\"caja-linea\">En caso de que quieres releer alg\u00fan retiro, clica en el nombre del retiro que est\u00e1 en la primera columna para volver arriba.<\/p>\n\n\n\n<div style=\"height:10px\" aria-hidden=\"true\" class=\"wp-block-spacer\"><\/div>\n\n\n\n<h2 class=\"wp-block-heading\"><span class=\"ez-toc-section\" id=\"Recomendaciones\"><\/span>Recomendaciones <span class=\"ez-toc-section-end\"><\/span><\/h2>\n\n\n\n<p>Aqu\u00ed te dejo algunas recomendaciones finales que te ayudar\u00e1n a encontrar el retiro perfecto para t\u00ed, todo desde mi experiencia como yogui haciendo retiros y de vivir en Grecia:<\/p>\n\n\n\n<ol class=\"wp-block-list\">\n<li><strong>Elegir el retiro<\/strong>: Busca el retiro que mejor se adapte a tus preferencias seg\u00fan el estilo de yoga, actividades adicionales e incluso la zona de Grecia que quieras visitar.<\/li>\n\n\n\n<li><strong>Fechas<\/strong>: Tambi\u00e9n debes tener en cuenta que la mayor\u00eda de estos retiros no se organizan en invierno y algunos dependiendo de la localizaci\u00f3n, tampoco en los meses de m\u00e1s calor. Si viajas a <strong><a href=\"https:\/\/viajerosactivos.com\/grecia-en-invierno\/\">Grecia en invierno<\/a><\/strong>, los \u00fanicos retiros con disponibilidad todo el a\u00f1o son el n\u00famero 2 y 3 en Glyfada.<\/li>\n\n\n\n<li><strong>Viaje en solitario<\/strong>: Algo maravilloso de los retiros es la posibilidad de conocer a otra gente af\u00edn y pasar unas vacaciones plenas en buena compa\u00f1\u00eda, por eso es ideal si viajas en solitario. Adem\u00e1s, los profesores de yoga son expertos creando un ambiente seguro y acogedor.<\/li>\n\n\n\n<li><strong>Yoguis principiantes<\/strong>: Si nunca has practicado yoga, no te preocupes, todos los retiros de este art\u00edculo son multinivel. Es decir, el profesor siempre da posturas alternativas. La \u00fanica excepci\u00f3n es el retiro n\u00famero 3, es para todos los niveles, pero se trata de un retiro de yoga m\u00e1s intenso, solo te lo recomiendo si practicas ejercicio con regularidad.<\/li>\n<\/ol>\n\n\n<div class=\"wp-block-image\">\n<figure class=\"aligncenter size-full\"><img loading=\"lazy\" decoding=\"async\" width=\"653\" height=\"490\" src=\"https:\/\/viajerosactivos.com\/wp-content\/uploads\/2024\/12\/06-Retiro-Yoga-y-Meditacion-Corfu.webp\" alt=\"06 Retiro Yoga y Meditaci\u00f3n Corf\u00fa\" class=\"wp-image-28730\" srcset=\"https:\/\/viajerosactivos.com\/wp-content\/uploads\/2024\/12\/06-Retiro-Yoga-y-Meditacion-Corfu.webp 653w, https:\/\/viajerosactivos.com\/wp-content\/uploads\/2024\/12\/06-Retiro-Yoga-y-Meditacion-Corfu-300x225.webp 300w, https:\/\/viajerosactivos.com\/wp-content\/uploads\/2024\/12\/06-Retiro-Yoga-y-Meditacion-Corfu-16x12.webp 16w\" sizes=\"auto, (max-width: 653px) 100vw, 653px\" \/><\/figure>\n<\/div>\n\n\n<ol start=\"5\" class=\"wp-block-list\">\n<li><strong>Material de yoga<\/strong>: A los retiros no te har\u00e1 falta llevar nada, todo el material lo tendr\u00e1s incluido. Aunque personalmente siempre prefiero llevar mi propia esterilla, sobre todo por higiene. Si no tienes espacio en la maleta, las <strong><a class=\"thirstylink\" rel=\"nofollow noopener\" target=\"_blank\" title=\"Toalla de yoga\" href=\"https:\/\/amzn.to\/3sHXkyd\" data-linkid=\"6285\" data-shortcode=\"true\">toallas de yoga<\/a><\/strong> como la del enlace son una excelente alternativa.<\/li>\n\n\n\n<li><strong>Qu\u00e9 ropa y calzado llevar<\/strong>: Necesitar\u00e1s ropa c\u00f3moda y algo de abrigo para las meditaciones. Adem\u00e1s, recuerda llevar todo lo que vayas a necesitar para las actividades adicionales como calzado de senderismo, ba\u00f1ador y otras cosas similares. Si vas a visitar las playas griegas, tambi\u00e9n es una buena idea que lleves un <strong><a class=\"thirstylink\" rel=\"nofollow noopener\" target=\"_blank\" title=\"Calzado de agua\" href=\"https:\/\/amzn.to\/3mFKOK2\" data-linkid=\"4945\" data-shortcode=\"true\">calzado de agua<\/a><\/strong> como este, porque muchas playas son de piedras o guijarros. <\/li>\n\n\n\n<li><strong>Reservas y Descuentos<\/strong>: Te recomiendo que reserves el retiro de yoga que te interese con tiempo, los m\u00e1s populares se suelen agotar porque las plazas son reducidas. Adem\u00e1s, si reservas con antelaci\u00f3n, algunos ofrecen descuentos.<\/li>\n\n\n\n<li><strong>Dudas<\/strong>: Si necesitas m\u00e1s informaci\u00f3n, entra al enlace del retiro que te interese y abajo ver\u00e1s un bot\u00f3n verde que dice \u00abenviar pregunta\u00bb y te responder\u00e1n directamente los organizadores del retiro. \ud83d\ude09<\/li>\n<\/ol>\n\n\n\n<div style=\"height:10px\" aria-hidden=\"true\" class=\"wp-block-spacer\"><\/div>\n\n\n\n<h2 class=\"wp-block-heading\"><span class=\"ez-toc-section\" id=\"Pensamientos_finales\"><\/span>Pensamientos finales<span class=\"ez-toc-section-end\"><\/span><\/h2>\n\n\n\n<p>Estos son los mejores retiros de yoga en Grecia para disfrutar de lugares impresionantes al mismo tiempo que vives una experiencia transformadora que combina bienestar, cultura y naturaleza. Cualquiera de los retiros que te he recomendado te permitir\u00e1 relajarte, rejuvenecer y regresar a casa con energ\u00edas renovadas. Si buscas un destino que inspire y te conecte contigo mismo, Grecia tiene el retiro perfecto esper\u00e1ndote. <\/p>\n\n\n\n<p>En caso de que vayas a aprovechar a recorrer Grecia, en <strong><a href=\"https:\/\/viajerosactivos.com\/guia-de-viaje-a-grecia\/\">esta gu\u00eda<\/a><\/strong> puedes seguir leyendo todos mis art\u00edculos, basados en mi experiencia personal de vivir en el pa\u00eds.<\/p>\n\n\n\n<p>Si tienes alguna duda, d\u00e9jame un comentario abajo y si te ha parecido \u00fatil el art\u00edculo, <strong>comp\u00e1rtelo con otros yoguis<\/strong>. \u00a1Namast\u00e9! \ud83d\ude4f<\/p>\n\n\n\n<div style=\"height:10px\" aria-hidden=\"true\" class=\"wp-block-spacer\"><\/div>\n\n\n\n<h4 class=\"wp-block-heading\"><strong>M\u00e1s Retiros de Yoga por el mundo<\/strong><\/h4>\n\n\n<style>.kb-posts-id-28667_902c1c-ef .entry.loop-entry .entry-header .entry-title{font-size:20px;line-height:25px;}.kb-posts-id-28667_902c1c-ef .kb-post-list-item{display:grid;}@media all and (max-width: 1024px){.kb-posts-id-28667_902c1c-ef .entry.loop-entry .entry-header .entry-title{font-size:20px;line-height:25px;}}@media all and (max-width: 767px){.kb-posts-id-28667_902c1c-ef .entry.loop-entry .entry-header .entry-title{font-size:20px;line-height:25px;}}<\/style><ul class=\"wp-block-kadence-posts kb-posts kadence-posts-list kb-posts-id-28667_902c1c-ef content-wrap grid-cols kb-posts-style-unboxed grid-sm-col-3 grid-lg-col-3 item-image-style-above\"><li class=\"kb-post-list-item\">\n\t<article class=\"entry content-bg loop-entry post-28667 post type-post status-publish format-standard has-post-thumbnail hentry category-grecia tag-retiros-yoga-mundo tag-yoga-en-grecia no-featured-image-padding resize-featured-image\">\n\t\t\t\t<a aria-hidden=\"true\" tabindex=\"-1\" role=\"presentation\" class=\"post-thumbnail kadence-thumbnail-ratio-2-3\" href=\"https:\/\/viajerosactivos.com\/en\/retiros-de-yoga-en-grecia\/\" aria-label=\"7 Mejores Retiros de Yoga en Grecia\">\n\t\t\t<div class=\"post-thumbnail-inner\">\n\t\t\t\t<img loading=\"lazy\" decoding=\"async\" width=\"653\" height=\"490\" src=\"https:\/\/viajerosactivos.com\/wp-content\/uploads\/2024\/12\/06-Retiro-Yoga-y-Meditacion-Corfu-13.webp\" class=\"attachment-medium_large size-medium_large wp-post-image\" alt=\"06 Retiro Yoga y Meditaci\u00f3n Corf\u00fa 13\" srcset=\"https:\/\/viajerosactivos.com\/wp-content\/uploads\/2024\/12\/06-Retiro-Yoga-y-Meditacion-Corfu-13.webp 653w, https:\/\/viajerosactivos.com\/wp-content\/uploads\/2024\/12\/06-Retiro-Yoga-y-Meditacion-Corfu-13-300x225.webp 300w, https:\/\/viajerosactivos.com\/wp-content\/uploads\/2024\/12\/06-Retiro-Yoga-y-Meditacion-Corfu-13-16x12.webp 16w\" sizes=\"auto, (max-width: 653px) 100vw, 653px\" \/>\t\t\t<\/div>\n\t\t<\/a><!-- .post-thumbnail -->\n\t\t\t\t<div class=\"entry-content-wrap\">\n\t\t\t<header class=\"entry-header\">\n\t<h6 class=\"entry-title\"><a href=\"https:\/\/viajerosactivos.com\/en\/retiros-de-yoga-en-grecia\/\" rel=\"bookmark\">7 Mejores Retiros de Yoga en Grecia<\/a><\/h6><\/header><!-- .entry-header -->\n<footer class=\"entry-footer\">\n\t<\/footer><!-- .entry-footer -->\t\t<\/div>\n\t<\/article>\n<\/li>\n<li class=\"kb-post-list-item\">\n\t<article class=\"entry content-bg loop-entry post-6465 post type-post status-publish format-standard has-post-thumbnail hentry category-informacion-practica-tailandia tag-actividades-para-viajeros-activos tag-retiros-yoga-mundo tag-yoga-en-chiang-mai tag-yoga-en-tailandia tag-yoga-sudeste-asiatico no-featured-image-padding resize-featured-image\">\n\t\t\t\t<a aria-hidden=\"true\" tabindex=\"-1\" role=\"presentation\" class=\"post-thumbnail kadence-thumbnail-ratio-2-3\" href=\"https:\/\/viajerosactivos.com\/en\/retiros-en-tailandia\/\" aria-label=\"7 Mejores Retiros en Tailandia: de yoga y meditaci\u00f3n\">\n\t\t\t<div class=\"post-thumbnail-inner\">\n\t\t\t\t<img loading=\"lazy\" decoding=\"async\" width=\"750\" height=\"500\" src=\"https:\/\/viajerosactivos.com\/wp-content\/uploads\/2023\/05\/wat-saket-en-bangkok-itinerario-por-tailandia.jpg\" class=\"attachment-medium_large size-medium_large wp-post-image\" alt=\"wat-saket-en-bangkok---itinerario-por-tailandia\" srcset=\"https:\/\/viajerosactivos.com\/wp-content\/uploads\/2023\/05\/wat-saket-en-bangkok-itinerario-por-tailandia.jpg 750w, https:\/\/viajerosactivos.com\/wp-content\/uploads\/2023\/05\/wat-saket-en-bangkok-itinerario-por-tailandia-300x200.jpg 300w\" sizes=\"auto, (max-width: 750px) 100vw, 750px\" \/>\t\t\t<\/div>\n\t\t<\/a><!-- .post-thumbnail -->\n\t\t\t\t<div class=\"entry-content-wrap\">\n\t\t\t<header class=\"entry-header\">\n\t<h6 class=\"entry-title\"><a href=\"https:\/\/viajerosactivos.com\/en\/retiros-en-tailandia\/\" rel=\"bookmark\">7 Mejores Retiros en Tailandia: de yoga y meditaci\u00f3n<\/a><\/h6><\/header><!-- .entry-header -->\n<footer class=\"entry-footer\">\n\t<\/footer><!-- .entry-footer -->\t\t<\/div>\n\t<\/article>\n<\/li>\n<li class=\"kb-post-list-item\">\n\t<article class=\"entry content-bg loop-entry post-3077 post type-post status-publish format-standard has-post-thumbnail hentry category-indonesia tag-retiros-yoga-mundo tag-yoga-en-bali tag-yoga-sudeste-asiatico no-featured-image-padding resize-featured-image\">\n\t\t\t\t<a aria-hidden=\"true\" tabindex=\"-1\" role=\"presentation\" class=\"post-thumbnail kadence-thumbnail-ratio-2-3\" href=\"https:\/\/viajerosactivos.com\/en\/5-retiros-de-yoga-en-bali\/\" aria-label=\"5 mejores Retiros de Yoga en Bali\">\n\t\t\t<div class=\"post-thumbnail-inner\">\n\t\t\t\t<img loading=\"lazy\" decoding=\"async\" width=\"768\" height=\"552\" src=\"https:\/\/viajerosactivos.com\/wp-content\/uploads\/2020\/07\/canoe-on-body-of-water-1280-768x552.jpg\" class=\"attachment-medium_large size-medium_large wp-post-image\" alt=\"templo bali indonesia\" srcset=\"https:\/\/viajerosactivos.com\/wp-content\/uploads\/2020\/07\/canoe-on-body-of-water-1280-768x552.jpg 768w, https:\/\/viajerosactivos.com\/wp-content\/uploads\/2020\/07\/canoe-on-body-of-water-1280-300x216.jpg 300w, https:\/\/viajerosactivos.com\/wp-content\/uploads\/2020\/07\/canoe-on-body-of-water-1280-1024x736.jpg 1024w, https:\/\/viajerosactivos.com\/wp-content\/uploads\/2020\/07\/canoe-on-body-of-water-1280.jpg 1280w\" sizes=\"auto, (max-width: 768px) 100vw, 768px\" \/>\t\t\t<\/div>\n\t\t<\/a><!-- .post-thumbnail -->\n\t\t\t\t<div class=\"entry-content-wrap\">\n\t\t\t<header class=\"entry-header\">\n\t<h6 class=\"entry-title\"><a href=\"https:\/\/viajerosactivos.com\/en\/5-retiros-de-yoga-en-bali\/\" rel=\"bookmark\">5 mejores Retiros de Yoga en Bali<\/a><\/h6><\/header><!-- .entry-header -->\n<footer class=\"entry-footer\">\n\t<\/footer><!-- .entry-footer -->\t\t<\/div>\n\t<\/article>\n<\/li>\n<\/ul>\n\n\n<h4 class=\"wp-block-heading\"><strong>M\u00e1s sobre Grecia<\/strong><\/h4>\n\n\n<style>.kb-posts-id-28667_072352-fb .entry.loop-entry .entry-header .entry-title{font-size:20px;line-height:25px;}.kb-posts-id-28667_072352-fb .kb-post-list-item{display:grid;}@media all and (max-width: 1024px){.kb-posts-id-28667_072352-fb .entry.loop-entry .entry-header .entry-title{font-size:20px;line-height:25px;}}@media all and (max-width: 767px){.kb-posts-id-28667_072352-fb .entry.loop-entry .entry-header .entry-title{font-size:20px;line-height:25px;}}<\/style><ul class=\"wp-block-kadence-posts kb-posts kadence-posts-list kb-posts-id-28667_072352-fb content-wrap grid-cols kb-posts-style-boxed grid-sm-col-3 grid-lg-col-3 item-image-style-above\"><li class=\"kb-post-list-item\">\n\t<article class=\"entry content-bg loop-entry post-34402 post type-post status-publish format-standard has-post-thumbnail hentry category-grecia tag-grecia tag-meteora no-featured-image-padding\">\n\t\t\t\t<a aria-hidden=\"true\" tabindex=\"-1\" role=\"presentation\" class=\"post-thumbnail kadence-thumbnail-ratio-2-3\" href=\"https:\/\/viajerosactivos.com\/en\/donde-alojarse-en-meteora\/\" aria-label=\"D\u00f3nde alojarse en Meteora: mejores zonas y hoteles\">\n\t\t\t<div class=\"post-thumbnail-inner\">\n\t\t\t\t<img loading=\"lazy\" decoding=\"async\" width=\"768\" height=\"512\" src=\"https:\/\/viajerosactivos.com\/wp-content\/uploads\/2026\/03\/paisaje-meteora-768x512.webp\" class=\"attachment-medium_large size-medium_large wp-post-image\" alt=\"paisaje-meteora\" srcset=\"https:\/\/viajerosactivos.com\/wp-content\/uploads\/2026\/03\/paisaje-meteora-768x512.webp 768w, https:\/\/viajerosactivos.com\/wp-content\/uploads\/2026\/03\/paisaje-meteora-300x200.webp 300w, https:\/\/viajerosactivos.com\/wp-content\/uploads\/2026\/03\/paisaje-meteora-18x12.webp 18w, https:\/\/viajerosactivos.com\/wp-content\/uploads\/2026\/03\/paisaje-meteora.webp 900w\" sizes=\"auto, (max-width: 768px) 100vw, 768px\" \/>\t\t\t<\/div>\n\t\t<\/a><!-- .post-thumbnail -->\n\t\t\t\t<div class=\"entry-content-wrap\">\n\t\t\t<header class=\"entry-header\">\n\t<h5 class=\"entry-title\"><a href=\"https:\/\/viajerosactivos.com\/en\/donde-alojarse-en-meteora\/\" rel=\"bookmark\">D\u00f3nde alojarse en Meteora: mejores zonas y hoteles<\/a><\/h5><\/header><!-- .entry-header -->\n<footer class=\"entry-footer\">\n\t<\/footer><!-- .entry-footer -->\t\t<\/div>\n\t<\/article>\n<\/li>\n<li class=\"kb-post-list-item\">\n\t<article class=\"entry content-bg loop-entry post-17321 post type-post status-publish format-standard has-post-thumbnail hentry category-grecia tag-barato-europa tag-grecia tag-islas-griegas tag-islas-griegas-baratas tag-viajar-a-las-islas-griegas no-featured-image-padding resize-featured-image\">\n\t\t\t\t<a aria-hidden=\"true\" tabindex=\"-1\" role=\"presentation\" class=\"post-thumbnail kadence-thumbnail-ratio-2-3\" href=\"https:\/\/viajerosactivos.com\/en\/islas-griegas-baratas\/\" aria-label=\"10 Islas Griegas baratas, bonitas (y algo desconocidas)\">\n\t\t\t<div class=\"post-thumbnail-inner\">\n\t\t\t\t<img loading=\"lazy\" decoding=\"async\" width=\"750\" height=\"500\" src=\"https:\/\/viajerosactivos.com\/wp-content\/uploads\/2023\/07\/Tis-Grias-to-Pidima-en-isla-andros.jpg\" class=\"attachment-medium_large size-medium_large wp-post-image\" alt=\"Tis-Grias-to-Pidima-en-isla-andros\" srcset=\"https:\/\/viajerosactivos.com\/wp-content\/uploads\/2023\/07\/Tis-Grias-to-Pidima-en-isla-andros.jpg 750w, https:\/\/viajerosactivos.com\/wp-content\/uploads\/2023\/07\/Tis-Grias-to-Pidima-en-isla-andros-300x200.jpg 300w\" sizes=\"auto, (max-width: 750px) 100vw, 750px\" \/>\t\t\t<\/div>\n\t\t<\/a><!-- .post-thumbnail -->\n\t\t\t\t<div class=\"entry-content-wrap\">\n\t\t\t<header class=\"entry-header\">\n\t<h5 class=\"entry-title\"><a href=\"https:\/\/viajerosactivos.com\/en\/islas-griegas-baratas\/\" rel=\"bookmark\">10 Islas Griegas baratas, bonitas (y algo desconocidas)<\/a><\/h5><\/header><!-- .entry-header -->\n<footer class=\"entry-footer\">\n\t<\/footer><!-- .entry-footer -->\t\t<\/div>\n\t<\/article>\n<\/li>\n<li class=\"kb-post-list-item\">\n\t<article class=\"entry content-bg loop-entry post-15054 post type-post status-publish format-standard has-post-thumbnail hentry category-grecia tag-islas-griegas tag-santorini no-featured-image-padding resize-featured-image\">\n\t\t\t\t<a aria-hidden=\"true\" tabindex=\"-1\" role=\"presentation\" class=\"post-thumbnail kadence-thumbnail-ratio-2-3\" href=\"https:\/\/viajerosactivos.com\/en\/como-ir-de-atenas-a-santorini\/\" aria-label=\"C\u00f3mo ir de Atenas a Santorini: ferri o avi\u00f3n\">\n\t\t\t<div class=\"post-thumbnail-inner\">\n\t\t\t\t<img loading=\"lazy\" decoding=\"async\" width=\"750\" height=\"500\" src=\"https:\/\/viajerosactivos.com\/wp-content\/uploads\/2023\/06\/santorini-islas-griegas.jpg\" class=\"attachment-medium_large size-medium_large wp-post-image\" alt=\"santorini-islas-griegas\" srcset=\"https:\/\/viajerosactivos.com\/wp-content\/uploads\/2023\/06\/santorini-islas-griegas.jpg 750w, https:\/\/viajerosactivos.com\/wp-content\/uploads\/2023\/06\/santorini-islas-griegas-300x200.jpg 300w\" sizes=\"auto, (max-width: 750px) 100vw, 750px\" \/>\t\t\t<\/div>\n\t\t<\/a><!-- .post-thumbnail -->\n\t\t\t\t<div class=\"entry-content-wrap\">\n\t\t\t<header class=\"entry-header\">\n\t<h5 class=\"entry-title\"><a href=\"https:\/\/viajerosactivos.com\/en\/como-ir-de-atenas-a-santorini\/\" rel=\"bookmark\">C\u00f3mo ir de Atenas a Santorini: ferri o avi\u00f3n<\/a><\/h5><\/header><!-- .entry-header -->\n<footer class=\"entry-footer\">\n\t<\/footer><!-- .entry-footer -->\t\t<\/div>\n\t<\/article>\n<\/li>\n<li class=\"kb-post-list-item\">\n\t<article class=\"entry content-bg loop-entry post-33794 post type-post status-publish format-standard has-post-thumbnail hentry category-grecia tag-grecia tag-meteora no-featured-image-padding\">\n\t\t\t\t<a aria-hidden=\"true\" tabindex=\"-1\" role=\"presentation\" class=\"post-thumbnail kadence-thumbnail-ratio-2-3\" href=\"https:\/\/viajerosactivos.com\/en\/como-moverse-por-meteora\/\" aria-label=\"C\u00f3mo moverse por Meteora: todas las alternativas\">\n\t\t\t<div class=\"post-thumbnail-inner\">\n\t\t\t\t<img loading=\"lazy\" decoding=\"async\" width=\"768\" height=\"512\" src=\"https:\/\/viajerosactivos.com\/wp-content\/uploads\/2026\/03\/monasterio-de-meteora-768x512.webp\" class=\"attachment-medium_large size-medium_large wp-post-image\" alt=\"monasterio-de-meteora\" srcset=\"https:\/\/viajerosactivos.com\/wp-content\/uploads\/2026\/03\/monasterio-de-meteora-768x512.webp 768w, https:\/\/viajerosactivos.com\/wp-content\/uploads\/2026\/03\/monasterio-de-meteora-300x200.webp 300w, https:\/\/viajerosactivos.com\/wp-content\/uploads\/2026\/03\/monasterio-de-meteora-18x12.webp 18w, https:\/\/viajerosactivos.com\/wp-content\/uploads\/2026\/03\/monasterio-de-meteora.webp 900w\" sizes=\"auto, (max-width: 768px) 100vw, 768px\" \/>\t\t\t<\/div>\n\t\t<\/a><!-- .post-thumbnail -->\n\t\t\t\t<div class=\"entry-content-wrap\">\n\t\t\t<header class=\"entry-header\">\n\t<h5 class=\"entry-title\"><a href=\"https:\/\/viajerosactivos.com\/en\/como-moverse-por-meteora\/\" rel=\"bookmark\">C\u00f3mo moverse por Meteora: todas las alternativas<\/a><\/h5><\/header><!-- .entry-header -->\n<footer class=\"entry-footer\">\n\t<\/footer><!-- .entry-footer -->\t\t<\/div>\n\t<\/article>\n<\/li>\n<li class=\"kb-post-list-item\">\n\t<article class=\"entry content-bg loop-entry post-28153 post type-post status-publish format-standard has-post-thumbnail hentry category-grecia tag-europa-en-invierno tag-grecia tag-grecia-en-invierno no-featured-image-padding resize-featured-image\">\n\t\t\t\t<a aria-hidden=\"true\" tabindex=\"-1\" role=\"presentation\" class=\"post-thumbnail kadence-thumbnail-ratio-2-3\" href=\"https:\/\/viajerosactivos.com\/en\/que-ver-en-grecia-en-invierno\/\" aria-label=\"9 Lugares para Visitar en Grecia en Invierno\">\n\t\t\t<div class=\"post-thumbnail-inner\">\n\t\t\t\t<img loading=\"lazy\" decoding=\"async\" width=\"750\" height=\"750\" src=\"https:\/\/viajerosactivos.com\/wp-content\/uploads\/2024\/11\/meteora-en-invierno.webp\" class=\"attachment-medium_large size-medium_large wp-post-image\" alt=\"meteora-en-invierno\" srcset=\"https:\/\/viajerosactivos.com\/wp-content\/uploads\/2024\/11\/meteora-en-invierno.webp 750w, https:\/\/viajerosactivos.com\/wp-content\/uploads\/2024\/11\/meteora-en-invierno-300x300.webp 300w, https:\/\/viajerosactivos.com\/wp-content\/uploads\/2024\/11\/meteora-en-invierno-640x640.webp 640w, https:\/\/viajerosactivos.com\/wp-content\/uploads\/2024\/11\/meteora-en-invierno-150x150.webp 150w, https:\/\/viajerosactivos.com\/wp-content\/uploads\/2024\/11\/meteora-en-invierno-12x12.webp 12w\" sizes=\"auto, (max-width: 750px) 100vw, 750px\" \/>\t\t\t<\/div>\n\t\t<\/a><!-- .post-thumbnail -->\n\t\t\t\t<div class=\"entry-content-wrap\">\n\t\t\t<header class=\"entry-header\">\n\t<h5 class=\"entry-title\"><a href=\"https:\/\/viajerosactivos.com\/en\/que-ver-en-grecia-en-invierno\/\" rel=\"bookmark\">9 Lugares para Visitar en Grecia en Invierno<\/a><\/h5><\/header><!-- .entry-header -->\n<footer class=\"entry-footer\">\n\t<\/footer><!-- .entry-footer -->\t\t<\/div>\n\t<\/article>\n<\/li>\n<li class=\"kb-post-list-item\">\n\t<article class=\"entry content-bg loop-entry post-14039 post type-post status-publish format-standard has-post-thumbnail hentry category-grecia tag-grecia tag-informacion-practica-de-grecia no-featured-image-padding resize-featured-image\">\n\t\t\t\t<a aria-hidden=\"true\" tabindex=\"-1\" role=\"presentation\" class=\"post-thumbnail kadence-thumbnail-ratio-2-3\" href=\"https:\/\/viajerosactivos.com\/en\/museos-gratis-en-atenas\/\" aria-label=\"D\u00edas para entrar a los Museos Gratis en Atenas y Grecia\">\n\t\t\t<div class=\"post-thumbnail-inner\">\n\t\t\t\t<img loading=\"lazy\" decoding=\"async\" width=\"750\" height=\"563\" src=\"https:\/\/viajerosactivos.com\/wp-content\/uploads\/2024\/04\/odeon-atenas.jpg\" class=\"attachment-medium_large size-medium_large wp-post-image\" alt=\"odeon-atenas\" srcset=\"https:\/\/viajerosactivos.com\/wp-content\/uploads\/2024\/04\/odeon-atenas.jpg 750w, https:\/\/viajerosactivos.com\/wp-content\/uploads\/2024\/04\/odeon-atenas-300x225.jpg 300w, https:\/\/viajerosactivos.com\/wp-content\/uploads\/2024\/04\/odeon-atenas-16x12.jpg 16w\" sizes=\"auto, (max-width: 750px) 100vw, 750px\" \/>\t\t\t<\/div>\n\t\t<\/a><!-- .post-thumbnail -->\n\t\t\t\t<div class=\"entry-content-wrap\">\n\t\t\t<header class=\"entry-header\">\n\t<h5 class=\"entry-title\"><a href=\"https:\/\/viajerosactivos.com\/en\/museos-gratis-en-atenas\/\" rel=\"bookmark\">D\u00edas para entrar a los Museos Gratis en Atenas y Grecia<\/a><\/h5><\/header><!-- .entry-header -->\n<footer class=\"entry-footer\">\n\t<\/footer><!-- .entry-footer -->\t\t<\/div>\n\t<\/article>\n<\/li>\n<\/ul>\n\n\n<div style=\"height:10px\" aria-hidden=\"true\" class=\"wp-block-spacer\"><\/div>\n","protected":false},"excerpt":{"rendered":"<p>Greece is an ideal destination if you are looking to combine wellness, nature and tranquility. In this article, I will tell you about the best yoga retreats in Greece. <\/p>\n<p class=\"read-more-container\"><a title=\"7 Best Yoga Retreats in Greece\" class=\"read-more button\" href=\"https:\/\/viajerosactivos.com\/en\/retiros-de-yoga-en-grecia\/#more-28667\" aria-label=\"Read more about 7 Best Yoga Retreats in Greece\">Read more<\/a><\/p>","protected":false},"author":1,"featured_media":28729,"comment_status":"open","ping_status":"closed","sticky":false,"template":"","format":"standard","meta":{"footnotes":""},"categories":[410],"tags":[577,548],"class_list":["post-28667","post","type-post","status-publish","format-standard","has-post-thumbnail","hentry","category-grecia","tag-retiros-yoga-mundo","tag-yoga-en-grecia","no-featured-image-padding","resize-featured-image"],"_links":{"self":[{"href":"https:\/\/viajerosactivos.com\/en\/wp-json\/wp\/v2\/posts\/28667","targetHints":{"allow":["GET"]}}],"collection":[{"href":"https:\/\/viajerosactivos.com\/en\/wp-json\/wp\/v2\/posts"}],"about":[{"href":"https:\/\/viajerosactivos.com\/en\/wp-json\/wp\/v2\/types\/post"}],"author":[{"embeddable":true,"href":"https:\/\/viajerosactivos.com\/en\/wp-json\/wp\/v2\/users\/1"}],"replies":[{"embeddable":true,"href":"https:\/\/viajerosactivos.com\/en\/wp-json\/wp\/v2\/comments?post=28667"}],"version-history":[{"count":2,"href":"https:\/\/viajerosactivos.com\/en\/wp-json\/wp\/v2\/posts\/28667\/revisions"}],"predecessor-version":[{"id":35073,"href":"https:\/\/viajerosactivos.com\/en\/wp-json\/wp\/v2\/posts\/28667\/revisions\/35073"}],"wp:featuredmedia":[{"embeddable":true,"href":"https:\/\/viajerosactivos.com\/en\/wp-json\/wp\/v2\/media\/28729"}],"wp:attachment":[{"href":"https:\/\/viajerosactivos.com\/en\/wp-json\/wp\/v2\/media?parent=28667"}],"wp:term":[{"taxonomy":"category","embeddable":true,"href":"https:\/\/viajerosactivos.com\/en\/wp-json\/wp\/v2\/categories?post=28667"},{"taxonomy":"post_tag","embeddable":true,"href":"https:\/\/viajerosactivos.com\/en\/wp-json\/wp\/v2\/tags?post=28667"}],"curies":[{"name":"wp","href":"https:\/\/api.w.org\/{rel}","templated":true}]}}