{"id":31347,"date":"2025-04-20T09:10:51","date_gmt":"2025-04-20T07:10:51","guid":{"rendered":"https:\/\/viajerosactivos.com\/?p=31347"},"modified":"2026-04-24T18:13:36","modified_gmt":"2026-04-24T16:13:36","slug":"rhodes-airport-to-the-city","status":"publish","type":"post","link":"https:\/\/viajerosactivos.com\/en\/aeropuerto-de-rodas-a-la-ciudad\/","title":{"rendered":"How to get from Rhodes Airport to the City Center and other areas"},"content":{"rendered":"\n<p>Si vas a llegar a Rodas en avi\u00f3n, lo primero que querr\u00e1s saber es c\u00f3mo salir del aeropuerto sin perder tiempo (ni la paciencia). El Aeropuerto Internacional de Rodas-Diagoras (RHO) est\u00e1 a unos 14 km de la ciudad de Rodas, y hay varias opciones para llegar al centro o moverte a otras zonas de la isla.<\/p>\n\n\n\n<p>Aqu\u00ed te cuento todas las opciones de transporte desde el aeropuerto de Rodas, con ventajas y desventajas seg\u00fan tu presupuesto, tu energ\u00eda y si viajas con mucha maleta o con lo puesto. Todo basado en mi experiencia de vivir en la isla por m\u00e1s de dos a\u00f1os.<\/p>\n\n\n\n<p>Si no tienes tiempo para leer todo el art\u00edculo, <strong><a class=\"thirstylink\" rel=\"nofollow\" target=\"_blank\" title=\"Traslados Rodas\" href=\"https:\/\/viajerosactivos.com\/en\/recomendado\/traslados-rodas\/\" data-shortcode=\"true\">este traslado privado<\/a><\/strong> a la ciudad de Rodas est\u00e1 bien de precio y te evitas complicaciones.<\/p>\n\n\n<style>.kb-row-layout-wrap.wp-block-kadence-rowlayout.kb-row-layout-id35056_7d1931-ca{margin-bottom:0px;}.kb-row-layout-id35056_7d1931-ca > .kt-row-column-wrap{align-content:start;}:where(.kb-row-layout-id35056_7d1931-ca > .kt-row-column-wrap) > .wp-block-kadence-column{justify-content:start;}.kb-row-layout-id35056_7d1931-ca > .kt-row-column-wrap{column-gap:var(--global-kb-gap-md, 2rem);row-gap:var(--global-kb-gap-md, 2rem);max-width:750px;margin-left:auto;margin-right:auto;padding-top:var(--global-kb-spacing-sm, 1.5rem);padding-bottom:var(--global-kb-spacing-sm, 1.5rem);grid-template-columns:minmax(0, 1fr);}.kb-row-layout-id35056_7d1931-ca > .kt-row-layout-overlay{opacity:0.30;}@media all and (max-width: 1024px){.kb-row-layout-id35056_7d1931-ca > .kt-row-column-wrap{grid-template-columns:minmax(0, 1fr);}}@media all and (max-width: 767px){.kb-row-layout-id35056_7d1931-ca > .kt-row-column-wrap{grid-template-columns:minmax(0, 1fr);}}<\/style><div class=\"kb-row-layout-wrap kb-row-layout-id35056_7d1931-ca alignnone wp-block-kadence-rowlayout\"><div class=\"kt-row-column-wrap kt-has-1-columns kt-row-layout-equal kt-tab-layout-inherit kt-mobile-layout-row kt-row-valign-top\">\n<style>.kadence-column35056_7f84b1-49 > .kt-inside-inner-col{border-top:1px solid var(--contrast);border-right:1px solid var(--contrast);border-bottom:1px solid var(--contrast);border-left:1px solid var(--contrast);}.kadence-column35056_7f84b1-49 > .kt-inside-inner-col,.kadence-column35056_7f84b1-49 > .kt-inside-inner-col:before{border-top-left-radius:0px;border-top-right-radius:0px;border-bottom-right-radius:0px;border-bottom-left-radius:0px;}.kadence-column35056_7f84b1-49 > .kt-inside-inner-col{column-gap:var(--global-kb-gap-sm, 1rem);}.kadence-column35056_7f84b1-49 > .kt-inside-inner-col{flex-direction:column;}.kadence-column35056_7f84b1-49 > .kt-inside-inner-col > .aligncenter{width:100%;}.kadence-column35056_7f84b1-49 > .kt-inside-inner-col:before{opacity:0.3;}.kadence-column35056_7f84b1-49{position:relative;}.kadence-column35056_7f84b1-49, .kt-inside-inner-col > .kadence-column35056_7f84b1-49:not(.specificity){margin-top:-10px;margin-right:10px;margin-bottom:10px;margin-left:10px;}@media all and (max-width: 1024px){.kadence-column35056_7f84b1-49 > .kt-inside-inner-col{border-top:1px solid var(--contrast);border-right:1px solid var(--contrast);border-bottom:1px solid var(--contrast);border-left:1px solid var(--contrast);flex-direction:column;justify-content:center;}}@media all and (max-width: 767px){.kadence-column35056_7f84b1-49 > .kt-inside-inner-col{border-top:1px solid var(--contrast);border-right:1px solid var(--contrast);border-bottom:1px solid var(--contrast);border-left:1px solid var(--contrast);flex-direction:column;justify-content:center;}.kadence-column35056_7f84b1-49, .kt-inside-inner-col > .kadence-column35056_7f84b1-49:not(.specificity){margin-right:5px;margin-left:5px;}}<\/style>\n<div class=\"wp-block-kadence-column kadence-column35056_7f84b1-49\"><div class=\"kt-inside-inner-col\"><style>.kadence-column35056_44a0bc-fb > .kt-inside-inner-col{display:flex;}.kadence-column35056_44a0bc-fb > .kt-inside-inner-col{border-top:10px solid transparent;border-right:10px solid transparent;border-bottom:10px solid transparent;border-left:10px solid transparent;}.kadence-column35056_44a0bc-fb > .kt-inside-inner-col,.kadence-column35056_44a0bc-fb > .kt-inside-inner-col:before{border-top-left-radius:0px;border-top-right-radius:0px;border-bottom-right-radius:0px;border-bottom-left-radius:0px;}.kadence-column35056_44a0bc-fb > .kt-inside-inner-col{row-gap:13px;column-gap:13px;}.kadence-column35056_44a0bc-fb > .kt-inside-inner-col{flex-direction:row;flex-wrap:wrap;align-items:center;}.kadence-column35056_44a0bc-fb > .kt-inside-inner-col > *, .kadence-column35056_44a0bc-fb > .kt-inside-inner-col > figure.wp-block-image, .kadence-column35056_44a0bc-fb > .kt-inside-inner-col > figure.wp-block-kadence-image{margin-top:0px;margin-bottom:0px;}.kadence-column35056_44a0bc-fb > .kt-inside-inner-col > .kb-image-is-ratio-size{flex-grow:1;}.kadence-column35056_44a0bc-fb > .kt-inside-inner-col:before{opacity:0.3;}.kadence-column35056_44a0bc-fb{position:relative;}.kadence-column35056_44a0bc-fb, .kt-inside-inner-col > .kadence-column35056_44a0bc-fb:not(.specificity){margin-top:-25px;}@media all and (max-width: 1024px){.kadence-column35056_44a0bc-fb > .kt-inside-inner-col{border-top:10px solid transparent;border-right:10px solid transparent;border-bottom:10px solid transparent;border-left:10px solid transparent;flex-direction:row;flex-wrap:wrap;align-items:center;}}@media all and (min-width: 768px) and (max-width: 1024px){.kadence-column35056_44a0bc-fb > .kt-inside-inner-col > *, .kadence-column35056_44a0bc-fb > .kt-inside-inner-col > figure.wp-block-image, .kadence-column35056_44a0bc-fb > .kt-inside-inner-col > figure.wp-block-kadence-image{margin-top:0px;margin-bottom:0px;}.kadence-column35056_44a0bc-fb > .kt-inside-inner-col > .kb-image-is-ratio-size{flex-grow:1;}}@media all and (max-width: 767px){.kadence-column35056_44a0bc-fb > .kt-inside-inner-col{border-top:10px solid transparent;border-right:10px solid transparent;border-bottom:10px solid transparent;border-left:10px solid transparent;flex-direction:row;flex-wrap:wrap;justify-content:flex-start;}.kadence-column35056_44a0bc-fb > .kt-inside-inner-col > *, .kadence-column35056_44a0bc-fb > .kt-inside-inner-col > figure.wp-block-image, .kadence-column35056_44a0bc-fb > .kt-inside-inner-col > figure.wp-block-kadence-image{margin-top:0px;margin-bottom:0px;}.kadence-column35056_44a0bc-fb > .kt-inside-inner-col > .kb-image-is-ratio-size{flex-grow:1;}}<\/style>\n<div class=\"wp-block-kadence-column kadence-column35056_44a0bc-fb kb-section-dir-horizontal\"><div class=\"kt-inside-inner-col\"><style>.wp-block-kadence-advancedheading.kt-adv-heading35056_e68275-cd, .wp-block-kadence-advancedheading.kt-adv-heading35056_e68275-cd[data-kb-block=\"kb-adv-heading35056_e68275-cd\"]{display:block;text-align:center;line-height:1.2;font-style:normal;font-family:Arial, Helvetica, sans-serif;text-transform:uppercase;letter-spacing:1.2px;border-top:5px solid transparent;border-right:10px solid transparent;border-bottom:5px solid transparent;border-left:10px solid transparent;border-top-left-radius:0px;border-top-right-radius:0px;border-bottom-right-radius:0px;border-bottom-left-radius:0px;}.wp-block-kadence-advancedheading.kt-adv-heading35056_e68275-cd mark.kt-highlight, .wp-block-kadence-advancedheading.kt-adv-heading35056_e68275-cd[data-kb-block=\"kb-adv-heading35056_e68275-cd\"] mark.kt-highlight{font-style:normal;color:#f76a0c;-webkit-box-decoration-break:clone;box-decoration-break:clone;padding-top:0px;padding-right:0px;padding-bottom:0px;padding-left:0px;}.wp-block-kadence-advancedheading.kt-adv-heading35056_e68275-cd img.kb-inline-image, .wp-block-kadence-advancedheading.kt-adv-heading35056_e68275-cd[data-kb-block=\"kb-adv-heading35056_e68275-cd\"] img.kb-inline-image{width:150px;vertical-align:baseline;}@media all and (max-width: 1024px){.wp-block-kadence-advancedheading.kt-adv-heading35056_e68275-cd, .wp-block-kadence-advancedheading.kt-adv-heading35056_e68275-cd[data-kb-block=\"kb-adv-heading35056_e68275-cd\"]{border-top:5px solid transparent;border-right:10px solid transparent;border-bottom:5px solid transparent;border-left:10px solid transparent;}}@media all and (max-width: 767px){.wp-block-kadence-advancedheading.kt-adv-heading35056_e68275-cd, .wp-block-kadence-advancedheading.kt-adv-heading35056_e68275-cd[data-kb-block=\"kb-adv-heading35056_e68275-cd\"]{font-size:0.95em;border-top:5px solid transparent;border-right:10px solid transparent;border-bottom:5px solid transparent;border-left:10px solid transparent;}}<\/style>\n<span class=\"kt-adv-heading35056_e68275-cd wp-block-kadence-advancedheading has-base-3-color has-text-color has-contrast-background-color has-background\" data-kb-block=\"kb-adv-heading35056_e68275-cd\">Antes de viajar, ahorra con\u2026<\/span>\n<\/div><\/div>\n\n\n<style>.kb-row-layout-wrap.wp-block-kadence-rowlayout.kb-row-layout-id35056_7fdabc-ce{margin-bottom:0px;}.kb-row-layout-id35056_7fdabc-ce > .kt-row-column-wrap{align-content:start;}:where(.kb-row-layout-id35056_7fdabc-ce > .kt-row-column-wrap) > .wp-block-kadence-column{justify-content:start;}.kb-row-layout-id35056_7fdabc-ce > .kt-row-column-wrap{column-gap:var(--global-kb-gap-sm, 1rem);row-gap:var(--global-kb-gap-sm, 1rem);padding-top:10px;padding-right:12px;padding-bottom:10px;padding-left:12px;grid-template-columns:minmax(0, 1fr);}.kb-row-layout-id35056_7fdabc-ce > .kt-row-layout-overlay{opacity:0.30;}@media all and (max-width: 1024px){.kb-row-layout-id35056_7fdabc-ce > .kt-row-column-wrap{grid-template-columns:minmax(0, 1fr);}}@media all and (max-width: 767px){.kb-row-layout-id35056_7fdabc-ce > .kt-row-column-wrap{grid-template-columns:minmax(0, 1fr);}}<\/style><div class=\"kb-row-layout-wrap kb-row-layout-id35056_7fdabc-ce alignnone wp-block-kadence-rowlayout\"><div class=\"kt-row-column-wrap kt-has-1-columns kt-row-layout-equal kt-tab-layout-inherit kt-mobile-layout-row kt-row-valign-top\">\n<style>.kadence-column35056_4de3d6-41 > .kt-inside-inner-col,.kadence-column35056_4de3d6-41 > .kt-inside-inner-col:before{border-top-left-radius:0px;border-top-right-radius:0px;border-bottom-right-radius:0px;border-bottom-left-radius:0px;}.kadence-column35056_4de3d6-41 > .kt-inside-inner-col{column-gap:var(--global-kb-gap-sm, 1rem);}.kadence-column35056_4de3d6-41 > .kt-inside-inner-col{flex-direction:column;}.kadence-column35056_4de3d6-41 > .kt-inside-inner-col > .aligncenter{width:100%;}.kadence-column35056_4de3d6-41 > .kt-inside-inner-col:before{opacity:0.3;}.kadence-column35056_4de3d6-41{text-align:left;}.kadence-column35056_4de3d6-41{position:relative;}@media all and (max-width: 1024px){.kadence-column35056_4de3d6-41 > .kt-inside-inner-col{flex-direction:column;justify-content:center;}}@media all and (max-width: 767px){.kadence-column35056_4de3d6-41 > .kt-inside-inner-col{flex-direction:column;justify-content:center;}}<\/style>\n<div class=\"wp-block-kadence-column kadence-column35056_4de3d6-41\"><div class=\"kt-inside-inner-col\">\n<p>\ud83d\udcf6 <strong><a class=\"thirstylink\" rel=\"nofollow\" target=\"_blank\" title=\"eSim Holafly\" href=\"https:\/\/viajerosactivos.com\/en\/recomendado\/esim\/\" data-shortcode=\"true\">eSIM<\/a><\/strong> para tener internet al aterrizar &#8211; 5% descuento<br>\ud83c\udfe8 <a class=\"thirstylink\" rel=\"nofollow\" target=\"_blank\" title=\"alojamiento descuento\" href=\"https:\/\/viajerosactivos.com\/en\/recomendado\/alojamiento-descuento\/\" data-shortcode=\"true\"><strong>Alojamiento<\/strong> <\/a>con buenas ofertas<br>\ud83d\udee1\ufe0f <strong><a class=\"thirstylink\" rel=\"nofollow\" target=\"_blank\" title=\"Seguro de viaje\" href=\"https:\/\/viajerosactivos.com\/en\/recomendado\/seguro-de-viaje\/\" data-shortcode=\"true\">Seguro de viaje <\/a><\/strong>con hasta 15% descuento<br>\ud83d\ude97 <strong><a class=\"thirstylink\" rel=\"nofollow\" target=\"_blank\" title=\"Alquilar coche\" href=\"https:\/\/viajerosactivos.com\/en\/recomendado\/alquilar-coche\/\" data-shortcode=\"true\">Coche de alquiler<\/a> <\/strong>al mejor precio<\/p>\n<\/div><\/div>\n\n<\/div><\/div><\/div><\/div>\n\n<\/div><\/div>\n\n\n<div id=\"ez-toc-container\" class=\"ez-toc-v2_0_82_2 counter-hierarchy ez-toc-counter ez-toc-black ez-toc-container-direction\">\n<div class=\"ez-toc-title-container\">\n<p class=\"ez-toc-title\" style=\"cursor:inherit\">Indice de Contenido<\/p>\n<span class=\"ez-toc-title-toggle\"><a href=\"#\" class=\"ez-toc-pull-right ez-toc-btn ez-toc-btn-xs ez-toc-btn-default ez-toc-toggle\" aria-label=\"Toggle Table of Content\"><span class=\"ez-toc-js-icon-con\"><span class=\"\"><span class=\"eztoc-hide\" style=\"display:none;\">Toggle<\/span><span class=\"ez-toc-icon-toggle-span\"><svg style=\"fill: #999;color:#999\" xmlns=\"http:\/\/www.w3.org\/2000\/svg\" class=\"list-377408\" width=\"20px\" height=\"20px\" viewBox=\"0 0 24 24\" fill=\"none\"><path d=\"M6 6H4v2h2V6zm14 0H8v2h12V6zM4 11h2v2H4v-2zm16 0H8v2h12v-2zM4 16h2v2H4v-2zm16 0H8v2h12v-2z\" fill=\"currentColor\"><\/path><\/svg><svg style=\"fill: #999;color:#999\" class=\"arrow-unsorted-368013\" xmlns=\"http:\/\/www.w3.org\/2000\/svg\" width=\"10px\" height=\"10px\" viewBox=\"0 0 24 24\" version=\"1.2\" baseProfile=\"tiny\"><path d=\"M18.2 9.3l-6.2-6.3-6.2 6.3c-.2.2-.3.4-.3.7s.1.5.3.7c.2.2.4.3.7.3h11c.3 0 .5-.1.7-.3.2-.2.3-.5.3-.7s-.1-.5-.3-.7zM5.8 14.7l6.2 6.3 6.2-6.3c.2-.2.3-.5.3-.7s-.1-.5-.3-.7c-.2-.2-.4-.3-.7-.3h-11c-.3 0-.5.1-.7.3-.2.2-.3.5-.3.7s.1.5.3.7z\"\/><\/svg><\/span><\/span><\/span><\/a><\/span><\/div>\n<nav><ul class='ez-toc-list ez-toc-list-level-1 ' ><li class='ez-toc-page-1 ez-toc-heading-level-2'><a class=\"ez-toc-link ez-toc-heading-1\" href=\"https:\/\/viajerosactivos.com\/en\/aeropuerto-de-rodas-a-la-ciudad\/#Aeropuerto_de_Rodas_a_la_Ciudad\" >Aeropuerto de Rodas a la Ciudad<\/a><ul class='ez-toc-list-level-3' ><li class='ez-toc-heading-level-3'><a class=\"ez-toc-link ez-toc-heading-2\" href=\"https:\/\/viajerosactivos.com\/en\/aeropuerto-de-rodas-a-la-ciudad\/#1_Autobus\" >1. Autob\u00fas<\/a><\/li><li class='ez-toc-page-1 ez-toc-heading-level-3'><a class=\"ez-toc-link ez-toc-heading-3\" href=\"https:\/\/viajerosactivos.com\/en\/aeropuerto-de-rodas-a-la-ciudad\/#2_Taxi\" >2. Taxi<\/a><\/li><li class='ez-toc-page-1 ez-toc-heading-level-3'><a class=\"ez-toc-link ez-toc-heading-4\" href=\"https:\/\/viajerosactivos.com\/en\/aeropuerto-de-rodas-a-la-ciudad\/#3_Transfer_privado\" >3. Transfer privado<\/a><\/li><li class='ez-toc-page-1 ez-toc-heading-level-3'><a class=\"ez-toc-link ez-toc-heading-5\" href=\"https:\/\/viajerosactivos.com\/en\/aeropuerto-de-rodas-a-la-ciudad\/#4_Alquiler_de_coche\" >4. Alquiler de coche<\/a><\/li><\/ul><\/li><li class='ez-toc-page-1 ez-toc-heading-level-2'><a class=\"ez-toc-link ez-toc-heading-6\" href=\"https:\/\/viajerosactivos.com\/en\/aeropuerto-de-rodas-a-la-ciudad\/#Aeropuerto_de_Rodas_a_otras_zonas_de_la_isla\" >Aeropuerto de Rodas a otras zonas de la isla<\/a><\/li><li class='ez-toc-page-1 ez-toc-heading-level-2'><a class=\"ez-toc-link ez-toc-heading-7\" href=\"https:\/\/viajerosactivos.com\/en\/aeropuerto-de-rodas-a-la-ciudad\/#En_resumen\" >En resumen<\/a><\/li><li class='ez-toc-page-1 ez-toc-heading-level-2'><a class=\"ez-toc-link ez-toc-heading-8\" href=\"https:\/\/viajerosactivos.com\/en\/aeropuerto-de-rodas-a-la-ciudad\/#Pensamientos_finales\" >Pensamientos finales<\/a><\/li><\/ul><\/nav><\/div>\n<h2 class=\"wp-block-heading\"><span class=\"ez-toc-section\" id=\"Aeropuerto_de_Rodas_a_la_Ciudad\"><\/span>Aeropuerto de Rodas a la Ciudad<span class=\"ez-toc-section-end\"><\/span><\/h2>\n\n\n\n<h3 class=\"wp-block-heading\"><span class=\"ez-toc-section\" id=\"1_Autobus\"><\/span>1. Autob\u00fas <span class=\"ez-toc-section-end\"><\/span><\/h3>\n\n\n\n<p>El autob\u00fas es la forma m\u00e1s econ\u00f3mica de llegar a la ciudad de Rodas. Son los buses de la compa\u00f1\u00eda DES Roda y la parada est\u00e1 justo saliendo de la terminal: sal hacia la derecha y la ver\u00e1s enseguida.<\/p>\n\n\n<div class=\"wp-block-image\">\n<figure class=\"aligncenter size-large\"><img loading=\"lazy\" decoding=\"async\" width=\"640\" height=\"640\" src=\"https:\/\/viajerosactivos.com\/wp-content\/uploads\/2025\/04\/parada-bus-aeropuerto-rodas-640x640.webp\" alt=\"parada-bus-aeropuerto-rodas\" class=\"wp-image-31354\" srcset=\"https:\/\/viajerosactivos.com\/wp-content\/uploads\/2025\/04\/parada-bus-aeropuerto-rodas-640x640.webp 640w, https:\/\/viajerosactivos.com\/wp-content\/uploads\/2025\/04\/parada-bus-aeropuerto-rodas-300x300.webp 300w, https:\/\/viajerosactivos.com\/wp-content\/uploads\/2025\/04\/parada-bus-aeropuerto-rodas-150x150.webp 150w, https:\/\/viajerosactivos.com\/wp-content\/uploads\/2025\/04\/parada-bus-aeropuerto-rodas-768x768.webp 768w, https:\/\/viajerosactivos.com\/wp-content\/uploads\/2025\/04\/parada-bus-aeropuerto-rodas-12x12.webp 12w, https:\/\/viajerosactivos.com\/wp-content\/uploads\/2025\/04\/parada-bus-aeropuerto-rodas.webp 800w\" sizes=\"auto, (max-width: 640px) 100vw, 640px\" \/><\/figure>\n<\/div>\n\n\n<p>\ud83d\udd52 <strong>Horario desde el aeropuerto<\/strong>: entre las 6:50 y las 23:45 <br>\ud83d\udd52 <strong>Horario desde la ciudad<\/strong>: de las 5:15 y las 23:00 <br>\u25b6 <strong>Frecuencia<\/strong>: cada 30 min aprox.<br>\ud83d\ude8c <strong>Duraci\u00f3n del viaje<\/strong>: unos 40 minutos dependiendo del tr\u00e1fico<br>\ud83d\udcb6 <strong>Precio<\/strong>: 2,5 \u20ac por persona y trayecto<br>\ud83d\udd39 Se paga en el mismo bus solo con tarjeta.<\/p>\n\n\n<div class=\"wp-block-image\">\n<figure class=\"aligncenter size-large\"><img loading=\"lazy\" decoding=\"async\" width=\"640\" height=\"640\" src=\"https:\/\/viajerosactivos.com\/wp-content\/uploads\/2025\/04\/billete-bus-aeropuerto-rodas-640x640.webp\" alt=\"billete-bus-aeropuerto-rodas\" class=\"wp-image-31352\" srcset=\"https:\/\/viajerosactivos.com\/wp-content\/uploads\/2025\/04\/billete-bus-aeropuerto-rodas-640x640.webp 640w, https:\/\/viajerosactivos.com\/wp-content\/uploads\/2025\/04\/billete-bus-aeropuerto-rodas-300x300.webp 300w, https:\/\/viajerosactivos.com\/wp-content\/uploads\/2025\/04\/billete-bus-aeropuerto-rodas-150x150.webp 150w, https:\/\/viajerosactivos.com\/wp-content\/uploads\/2025\/04\/billete-bus-aeropuerto-rodas-768x768.webp 768w, https:\/\/viajerosactivos.com\/wp-content\/uploads\/2025\/04\/billete-bus-aeropuerto-rodas-12x12.webp 12w, https:\/\/viajerosactivos.com\/wp-content\/uploads\/2025\/04\/billete-bus-aeropuerto-rodas.webp 800w\" sizes=\"auto, (max-width: 640px) 100vw, 640px\" \/><\/figure>\n<\/div>\n\n\n<p class=\"caja-linea\">Los horarios y la frecuencia indicados son de lunes a viernes y de mediados de abril a mediados de octubre, aproximadamente. El resto del a\u00f1o y los fines de semana var\u00edan. Puedes descargarte los horarios actuales <strong><a href=\"https:\/\/www.rodospublictransport.gr\/index.php?c=schedule&amp;p=pdf\" target=\"_blank\" rel=\"noreferrer noopener\">en la web<\/a><\/strong>, en el apartado \u201cWest Side Routes\u201d, donde hay tres horarios: lunes a viernes; s\u00e1bados; domingos y festivos.<\/p>\n\n\n<div class=\"wp-block-image\">\n<figure class=\"aligncenter size-large\"><img loading=\"lazy\" decoding=\"async\" width=\"640\" height=\"640\" src=\"https:\/\/viajerosactivos.com\/wp-content\/uploads\/2025\/04\/bus-del-aeropuerto-a-rodas-640x640.webp\" alt=\"bus-del-aeropuerto-a-rodas\" class=\"wp-image-31353\" srcset=\"https:\/\/viajerosactivos.com\/wp-content\/uploads\/2025\/04\/bus-del-aeropuerto-a-rodas-640x640.webp 640w, https:\/\/viajerosactivos.com\/wp-content\/uploads\/2025\/04\/bus-del-aeropuerto-a-rodas-300x300.webp 300w, https:\/\/viajerosactivos.com\/wp-content\/uploads\/2025\/04\/bus-del-aeropuerto-a-rodas-150x150.webp 150w, https:\/\/viajerosactivos.com\/wp-content\/uploads\/2025\/04\/bus-del-aeropuerto-a-rodas-768x768.webp 768w, https:\/\/viajerosactivos.com\/wp-content\/uploads\/2025\/04\/bus-del-aeropuerto-a-rodas-12x12.webp 12w, https:\/\/viajerosactivos.com\/wp-content\/uploads\/2025\/04\/bus-del-aeropuerto-a-rodas.webp 800w\" sizes=\"auto, (max-width: 640px) 100vw, 640px\" \/><\/figure>\n<\/div>\n\n\n<p>\u2705 <strong>Ventaja<\/strong>: Es econ\u00f3mico, ideal si no llevas mucho equipaje y no te importa hacer paradas intermedias.<br>\u274c <strong>Desventaja<\/strong>: No va a otras zonas de la isla. Si te alojas fuera de la ciudad, tendr\u00e1s que combinar con otro bus o taxi.<\/p>\n\n\n\n<div style=\"height:10px\" aria-hidden=\"true\" class=\"wp-block-spacer\"><\/div>\n\n\n\n\n\n<div style=\"height:10px\" aria-hidden=\"true\" class=\"wp-block-spacer\"><\/div>\n\n\n\n<h3 class=\"wp-block-heading\"><span class=\"ez-toc-section\" id=\"2_Taxi\"><\/span>2. Taxi<span class=\"ez-toc-section-end\"><\/span><\/h3>\n\n\n\n<p>Justo a la salida del aeropuerto hay una parada de taxis oficial, y lo mejor es que el precio es fijo para las principales poblaciones de la isla. En la foto de abajo puedes ver el cartel con todos los precios.<\/p>\n\n\n<div class=\"wp-block-image\">\n<figure class=\"aligncenter size-full\"><img loading=\"lazy\" decoding=\"async\" width=\"476\" height=\"598\" src=\"https:\/\/viajerosactivos.com\/wp-content\/uploads\/2025\/04\/precios-taxis-aeropuerto-rodas.webp\" alt=\"precios-taxis-aeropuerto-rodas\" class=\"wp-image-31355\" srcset=\"https:\/\/viajerosactivos.com\/wp-content\/uploads\/2025\/04\/precios-taxis-aeropuerto-rodas.webp 476w, https:\/\/viajerosactivos.com\/wp-content\/uploads\/2025\/04\/precios-taxis-aeropuerto-rodas-239x300.webp 239w, https:\/\/viajerosactivos.com\/wp-content\/uploads\/2025\/04\/precios-taxis-aeropuerto-rodas-10x12.webp 10w\" sizes=\"auto, (max-width: 476px) 100vw, 476px\" \/><\/figure>\n<\/div>\n\n\n<p>\ud83d\udd52 <strong>Horario<\/strong>: disponible todo el d\u00eda, tambi\u00e9n para llegadas de madrugada<br>\ud83d\ude8c <strong>Duraci\u00f3n del viaje<\/strong>: unos 20 &#8211; 25 minutos dependiendo del tr\u00e1fico<br>\ud83d\udcb6 <strong>Precio<\/strong>: 27 &#8211; 29 \u20ac al centro de la ciudad de Rodas, m\u00e1s caro por la noche<br>\ud83d\udd39 Se paga en efectivo. Si quieres pagar con tarjeta, preg\u00fantale al taxista antes de subir.<\/p>\n\n\n\n<p>\u2705 <strong>Ventajas<\/strong>: Perfecto si llegas tarde o llevas mucho equipaje.<\/p>\n\n\n\n<p class=\"caja-linea\">Ten en cuenta que en Rodas no hay Uber ni ninguna aplicaci\u00f3n similar.<\/p>\n\n\n<div class=\"wp-block-image\">\n<figure class=\"aligncenter size-large\"><img loading=\"lazy\" decoding=\"async\" width=\"640\" height=\"640\" src=\"https:\/\/viajerosactivos.com\/wp-content\/uploads\/2025\/04\/kalithea-springs-en-la-isla-de-rodas-640x640.webp\" alt=\"kalithea-springs-en-la-isla-de-rodas\" class=\"wp-image-31211\" srcset=\"https:\/\/viajerosactivos.com\/wp-content\/uploads\/2025\/04\/kalithea-springs-en-la-isla-de-rodas-640x640.webp 640w, https:\/\/viajerosactivos.com\/wp-content\/uploads\/2025\/04\/kalithea-springs-en-la-isla-de-rodas-300x300.webp 300w, https:\/\/viajerosactivos.com\/wp-content\/uploads\/2025\/04\/kalithea-springs-en-la-isla-de-rodas-150x150.webp 150w, https:\/\/viajerosactivos.com\/wp-content\/uploads\/2025\/04\/kalithea-springs-en-la-isla-de-rodas-768x768.webp 768w, https:\/\/viajerosactivos.com\/wp-content\/uploads\/2025\/04\/kalithea-springs-en-la-isla-de-rodas-12x12.webp 12w, https:\/\/viajerosactivos.com\/wp-content\/uploads\/2025\/04\/kalithea-springs-en-la-isla-de-rodas.webp 800w\" sizes=\"auto, (max-width: 640px) 100vw, 640px\" \/><\/figure>\n<\/div>\n\n\n<div style=\"height:10px\" aria-hidden=\"true\" class=\"wp-block-spacer\"><\/div>\n\n\n\n<h3 class=\"wp-block-heading\"><span class=\"ez-toc-section\" id=\"3_Transfer_privado\"><\/span>3. Transfer privado<span class=\"ez-toc-section-end\"><\/span><\/h3>\n\n\n\n<p>Si prefieres tener todo organizado, puedes reservar un transfer privado con antelaci\u00f3n. Te esperan en el aeropuerto con cartelito en mano y te llevan directo a tu alojamiento, sin vueltas. Te recomiendo reservarlo en <strong><a class=\"thirstylink\" rel=\"nofollow\" target=\"_blank\" title=\"Traslados Rodas\" href=\"https:\/\/viajerosactivos.com\/en\/recomendado\/traslados-rodas\/\" data-shortcode=\"true\">esta p\u00e1gina web<\/a><\/strong>, que trabaja con conductores de confianza.<\/p>\n\n\n\n<p>\u2705 <strong>Ventajas<\/strong>: Ideal si viajas en grupo o con ni\u00f1os, o si quieres evitar esperas y complicaciones.<\/p>\n\n\n\n<div style=\"height:10px\" aria-hidden=\"true\" class=\"wp-block-spacer\"><\/div>\n\n\n\n\n\n<div style=\"height:10px\" aria-hidden=\"true\" class=\"wp-block-spacer\"><\/div>\n\n\n\n<h3 class=\"wp-block-heading\"><span class=\"ez-toc-section\" id=\"4_Alquiler_de_coche\"><\/span>4. Alquiler de coche<span class=\"ez-toc-section-end\"><\/span><\/h3>\n\n\n\n<p>Hay varias agencias de alquiler de coches dentro del aeropuerto, tanto internacionales como locales. Si piensas recorrer la isla, puede ser buena idea salir ya con tu coche desde el aeropuerto.<\/p>\n\n\n\n<p>\ud83d\udcb6 <strong>Precio<\/strong>: menos de 15\u20ac por d\u00eda en temporada alta (depende del coche y donde alquiles).<br>\ud83d\udd39 Para conseguir buenos precios, te recomiendo <strong><a class=\"thirstylink\" rel=\"nofollow\" target=\"_blank\" title=\"Alquilar un coche en Grecia\" href=\"https:\/\/viajerosactivos.com\/en\/recomendado\/alquilar-un-coche-en-grecia\/\" data-shortcode=\"true\">esta p\u00e1gina web<\/a><\/strong> (es la que uso yo) que trabaja con empresas locales serias e internacionales.<\/p>\n\n\n<div class=\"wp-block-image\">\n<figure class=\"aligncenter size-full\"><img loading=\"lazy\" decoding=\"async\" width=\"900\" height=\"591\" src=\"https:\/\/viajerosactivos.com\/wp-content\/uploads\/2025\/04\/bahia-san-pablo-lindos.webp\" alt=\"bahia-san-pablo-lindos\" class=\"wp-image-31217\" srcset=\"https:\/\/viajerosactivos.com\/wp-content\/uploads\/2025\/04\/bahia-san-pablo-lindos.webp 900w, https:\/\/viajerosactivos.com\/wp-content\/uploads\/2025\/04\/bahia-san-pablo-lindos-300x197.webp 300w, https:\/\/viajerosactivos.com\/wp-content\/uploads\/2025\/04\/bahia-san-pablo-lindos-768x504.webp 768w, https:\/\/viajerosactivos.com\/wp-content\/uploads\/2025\/04\/bahia-san-pablo-lindos-18x12.webp 18w\" sizes=\"auto, (max-width: 900px) 100vw, 900px\" \/><\/figure>\n<\/div>\n\n\n<h4 class=\"wp-block-heading\">\u2714\ufe0f Requisitos para alquilar coche en Grecia<\/h4>\n\n\n\n<ul class=\"wp-block-list\">\n<li><strong>Edad m\u00ednima<\/strong>: 21 a\u00f1os (algunas compa\u00f1\u00edas piden 23 o 25). Puede haber recargo por conductor joven.<\/li>\n\n\n\n<li><strong>Carn\u00e9 de conducir<\/strong>:\n<ul class=\"wp-block-list\">\n<li>V\u00e1lido si eres de la UE.<\/li>\n\n\n\n<li>Si eres de fuera de la UE, necesitas un permiso internacional.<\/li>\n<\/ul>\n<\/li>\n\n\n\n<li><strong>Antig\u00fcedad m\u00ednima del carn\u00e9<\/strong>: 1 a\u00f1o (a veces 2).<\/li>\n\n\n\n<li><strong>Tarjeta de cr\u00e9dito para el dep\u00f3sito<\/strong>: debe estar a nombre del conductor. Algunas compa\u00f1\u00edas aceptan tarjeta de d\u00e9bito, pero con restricciones.<\/li>\n\n\n\n<li><strong>Documentaci\u00f3n adicional<\/strong>: Pasaporte.<\/li>\n<\/ul>\n\n\n\n<p class=\"caja-borde\">\ud83d\udc4d <strong>Mi consejo:<\/strong> reserva con antelaci\u00f3n y revisa bien el estado del coche antes de salir (fotos incluidas, por si acaso).<\/p>\n\n\n\n<p>\u2705 <strong>Ventajas<\/strong>: Es la forma m\u00e1s pr\u00e1ctica de moverse por la isla, vas a tu ritmo y exploras zonas menos accesibles.<\/p>\n\n\n\n<div style=\"height:10px\" aria-hidden=\"true\" class=\"wp-block-spacer\"><\/div>\n\n\n\n<h2 class=\"wp-block-heading\"><span class=\"ez-toc-section\" id=\"Aeropuerto_de_Rodas_a_otras_zonas_de_la_isla\"><\/span>Aeropuerto de Rodas a otras zonas de la isla<span class=\"ez-toc-section-end\"><\/span><\/h2>\n\n\n\n<h4 class=\"wp-block-heading\">1. Costa Oeste (Ialisos, Ixia, etc.)<\/h4>\n\n\n\n<p>Si decides alojarte en alguna poblaci\u00f3n de la costa oeste, las opciones de transporte son las mismas que para Rodas. Los buses hacen paradas en estas localidades y aqu\u00ed abajo te dejo los precios del taxi. Los dem\u00e1s est\u00e1n en la foto de arriba.<\/p>\n\n\n\n<ul class=\"wp-block-list\">\n<li><strong>Ialisos<\/strong>: 18 \u20ac<\/li>\n\n\n\n<li><strong>Ixia<\/strong>: 21 \u20ac<\/li>\n<\/ul>\n\n\n<div class=\"wp-block-image\">\n<figure class=\"aligncenter size-full\"><img loading=\"lazy\" decoding=\"async\" width=\"750\" height=\"500\" src=\"https:\/\/viajerosactivos.com\/wp-content\/uploads\/2023\/06\/playa-theologos-windsurf-y-kitesurf-en-rodas.jpg\" alt=\"playa-theologos-windsurf-y-kitesurf-en-rodas\" class=\"wp-image-14579\" srcset=\"https:\/\/viajerosactivos.com\/wp-content\/uploads\/2023\/06\/playa-theologos-windsurf-y-kitesurf-en-rodas.jpg 750w, https:\/\/viajerosactivos.com\/wp-content\/uploads\/2023\/06\/playa-theologos-windsurf-y-kitesurf-en-rodas-300x200.jpg 300w\" sizes=\"auto, (max-width: 750px) 100vw, 750px\" \/><\/figure>\n<\/div>\n\n\n<h4 class=\"wp-block-heading\">2. Costa Este (Kalithea, Faliraki, Lindos, etc.)<\/h4>\n\n\n\n<p>Para desplazarte a la costa este, lo mejor es en coche o taxi. Aqu\u00ed abajo tienes algunos precios de taxis:<\/p>\n\n\n\n<ul class=\"wp-block-list\">\n<li><strong>Faliraki:<\/strong> 31 \u20ac<\/li>\n\n\n\n<li><strong>Kalithea:<\/strong> 32 \u20ac<\/li>\n\n\n\n<li><strong>Lindos:<\/strong> 74 \u20ac<\/li>\n\n\n\n<li><strong>Kiotari:<\/strong> 84 \u20ac<\/li>\n<\/ul>\n\n\n\n<h5 class=\"wp-block-heading\">\ud83d\udd39 Bus del Aeropuerto a Faliraki <\/h5>\n\n\n\n<p>Desde mayo de 2025 hay una nueva l\u00ednea de autob\u00fas directa desde el aeropuerto a Faliraki de la compa\u00f1\u00eda KTEL. Para ir a otras poblaciones de la costa este desde Faliraki necesitar\u00edas otro bus. En esta gu\u00eda puedes leer m\u00e1s sobre <strong><a href=\"https:\/\/viajerosactivos.com\/como-moverse-por-rodas\/\">C\u00f3mo moverse por Rodas<\/a><\/strong>, incluyendo los buses.<\/p>\n\n\n\n<p>\ud83d\udd52 <strong>Horario desde el aeropuerto<\/strong>: entre las 6:00 y las 23:40 *<br>\ud83d\udd52 <strong>Horario desde Faliraki<\/strong>: de las 6:30 y las 23:00 *<br>\u25b6 <strong>Frecuencia<\/strong>: cada 30 &#8211; 60 minutos<br>\ud83d\ude8c <strong>Duraci\u00f3n del viaje<\/strong>: unos 40 minutos dependiendo del tr\u00e1fico<br>\ud83d\udcb6 <strong>Precio<\/strong>: 3,5 \u20ac por persona y trayecto<br>\ud83d\udd39 Se paga en el mismo bus solo en efectivo.<\/p>\n\n\n\n<p class=\"caja-linea\">* Los horarios de los buses var\u00edan a lo largo del a\u00f1o, en su <strong><a href=\"https:\/\/www.ktelrodou.gr\/en\/\" target=\"_blank\" rel=\"noreferrer noopener\">p\u00e1gina web <\/a><\/strong>puedes consultar los horarios actualizados.<\/p>\n\n\n\n<div style=\"height:10px\" aria-hidden=\"true\" class=\"wp-block-spacer\"><\/div>\n\n\n\n<h2 class=\"wp-block-heading\"><span class=\"ez-toc-section\" id=\"En_resumen\"><\/span>En resumen<span class=\"ez-toc-section-end\"><\/span><\/h2>\n\n\n\n<ul class=\"wp-block-list\">\n<li><strong>Si quieres ahorrar<\/strong>: autob\u00fas<\/li>\n\n\n\n<li><strong>Si llegas tarde o con mucho equipaje<\/strong>: taxi o transfer privado<\/li>\n\n\n\n<li><strong>Si vas a recorrer la isla<\/strong>: alquiler de coche<\/li>\n\n\n\n<li><strong>Si no quieres complicarte<\/strong>: transfer con reserva previa<\/li>\n<\/ul>\n\n\n\n<div style=\"height:10px\" aria-hidden=\"true\" class=\"wp-block-spacer\"><\/div>\n\n\n\n\n\n<div style=\"height:10px\" aria-hidden=\"true\" class=\"wp-block-spacer\"><\/div>\n\n\n\n<h2 class=\"wp-block-heading\"><span class=\"ez-toc-section\" id=\"Pensamientos_finales\"><\/span>Pensamientos finales<span class=\"ez-toc-section-end\"><\/span><\/h2>\n\n\n\n<p>Estas son todas las opciones para ir del aeropuerto de Rodas a la ciudad y a otras zonas de la isla. Sea cual sea tu plan, lo bueno es que el aeropuerto est\u00e1 bastante cerca de todo y no es un caos como otros. As\u00ed que, maleta en mano, \u00a1prep\u00e1rate para disfrutar Rodas desde el primer momento!<\/p>\n\n\n\n<p>Si tienes alguna duda, d\u00e9jame un comentario abajo y te ayudar\u00e9 en lo que pueda. Si te ha parecido \u00fatil el art\u00edculo, <strong>comp\u00e1rtelo con otros viajeros<\/strong>. \u00a1Buen viaje! \ud83d\ude18<\/p>\n\n\n\n<div style=\"height:10px\" aria-hidden=\"true\" class=\"wp-block-spacer\"><\/div>\n\n\n\n<h4 class=\"wp-block-heading\"><strong>M\u00e1s sobre Rodas<\/strong><\/h4>\n\n\n<style>.kb-posts-id-31347_817563-9d .entry.loop-entry .entry-header .entry-title{font-size:20px;line-height:25px;}.kb-posts-id-31347_817563-9d .kb-post-list-item{display:grid;}@media all and (max-width: 1024px){.kb-posts-id-31347_817563-9d .entry.loop-entry .entry-header .entry-title{font-size:20px;line-height:25px;}}@media all and (max-width: 767px){.kb-posts-id-31347_817563-9d .entry.loop-entry .entry-header .entry-title{font-size:20px;line-height:25px;}}<\/style><ul class=\"wp-block-kadence-posts kb-posts kadence-posts-list kb-posts-id-31347_817563-9d content-wrap grid-cols kb-posts-style-boxed grid-sm-col-3 grid-lg-col-3 item-image-style-above\"><li class=\"kb-post-list-item\">\n\t<article class=\"entry content-bg loop-entry post-14359 post type-post status-publish format-standard has-post-thumbnail hentry category-grecia tag-que-ver-en-rodas tag-rodas tag-viajar-a-las-islas-griegas no-featured-image-padding resize-featured-image\">\n\t\t\t\t<a aria-hidden=\"true\" tabindex=\"-1\" role=\"presentation\" class=\"post-thumbnail kadence-thumbnail-ratio-2-3\" href=\"https:\/\/viajerosactivos.com\/en\/que-ver-en-rodas\/\" aria-label=\"Qu\u00e9 ver en Rodas: 11 imprescindibles\">\n\t\t\t<div class=\"post-thumbnail-inner\">\n\t\t\t\t<img loading=\"lazy\" decoding=\"async\" width=\"768\" height=\"504\" src=\"https:\/\/viajerosactivos.com\/wp-content\/uploads\/2025\/04\/bahia-san-pablo-lindos-768x504.webp\" class=\"attachment-medium_large size-medium_large wp-post-image\" alt=\"bahia-san-pablo-lindos\" srcset=\"https:\/\/viajerosactivos.com\/wp-content\/uploads\/2025\/04\/bahia-san-pablo-lindos-768x504.webp 768w, https:\/\/viajerosactivos.com\/wp-content\/uploads\/2025\/04\/bahia-san-pablo-lindos-300x197.webp 300w, https:\/\/viajerosactivos.com\/wp-content\/uploads\/2025\/04\/bahia-san-pablo-lindos-18x12.webp 18w, https:\/\/viajerosactivos.com\/wp-content\/uploads\/2025\/04\/bahia-san-pablo-lindos.webp 900w\" sizes=\"auto, (max-width: 768px) 100vw, 768px\" \/>\t\t\t<\/div>\n\t\t<\/a><!-- .post-thumbnail -->\n\t\t\t\t<div class=\"entry-content-wrap\">\n\t\t\t<header class=\"entry-header\">\n\t<h5 class=\"entry-title\"><a href=\"https:\/\/viajerosactivos.com\/en\/que-ver-en-rodas\/\" rel=\"bookmark\">Qu\u00e9 ver en Rodas: 11 imprescindibles<\/a><\/h5><\/header><!-- .entry-header -->\n<footer class=\"entry-footer\">\n\t<\/footer><!-- .entry-footer -->\t\t<\/div>\n\t<\/article>\n<\/li>\n<li class=\"kb-post-list-item\">\n\t<article class=\"entry content-bg loop-entry post-31523 post type-post status-publish format-standard has-post-thumbnail hentry category-grecia tag-rodas tag-viajar-a-las-islas-griegas no-featured-image-padding resize-featured-image\">\n\t\t\t\t<a aria-hidden=\"true\" tabindex=\"-1\" role=\"presentation\" class=\"post-thumbnail kadence-thumbnail-ratio-2-3\" href=\"https:\/\/viajerosactivos.com\/en\/hoteles-todo-incluido-en-rodas\/\" aria-label=\"Top 9 Hoteles Todo Incluido en Rodas con Parque Acu\u00e1tico\">\n\t\t\t<div class=\"post-thumbnail-inner\">\n\t\t\t\t<img loading=\"lazy\" decoding=\"async\" width=\"768\" height=\"506\" src=\"https:\/\/viajerosactivos.com\/wp-content\/uploads\/2025\/05\/blue-bay-aquapark--768x506.webp\" class=\"attachment-medium_large size-medium_large wp-post-image\" alt=\"blue bay aquapark-\" srcset=\"https:\/\/viajerosactivos.com\/wp-content\/uploads\/2025\/05\/blue-bay-aquapark--768x506.webp 768w, https:\/\/viajerosactivos.com\/wp-content\/uploads\/2025\/05\/blue-bay-aquapark--300x198.webp 300w, https:\/\/viajerosactivos.com\/wp-content\/uploads\/2025\/05\/blue-bay-aquapark--18x12.webp 18w, https:\/\/viajerosactivos.com\/wp-content\/uploads\/2025\/05\/blue-bay-aquapark-.webp 900w\" sizes=\"auto, (max-width: 768px) 100vw, 768px\" \/>\t\t\t<\/div>\n\t\t<\/a><!-- .post-thumbnail -->\n\t\t\t\t<div class=\"entry-content-wrap\">\n\t\t\t<header class=\"entry-header\">\n\t<h5 class=\"entry-title\"><a href=\"https:\/\/viajerosactivos.com\/en\/hoteles-todo-incluido-en-rodas\/\" rel=\"bookmark\">Top 9 Hoteles Todo Incluido en Rodas con Parque Acu\u00e1tico<\/a><\/h5><\/header><!-- .entry-header -->\n<footer class=\"entry-footer\">\n\t<\/footer><!-- .entry-footer -->\t\t<\/div>\n\t<\/article>\n<\/li>\n<li class=\"kb-post-list-item\">\n\t<article class=\"entry content-bg loop-entry post-31347 post type-post status-publish format-standard has-post-thumbnail hentry category-grecia tag-rodas tag-viajar-a-las-islas-griegas no-featured-image-padding resize-featured-image\">\n\t\t\t\t<a aria-hidden=\"true\" tabindex=\"-1\" role=\"presentation\" class=\"post-thumbnail kadence-thumbnail-ratio-2-3\" href=\"https:\/\/viajerosactivos.com\/en\/aeropuerto-de-rodas-a-la-ciudad\/\" aria-label=\"C\u00f3mo ir del aeropuerto de Rodas a la ciudad y otras zonas\">\n\t\t\t<div class=\"post-thumbnail-inner\">\n\t\t\t\t<img loading=\"lazy\" decoding=\"async\" width=\"750\" height=\"500\" src=\"https:\/\/viajerosactivos.com\/wp-content\/uploads\/2023\/06\/tres-molinos-en-mandraki-que-ver-en-rodas.jpg\" class=\"attachment-medium_large size-medium_large wp-post-image\" alt=\"tres-molinos-en-mandraki-que-ver-en-rodas\" srcset=\"https:\/\/viajerosactivos.com\/wp-content\/uploads\/2023\/06\/tres-molinos-en-mandraki-que-ver-en-rodas.jpg 750w, https:\/\/viajerosactivos.com\/wp-content\/uploads\/2023\/06\/tres-molinos-en-mandraki-que-ver-en-rodas-300x200.jpg 300w\" sizes=\"auto, (max-width: 750px) 100vw, 750px\" \/>\t\t\t<\/div>\n\t\t<\/a><!-- .post-thumbnail -->\n\t\t\t\t<div class=\"entry-content-wrap\">\n\t\t\t<header class=\"entry-header\">\n\t<h5 class=\"entry-title\"><a href=\"https:\/\/viajerosactivos.com\/en\/aeropuerto-de-rodas-a-la-ciudad\/\" rel=\"bookmark\">C\u00f3mo ir del aeropuerto de Rodas a la ciudad y otras zonas<\/a><\/h5><\/header><!-- .entry-header -->\n<footer class=\"entry-footer\">\n\t<\/footer><!-- .entry-footer -->\t\t<\/div>\n\t<\/article>\n<\/li>\n<li class=\"kb-post-list-item\">\n\t<article class=\"entry content-bg loop-entry post-32323 post type-post status-publish format-standard has-post-thumbnail hentry category-grecia tag-rodas tag-viajar-a-las-islas-griegas no-featured-image-padding\">\n\t\t\t\t<a aria-hidden=\"true\" tabindex=\"-1\" role=\"presentation\" class=\"post-thumbnail kadence-thumbnail-ratio-2-3\" href=\"https:\/\/viajerosactivos.com\/en\/excursiones-en-barco-en-rodas\/\" aria-label=\"8 Mejores Excursiones en Barco en Rodas\">\n\t\t\t<div class=\"post-thumbnail-inner\">\n\t\t\t\t<img loading=\"lazy\" decoding=\"async\" width=\"768\" height=\"512\" src=\"https:\/\/viajerosactivos.com\/wp-content\/uploads\/2025\/08\/isla-kastelorizo-768x512.webp\" class=\"attachment-medium_large size-medium_large wp-post-image\" alt=\"isla-kastelorizo\" srcset=\"https:\/\/viajerosactivos.com\/wp-content\/uploads\/2025\/08\/isla-kastelorizo-768x512.webp 768w, https:\/\/viajerosactivos.com\/wp-content\/uploads\/2025\/08\/isla-kastelorizo-300x200.webp 300w, https:\/\/viajerosactivos.com\/wp-content\/uploads\/2025\/08\/isla-kastelorizo-18x12.webp 18w, https:\/\/viajerosactivos.com\/wp-content\/uploads\/2025\/08\/isla-kastelorizo.webp 900w\" sizes=\"auto, (max-width: 768px) 100vw, 768px\" \/>\t\t\t<\/div>\n\t\t<\/a><!-- .post-thumbnail -->\n\t\t\t\t<div class=\"entry-content-wrap\">\n\t\t\t<header class=\"entry-header\">\n\t<h5 class=\"entry-title\"><a href=\"https:\/\/viajerosactivos.com\/en\/excursiones-en-barco-en-rodas\/\" rel=\"bookmark\">8 Mejores Excursiones en Barco en Rodas<\/a><\/h5><\/header><!-- .entry-header -->\n<footer class=\"entry-footer\">\n\t<\/footer><!-- .entry-footer -->\t\t<\/div>\n\t<\/article>\n<\/li>\n<li class=\"kb-post-list-item\">\n\t<article class=\"entry content-bg loop-entry post-31099 post type-post status-publish format-standard has-post-thumbnail hentry category-grecia tag-rodas tag-viajar-a-las-islas-griegas no-featured-image-padding\">\n\t\t\t\t<a aria-hidden=\"true\" tabindex=\"-1\" role=\"presentation\" class=\"post-thumbnail kadence-thumbnail-ratio-2-3\" href=\"https:\/\/viajerosactivos.com\/en\/ciudad-medieval-de-rodas-y-mandraki\/\" aria-label=\"Ciudad Medieval de Rodas y Mandraki: 18 imprescindibles\">\n\t\t\t<div class=\"post-thumbnail-inner\">\n\t\t\t\t<img loading=\"lazy\" decoding=\"async\" width=\"768\" height=\"512\" src=\"https:\/\/viajerosactivos.com\/wp-content\/uploads\/2025\/04\/palacio-gran-mestre-rodas-1-768x512.webp\" class=\"attachment-medium_large size-medium_large wp-post-image\" alt=\"palacio-gran-mestre-rodas-(1)\" srcset=\"https:\/\/viajerosactivos.com\/wp-content\/uploads\/2025\/04\/palacio-gran-mestre-rodas-1-768x512.webp 768w, https:\/\/viajerosactivos.com\/wp-content\/uploads\/2025\/04\/palacio-gran-mestre-rodas-1-300x200.webp 300w, https:\/\/viajerosactivos.com\/wp-content\/uploads\/2025\/04\/palacio-gran-mestre-rodas-1-18x12.webp 18w, https:\/\/viajerosactivos.com\/wp-content\/uploads\/2025\/04\/palacio-gran-mestre-rodas-1.webp 900w\" sizes=\"auto, (max-width: 768px) 100vw, 768px\" \/>\t\t\t<\/div>\n\t\t<\/a><!-- .post-thumbnail -->\n\t\t\t\t<div class=\"entry-content-wrap\">\n\t\t\t<header class=\"entry-header\">\n\t<h5 class=\"entry-title\"><a href=\"https:\/\/viajerosactivos.com\/en\/ciudad-medieval-de-rodas-y-mandraki\/\" rel=\"bookmark\">Ciudad Medieval de Rodas y Mandraki: 18 imprescindibles<\/a><\/h5><\/header><!-- .entry-header -->\n<footer class=\"entry-footer\">\n\t<\/footer><!-- .entry-footer -->\t\t<\/div>\n\t<\/article>\n<\/li>\n<li class=\"kb-post-list-item\">\n\t<article class=\"entry content-bg loop-entry post-31397 post type-post status-publish format-standard has-post-thumbnail hentry category-grecia tag-rodas tag-viajar-a-las-islas-griegas no-featured-image-padding resize-featured-image\">\n\t\t\t\t<a aria-hidden=\"true\" tabindex=\"-1\" role=\"presentation\" class=\"post-thumbnail kadence-thumbnail-ratio-2-3\" href=\"https:\/\/viajerosactivos.com\/en\/donde-alojarse-en-rodas\/\" aria-label=\"D\u00f3nde Alojarse en Rodas: Mejores Zonas y Hoteles\">\n\t\t\t<div class=\"post-thumbnail-inner\">\n\t\t\t\t<img loading=\"lazy\" decoding=\"async\" width=\"750\" height=\"500\" src=\"https:\/\/viajerosactivos.com\/wp-content\/uploads\/2023\/07\/manantiales-kalithea-en-rodas.jpg\" class=\"attachment-medium_large size-medium_large wp-post-image\" alt=\"manantiales-kalithea-en-rodas\" srcset=\"https:\/\/viajerosactivos.com\/wp-content\/uploads\/2023\/07\/manantiales-kalithea-en-rodas.jpg 750w, https:\/\/viajerosactivos.com\/wp-content\/uploads\/2023\/07\/manantiales-kalithea-en-rodas-300x200.jpg 300w\" sizes=\"auto, (max-width: 750px) 100vw, 750px\" \/>\t\t\t<\/div>\n\t\t<\/a><!-- .post-thumbnail -->\n\t\t\t\t<div class=\"entry-content-wrap\">\n\t\t\t<header class=\"entry-header\">\n\t<h5 class=\"entry-title\"><a href=\"https:\/\/viajerosactivos.com\/en\/donde-alojarse-en-rodas\/\" rel=\"bookmark\">D\u00f3nde Alojarse en Rodas: Mejores Zonas y Hoteles<\/a><\/h5><\/header><!-- .entry-header -->\n<footer class=\"entry-footer\">\n\t<\/footer><!-- .entry-footer -->\t\t<\/div>\n\t<\/article>\n<\/li>\n<\/ul>\n\n\n<h4 class=\"wp-block-heading\"><strong>M\u00e1s sobre las Islas Griegas<\/strong><\/h4>\n\n\n<style>.kb-posts-id-31347_df6d01-bd .entry.loop-entry .entry-header .entry-title{font-size:20px;line-height:25px;}.kb-posts-id-31347_df6d01-bd .kb-post-list-item{display:grid;}@media all and (max-width: 1024px){.kb-posts-id-31347_df6d01-bd .entry.loop-entry .entry-header .entry-title{font-size:20px;line-height:25px;}}@media all and (max-width: 767px){.kb-posts-id-31347_df6d01-bd .entry.loop-entry .entry-header .entry-title{font-size:20px;line-height:25px;}}<\/style><ul class=\"wp-block-kadence-posts kb-posts kadence-posts-list kb-posts-id-31347_df6d01-bd content-wrap grid-cols kb-posts-style-boxed grid-sm-col-3 grid-lg-col-3 item-image-style-above\"><li class=\"kb-post-list-item\">\n\t<article class=\"entry content-bg loop-entry post-31916 post type-post status-publish format-standard has-post-thumbnail hentry category-grecia tag-informacion-practica-de-grecia tag-islas-griegas no-featured-image-padding resize-featured-image\">\n\t\t\t\t<a aria-hidden=\"true\" tabindex=\"-1\" role=\"presentation\" class=\"post-thumbnail kadence-thumbnail-ratio-2-3\" href=\"https:\/\/viajerosactivos.com\/en\/que-llevar-a-las-islas-griegas\/\" aria-label=\"Qu\u00e9 llevar a las Islas Griegas: con consejos pr\u00e1cticos\">\n\t\t\t<div class=\"post-thumbnail-inner\">\n\t\t\t\t<img loading=\"lazy\" decoding=\"async\" width=\"750\" height=\"500\" src=\"https:\/\/viajerosactivos.com\/wp-content\/uploads\/2023\/07\/circuito-islas-griegas.jpg\" class=\"attachment-medium_large size-medium_large wp-post-image\" alt=\"circuito-islas-griegas\" srcset=\"https:\/\/viajerosactivos.com\/wp-content\/uploads\/2023\/07\/circuito-islas-griegas.jpg 750w, https:\/\/viajerosactivos.com\/wp-content\/uploads\/2023\/07\/circuito-islas-griegas-300x200.jpg 300w\" sizes=\"auto, (max-width: 750px) 100vw, 750px\" \/>\t\t\t<\/div>\n\t\t<\/a><!-- .post-thumbnail -->\n\t\t\t\t<div class=\"entry-content-wrap\">\n\t\t\t<header class=\"entry-header\">\n\t<h5 class=\"entry-title\"><a href=\"https:\/\/viajerosactivos.com\/en\/que-llevar-a-las-islas-griegas\/\" rel=\"bookmark\">Qu\u00e9 llevar a las Islas Griegas: con consejos pr\u00e1cticos<\/a><\/h5><\/header><!-- .entry-header -->\n<footer class=\"entry-footer\">\n\t<\/footer><!-- .entry-footer -->\t\t<\/div>\n\t<\/article>\n<\/li>\n<li class=\"kb-post-list-item\">\n\t<article class=\"entry content-bg loop-entry post-14151 post type-post status-publish format-standard has-post-thumbnail hentry category-grecia tag-informacion-practica-de-grecia tag-islas-griegas no-featured-image-padding resize-featured-image\">\n\t\t\t\t<a aria-hidden=\"true\" tabindex=\"-1\" role=\"presentation\" class=\"post-thumbnail kadence-thumbnail-ratio-2-3\" href=\"https:\/\/viajerosactivos.com\/en\/cuando-viajar-a-las-islas-griegas\/\" aria-label=\"Cu\u00e1ndo Viajar a las Islas Griegas: clima, precios y consejos\">\n\t\t\t<div class=\"post-thumbnail-inner\">\n\t\t\t\t<img loading=\"lazy\" decoding=\"async\" width=\"750\" height=\"500\" src=\"https:\/\/viajerosactivos.com\/wp-content\/uploads\/2023\/12\/isla-de-Symi2.jpg\" class=\"attachment-medium_large size-medium_large wp-post-image\" alt=\"isla-de-Symi2\" srcset=\"https:\/\/viajerosactivos.com\/wp-content\/uploads\/2023\/12\/isla-de-Symi2.jpg 750w, https:\/\/viajerosactivos.com\/wp-content\/uploads\/2023\/12\/isla-de-Symi2-300x200.jpg 300w\" sizes=\"auto, (max-width: 750px) 100vw, 750px\" \/>\t\t\t<\/div>\n\t\t<\/a><!-- .post-thumbnail -->\n\t\t\t\t<div class=\"entry-content-wrap\">\n\t\t\t<header class=\"entry-header\">\n\t<h5 class=\"entry-title\"><a href=\"https:\/\/viajerosactivos.com\/en\/cuando-viajar-a-las-islas-griegas\/\" rel=\"bookmark\">Cu\u00e1ndo Viajar a las Islas Griegas: clima, precios y consejos<\/a><\/h5><\/header><!-- .entry-header -->\n<footer class=\"entry-footer\">\n\t<\/footer><!-- .entry-footer -->\t\t<\/div>\n\t<\/article>\n<\/li>\n<li class=\"kb-post-list-item\">\n\t<article class=\"entry content-bg loop-entry post-17321 post type-post status-publish format-standard has-post-thumbnail hentry category-grecia tag-barato-europa tag-grecia tag-islas-griegas tag-islas-griegas-baratas tag-viajar-a-las-islas-griegas no-featured-image-padding resize-featured-image\">\n\t\t\t\t<a aria-hidden=\"true\" tabindex=\"-1\" role=\"presentation\" class=\"post-thumbnail kadence-thumbnail-ratio-2-3\" href=\"https:\/\/viajerosactivos.com\/en\/islas-griegas-baratas\/\" aria-label=\"10 Islas Griegas baratas, bonitas (y algo desconocidas)\">\n\t\t\t<div class=\"post-thumbnail-inner\">\n\t\t\t\t<img loading=\"lazy\" decoding=\"async\" width=\"750\" height=\"500\" src=\"https:\/\/viajerosactivos.com\/wp-content\/uploads\/2023\/07\/Tis-Grias-to-Pidima-en-isla-andros.jpg\" class=\"attachment-medium_large size-medium_large wp-post-image\" alt=\"Tis-Grias-to-Pidima-en-isla-andros\" srcset=\"https:\/\/viajerosactivos.com\/wp-content\/uploads\/2023\/07\/Tis-Grias-to-Pidima-en-isla-andros.jpg 750w, https:\/\/viajerosactivos.com\/wp-content\/uploads\/2023\/07\/Tis-Grias-to-Pidima-en-isla-andros-300x200.jpg 300w\" sizes=\"auto, (max-width: 750px) 100vw, 750px\" \/>\t\t\t<\/div>\n\t\t<\/a><!-- .post-thumbnail -->\n\t\t\t\t<div class=\"entry-content-wrap\">\n\t\t\t<header class=\"entry-header\">\n\t<h5 class=\"entry-title\"><a href=\"https:\/\/viajerosactivos.com\/en\/islas-griegas-baratas\/\" rel=\"bookmark\">10 Islas Griegas baratas, bonitas (y algo desconocidas)<\/a><\/h5><\/header><!-- .entry-header -->\n<footer class=\"entry-footer\">\n\t<\/footer><!-- .entry-footer -->\t\t<\/div>\n\t<\/article>\n<\/li>\n<\/ul>\n\n\n<div style=\"height:10px\" aria-hidden=\"true\" class=\"wp-block-spacer\"><\/div>\n","protected":false},"excerpt":{"rendered":"<p>If you&#039;re arriving in Rhodes by plane, the first thing you&#039;ll want to know is how to get out of the airport without wasting time (or patience). <\/p>\n<p class=\"read-more-container\"><a title=\"How to get from Rhodes Airport to the City Center and other areas\" class=\"read-more button\" href=\"https:\/\/viajerosactivos.com\/en\/aeropuerto-de-rodas-a-la-ciudad\/#more-31347\" aria-label=\"Read more about How to get from Rhodes Airport to the city and other areas\">Read more<\/a><\/p>","protected":false},"author":1,"featured_media":14560,"comment_status":"open","ping_status":"closed","sticky":false,"template":"","format":"standard","meta":{"footnotes":""},"categories":[410],"tags":[564,520],"class_list":["post-31347","post","type-post","status-publish","format-standard","has-post-thumbnail","hentry","category-grecia","tag-rodas","tag-viajar-a-las-islas-griegas","no-featured-image-padding","resize-featured-image"],"_links":{"self":[{"href":"https:\/\/viajerosactivos.com\/en\/wp-json\/wp\/v2\/posts\/31347","targetHints":{"allow":["GET"]}}],"collection":[{"href":"https:\/\/viajerosactivos.com\/en\/wp-json\/wp\/v2\/posts"}],"about":[{"href":"https:\/\/viajerosactivos.com\/en\/wp-json\/wp\/v2\/types\/post"}],"author":[{"embeddable":true,"href":"https:\/\/viajerosactivos.com\/en\/wp-json\/wp\/v2\/users\/1"}],"replies":[{"embeddable":true,"href":"https:\/\/viajerosactivos.com\/en\/wp-json\/wp\/v2\/comments?post=31347"}],"version-history":[{"count":2,"href":"https:\/\/viajerosactivos.com\/en\/wp-json\/wp\/v2\/posts\/31347\/revisions"}],"predecessor-version":[{"id":35071,"href":"https:\/\/viajerosactivos.com\/en\/wp-json\/wp\/v2\/posts\/31347\/revisions\/35071"}],"wp:featuredmedia":[{"embeddable":true,"href":"https:\/\/viajerosactivos.com\/en\/wp-json\/wp\/v2\/media\/14560"}],"wp:attachment":[{"href":"https:\/\/viajerosactivos.com\/en\/wp-json\/wp\/v2\/media?parent=31347"}],"wp:term":[{"taxonomy":"category","embeddable":true,"href":"https:\/\/viajerosactivos.com\/en\/wp-json\/wp\/v2\/categories?post=31347"},{"taxonomy":"post_tag","embeddable":true,"href":"https:\/\/viajerosactivos.com\/en\/wp-json\/wp\/v2\/tags?post=31347"}],"curies":[{"name":"wp","href":"https:\/\/api.w.org\/{rel}","templated":true}]}}