{"id":22660,"date":"2023-12-24T16:29:22","date_gmt":"2023-12-24T15:29:22","guid":{"rendered":"https:\/\/viajerosactivos.com\/?p=22660"},"modified":"2026-04-24T18:19:12","modified_gmt":"2026-04-24T16:19:12","slug":"voyager-en-europe-en-hiver","status":"publish","type":"post","link":"https:\/\/viajerosactivos.com\/fr\/viajar-a-europa-en-invierno\/","title":{"rendered":"14 conseils pour voyager en Europe en hiver"},"content":{"rendered":"\n<p>Si pensabas que Europa solo se disfruta en verano, te vas a sorprender con todo lo que puedes vivir bajo la nieve. Viajar en invierno tiene su encanto: ciudades iluminadas, paisajes nevados, mercados navide\u00f1os y la posibilidad de ver auroras boreales o disfrutar de un buen ba\u00f1o termal.<\/p>\n\n\n\n<p>Adem\u00e1s, es una de las mejores \u00e9pocas para ahorrar, ya que los vuelos y alojamientos suelen ser m\u00e1s baratos despu\u00e9s de las fiestas.<\/p>\n\n\n\n<p>En este art\u00edculo comparto mis mejores consejos para viajar a Europa en invierno: c\u00f3mo vestirte para no pasar fr\u00edo, qu\u00e9 actividades hacer, c\u00f3mo organizar tus d\u00edas y d\u00f3nde encontrar ropa de calidad si necesitas comprarla all\u00ed. Todo para que vivas un viaje c\u00f3modo, c\u00e1lido y lleno de experiencias \u00fanicas.<\/p>\n\n\n<style>.kb-row-layout-wrap.wp-block-kadence-rowlayout.kb-row-layout-id35056_7d1931-ca{margin-bottom:0px;}.kb-row-layout-id35056_7d1931-ca > .kt-row-column-wrap{align-content:start;}:where(.kb-row-layout-id35056_7d1931-ca > .kt-row-column-wrap) > .wp-block-kadence-column{justify-content:start;}.kb-row-layout-id35056_7d1931-ca > .kt-row-column-wrap{column-gap:var(--global-kb-gap-md, 2rem);row-gap:var(--global-kb-gap-md, 2rem);max-width:750px;margin-left:auto;margin-right:auto;padding-top:var(--global-kb-spacing-sm, 1.5rem);padding-bottom:var(--global-kb-spacing-sm, 1.5rem);grid-template-columns:minmax(0, 1fr);}.kb-row-layout-id35056_7d1931-ca > .kt-row-layout-overlay{opacity:0.30;}@media all and (max-width: 1024px){.kb-row-layout-id35056_7d1931-ca > .kt-row-column-wrap{grid-template-columns:minmax(0, 1fr);}}@media all and (max-width: 767px){.kb-row-layout-id35056_7d1931-ca > .kt-row-column-wrap{grid-template-columns:minmax(0, 1fr);}}<\/style><div class=\"kb-row-layout-wrap kb-row-layout-id35056_7d1931-ca alignnone wp-block-kadence-rowlayout\"><div class=\"kt-row-column-wrap kt-has-1-columns kt-row-layout-equal kt-tab-layout-inherit kt-mobile-layout-row kt-row-valign-top\">\n<style>.kadence-column35056_7f84b1-49 > .kt-inside-inner-col{border-top:1px solid var(--contrast);border-right:1px solid var(--contrast);border-bottom:1px solid var(--contrast);border-left:1px solid var(--contrast);}.kadence-column35056_7f84b1-49 > .kt-inside-inner-col,.kadence-column35056_7f84b1-49 > .kt-inside-inner-col:before{border-top-left-radius:0px;border-top-right-radius:0px;border-bottom-right-radius:0px;border-bottom-left-radius:0px;}.kadence-column35056_7f84b1-49 > .kt-inside-inner-col{column-gap:var(--global-kb-gap-sm, 1rem);}.kadence-column35056_7f84b1-49 > .kt-inside-inner-col{flex-direction:column;}.kadence-column35056_7f84b1-49 > .kt-inside-inner-col > .aligncenter{width:100%;}.kadence-column35056_7f84b1-49 > .kt-inside-inner-col:before{opacity:0.3;}.kadence-column35056_7f84b1-49{position:relative;}.kadence-column35056_7f84b1-49, .kt-inside-inner-col > .kadence-column35056_7f84b1-49:not(.specificity){margin-top:-10px;margin-right:10px;margin-bottom:10px;margin-left:10px;}@media all and (max-width: 1024px){.kadence-column35056_7f84b1-49 > .kt-inside-inner-col{border-top:1px solid var(--contrast);border-right:1px solid var(--contrast);border-bottom:1px solid var(--contrast);border-left:1px solid var(--contrast);flex-direction:column;justify-content:center;}}@media all and (max-width: 767px){.kadence-column35056_7f84b1-49 > .kt-inside-inner-col{border-top:1px solid var(--contrast);border-right:1px solid var(--contrast);border-bottom:1px solid var(--contrast);border-left:1px solid var(--contrast);flex-direction:column;justify-content:center;}.kadence-column35056_7f84b1-49, .kt-inside-inner-col > .kadence-column35056_7f84b1-49:not(.specificity){margin-right:5px;margin-left:5px;}}<\/style>\n<div class=\"wp-block-kadence-column kadence-column35056_7f84b1-49\"><div class=\"kt-inside-inner-col\"><style>.kadence-column35056_44a0bc-fb > .kt-inside-inner-col{display:flex;}.kadence-column35056_44a0bc-fb > .kt-inside-inner-col{border-top:10px solid transparent;border-right:10px solid transparent;border-bottom:10px solid transparent;border-left:10px solid transparent;}.kadence-column35056_44a0bc-fb > .kt-inside-inner-col,.kadence-column35056_44a0bc-fb > .kt-inside-inner-col:before{border-top-left-radius:0px;border-top-right-radius:0px;border-bottom-right-radius:0px;border-bottom-left-radius:0px;}.kadence-column35056_44a0bc-fb > .kt-inside-inner-col{row-gap:13px;column-gap:13px;}.kadence-column35056_44a0bc-fb > .kt-inside-inner-col{flex-direction:row;flex-wrap:wrap;align-items:center;}.kadence-column35056_44a0bc-fb > .kt-inside-inner-col > *, .kadence-column35056_44a0bc-fb > .kt-inside-inner-col > figure.wp-block-image, .kadence-column35056_44a0bc-fb > .kt-inside-inner-col > figure.wp-block-kadence-image{margin-top:0px;margin-bottom:0px;}.kadence-column35056_44a0bc-fb > .kt-inside-inner-col > .kb-image-is-ratio-size{flex-grow:1;}.kadence-column35056_44a0bc-fb > .kt-inside-inner-col:before{opacity:0.3;}.kadence-column35056_44a0bc-fb{position:relative;}.kadence-column35056_44a0bc-fb, .kt-inside-inner-col > .kadence-column35056_44a0bc-fb:not(.specificity){margin-top:-25px;}@media all and (max-width: 1024px){.kadence-column35056_44a0bc-fb > .kt-inside-inner-col{border-top:10px solid transparent;border-right:10px solid transparent;border-bottom:10px solid transparent;border-left:10px solid transparent;flex-direction:row;flex-wrap:wrap;align-items:center;}}@media all and (min-width: 768px) and (max-width: 1024px){.kadence-column35056_44a0bc-fb > .kt-inside-inner-col > *, .kadence-column35056_44a0bc-fb > .kt-inside-inner-col > figure.wp-block-image, .kadence-column35056_44a0bc-fb > .kt-inside-inner-col > figure.wp-block-kadence-image{margin-top:0px;margin-bottom:0px;}.kadence-column35056_44a0bc-fb > .kt-inside-inner-col > .kb-image-is-ratio-size{flex-grow:1;}}@media all and (max-width: 767px){.kadence-column35056_44a0bc-fb > .kt-inside-inner-col{border-top:10px solid transparent;border-right:10px solid transparent;border-bottom:10px solid transparent;border-left:10px solid transparent;flex-direction:row;flex-wrap:wrap;justify-content:flex-start;}.kadence-column35056_44a0bc-fb > .kt-inside-inner-col > *, .kadence-column35056_44a0bc-fb > .kt-inside-inner-col > figure.wp-block-image, .kadence-column35056_44a0bc-fb > .kt-inside-inner-col > figure.wp-block-kadence-image{margin-top:0px;margin-bottom:0px;}.kadence-column35056_44a0bc-fb > .kt-inside-inner-col > .kb-image-is-ratio-size{flex-grow:1;}}<\/style>\n<div class=\"wp-block-kadence-column kadence-column35056_44a0bc-fb kb-section-dir-horizontal\"><div class=\"kt-inside-inner-col\"><style>.wp-block-kadence-advancedheading.kt-adv-heading35056_e68275-cd, .wp-block-kadence-advancedheading.kt-adv-heading35056_e68275-cd[data-kb-block=\"kb-adv-heading35056_e68275-cd\"]{display:block;text-align:center;line-height:1.2;font-style:normal;font-family:Arial, Helvetica, sans-serif;text-transform:uppercase;letter-spacing:1.2px;border-top:5px solid transparent;border-right:10px solid transparent;border-bottom:5px solid transparent;border-left:10px solid transparent;border-top-left-radius:0px;border-top-right-radius:0px;border-bottom-right-radius:0px;border-bottom-left-radius:0px;}.wp-block-kadence-advancedheading.kt-adv-heading35056_e68275-cd mark.kt-highlight, .wp-block-kadence-advancedheading.kt-adv-heading35056_e68275-cd[data-kb-block=\"kb-adv-heading35056_e68275-cd\"] mark.kt-highlight{font-style:normal;color:#f76a0c;-webkit-box-decoration-break:clone;box-decoration-break:clone;padding-top:0px;padding-right:0px;padding-bottom:0px;padding-left:0px;}.wp-block-kadence-advancedheading.kt-adv-heading35056_e68275-cd img.kb-inline-image, .wp-block-kadence-advancedheading.kt-adv-heading35056_e68275-cd[data-kb-block=\"kb-adv-heading35056_e68275-cd\"] img.kb-inline-image{width:150px;vertical-align:baseline;}@media all and (max-width: 1024px){.wp-block-kadence-advancedheading.kt-adv-heading35056_e68275-cd, .wp-block-kadence-advancedheading.kt-adv-heading35056_e68275-cd[data-kb-block=\"kb-adv-heading35056_e68275-cd\"]{border-top:5px solid transparent;border-right:10px solid transparent;border-bottom:5px solid transparent;border-left:10px solid transparent;}}@media all and (max-width: 767px){.wp-block-kadence-advancedheading.kt-adv-heading35056_e68275-cd, .wp-block-kadence-advancedheading.kt-adv-heading35056_e68275-cd[data-kb-block=\"kb-adv-heading35056_e68275-cd\"]{font-size:0.95em;border-top:5px solid transparent;border-right:10px solid transparent;border-bottom:5px solid transparent;border-left:10px solid transparent;}}<\/style>\n<span class=\"kt-adv-heading35056_e68275-cd wp-block-kadence-advancedheading has-base-3-color has-text-color has-contrast-background-color has-background\" data-kb-block=\"kb-adv-heading35056_e68275-cd\">Antes de viajar, ahorra con\u2026<\/span>\n<\/div><\/div>\n\n\n<style>.kb-row-layout-wrap.wp-block-kadence-rowlayout.kb-row-layout-id35056_7fdabc-ce{margin-bottom:0px;}.kb-row-layout-id35056_7fdabc-ce > .kt-row-column-wrap{align-content:start;}:where(.kb-row-layout-id35056_7fdabc-ce > .kt-row-column-wrap) > .wp-block-kadence-column{justify-content:start;}.kb-row-layout-id35056_7fdabc-ce > .kt-row-column-wrap{column-gap:var(--global-kb-gap-sm, 1rem);row-gap:var(--global-kb-gap-sm, 1rem);padding-top:10px;padding-right:12px;padding-bottom:10px;padding-left:12px;grid-template-columns:minmax(0, 1fr);}.kb-row-layout-id35056_7fdabc-ce > .kt-row-layout-overlay{opacity:0.30;}@media all and (max-width: 1024px){.kb-row-layout-id35056_7fdabc-ce > .kt-row-column-wrap{grid-template-columns:minmax(0, 1fr);}}@media all and (max-width: 767px){.kb-row-layout-id35056_7fdabc-ce > .kt-row-column-wrap{grid-template-columns:minmax(0, 1fr);}}<\/style><div class=\"kb-row-layout-wrap kb-row-layout-id35056_7fdabc-ce alignnone wp-block-kadence-rowlayout\"><div class=\"kt-row-column-wrap kt-has-1-columns kt-row-layout-equal kt-tab-layout-inherit kt-mobile-layout-row kt-row-valign-top\">\n<style>.kadence-column35056_4de3d6-41 > .kt-inside-inner-col,.kadence-column35056_4de3d6-41 > .kt-inside-inner-col:before{border-top-left-radius:0px;border-top-right-radius:0px;border-bottom-right-radius:0px;border-bottom-left-radius:0px;}.kadence-column35056_4de3d6-41 > .kt-inside-inner-col{column-gap:var(--global-kb-gap-sm, 1rem);}.kadence-column35056_4de3d6-41 > .kt-inside-inner-col{flex-direction:column;}.kadence-column35056_4de3d6-41 > .kt-inside-inner-col > .aligncenter{width:100%;}.kadence-column35056_4de3d6-41 > .kt-inside-inner-col:before{opacity:0.3;}.kadence-column35056_4de3d6-41{text-align:left;}.kadence-column35056_4de3d6-41{position:relative;}@media all and (max-width: 1024px){.kadence-column35056_4de3d6-41 > .kt-inside-inner-col{flex-direction:column;justify-content:center;}}@media all and (max-width: 767px){.kadence-column35056_4de3d6-41 > .kt-inside-inner-col{flex-direction:column;justify-content:center;}}<\/style>\n<div class=\"wp-block-kadence-column kadence-column35056_4de3d6-41\"><div class=\"kt-inside-inner-col\">\n<p>\ud83d\udcf6 <strong><a class=\"thirstylink\" rel=\"nofollow\" target=\"_blank\" title=\"eSim Holafly\" href=\"https:\/\/viajerosactivos.com\/fr\/recomendado\/esim\/\" data-shortcode=\"true\">eSIM<\/a><\/strong> para tener internet al aterrizar &#8211; 5% descuento<br>\ud83c\udfe8 <a class=\"thirstylink\" rel=\"nofollow\" target=\"_blank\" title=\"alojamiento descuento\" href=\"https:\/\/viajerosactivos.com\/fr\/recomendado\/alojamiento-descuento\/\" data-shortcode=\"true\"><strong>Alojamiento<\/strong> <\/a>con buenas ofertas<br>\ud83d\udee1\ufe0f <strong><a class=\"thirstylink\" rel=\"nofollow\" target=\"_blank\" title=\"Seguro de viaje\" href=\"https:\/\/viajerosactivos.com\/fr\/recomendado\/seguro-de-viaje\/\" data-shortcode=\"true\">Seguro de viaje <\/a><\/strong>con hasta 15% descuento<br>\ud83d\ude97 <strong><a class=\"thirstylink\" rel=\"nofollow\" target=\"_blank\" title=\"Alquilar coche\" href=\"https:\/\/viajerosactivos.com\/fr\/recomendado\/alquilar-coche\/\" data-shortcode=\"true\">Coche de alquiler<\/a> <\/strong>al mejor precio<\/p>\n<\/div><\/div>\n\n<\/div><\/div><\/div><\/div>\n\n<\/div><\/div>\n\n\n<div id=\"ez-toc-container\" class=\"ez-toc-v2_0_82_2 counter-hierarchy ez-toc-counter ez-toc-black ez-toc-container-direction\">\n<div class=\"ez-toc-title-container\">\n<p class=\"ez-toc-title\" style=\"cursor:inherit\">Indice de Contenido<\/p>\n<span class=\"ez-toc-title-toggle\"><a href=\"#\" class=\"ez-toc-pull-right ez-toc-btn ez-toc-btn-xs ez-toc-btn-default ez-toc-toggle\" aria-label=\"Toggle Table of Content\"><span class=\"ez-toc-js-icon-con\"><span class=\"\"><span class=\"eztoc-hide\" style=\"display:none;\">Toggle<\/span><span class=\"ez-toc-icon-toggle-span\"><svg style=\"fill: #999;color:#999\" xmlns=\"http:\/\/www.w3.org\/2000\/svg\" class=\"list-377408\" width=\"20px\" height=\"20px\" viewBox=\"0 0 24 24\" fill=\"none\"><path d=\"M6 6H4v2h2V6zm14 0H8v2h12V6zM4 11h2v2H4v-2zm16 0H8v2h12v-2zM4 16h2v2H4v-2zm16 0H8v2h12v-2z\" fill=\"currentColor\"><\/path><\/svg><svg style=\"fill: #999;color:#999\" class=\"arrow-unsorted-368013\" xmlns=\"http:\/\/www.w3.org\/2000\/svg\" width=\"10px\" height=\"10px\" viewBox=\"0 0 24 24\" version=\"1.2\" baseProfile=\"tiny\"><path d=\"M18.2 9.3l-6.2-6.3-6.2 6.3c-.2.2-.3.4-.3.7s.1.5.3.7c.2.2.4.3.7.3h11c.3 0 .5-.1.7-.3.2-.2.3-.5.3-.7s-.1-.5-.3-.7zM5.8 14.7l6.2 6.3 6.2-6.3c.2-.2.3-.5.3-.7s-.1-.5-.3-.7c-.2-.2-.4-.3-.7-.3h-11c-.3 0-.5.1-.7.3-.2.2-.3.5-.3.7s.1.5.3.7z\"\/><\/svg><\/span><\/span><\/span><\/a><\/span><\/div>\n<nav><ul class='ez-toc-list ez-toc-list-level-1 ' ><li class='ez-toc-page-1 ez-toc-heading-level-2'><a class=\"ez-toc-link ez-toc-heading-1\" href=\"https:\/\/viajerosactivos.com\/fr\/viajar-a-europa-en-invierno\/#Cuando_es_invierno_en_Europa\" >Cu\u00e1ndo es invierno en Europa<\/a><\/li><li class='ez-toc-page-1 ez-toc-heading-level-2'><a class=\"ez-toc-link ez-toc-heading-2\" href=\"https:\/\/viajerosactivos.com\/fr\/viajar-a-europa-en-invierno\/#Consejos_para_viajar_a_Europa_en_invierno\" >Consejos para viajar a Europa en invierno<\/a><ul class='ez-toc-list-level-3' ><li class='ez-toc-heading-level-3'><a class=\"ez-toc-link ez-toc-heading-3\" href=\"https:\/\/viajerosactivos.com\/fr\/viajar-a-europa-en-invierno\/#1_Prendas_abrigadas\" >1. Prendas abrigadas<\/a><\/li><li class='ez-toc-page-1 ez-toc-heading-level-3'><a class=\"ez-toc-link ez-toc-heading-4\" href=\"https:\/\/viajerosactivos.com\/fr\/viajar-a-europa-en-invierno\/#2_Capas_de_ropa\" >2. Capas de ropa<\/a><\/li><li class='ez-toc-page-1 ez-toc-heading-level-3'><a class=\"ez-toc-link ez-toc-heading-5\" href=\"https:\/\/viajerosactivos.com\/fr\/viajar-a-europa-en-invierno\/#3_Planifica_tus_visitas\" >3. Planifica tus visitas<\/a><\/li><li class='ez-toc-page-1 ez-toc-heading-level-3'><a class=\"ez-toc-link ez-toc-heading-6\" href=\"https:\/\/viajerosactivos.com\/fr\/viajar-a-europa-en-invierno\/#4_Conducir\" >4. Conducir<\/a><\/li><li class='ez-toc-page-1 ez-toc-heading-level-3'><a class=\"ez-toc-link ez-toc-heading-7\" href=\"https:\/\/viajerosactivos.com\/fr\/viajar-a-europa-en-invierno\/#5_Actividades_y_espectaculos\" >5. Actividades y espect\u00e1culos<\/a><\/li><li class='ez-toc-page-1 ez-toc-heading-level-3'><a class=\"ez-toc-link ez-toc-heading-8\" href=\"https:\/\/viajerosactivos.com\/fr\/viajar-a-europa-en-invierno\/#6_Museos\" >6. Museos<\/a><\/li><li class='ez-toc-page-1 ez-toc-heading-level-3'><a class=\"ez-toc-link ez-toc-heading-9\" href=\"https:\/\/viajerosactivos.com\/fr\/viajar-a-europa-en-invierno\/#7_Museos_curiosos\" >7. Museos curiosos<\/a><\/li><li class='ez-toc-page-1 ez-toc-heading-level-3'><a class=\"ez-toc-link ez-toc-heading-10\" href=\"https:\/\/viajerosactivos.com\/fr\/viajar-a-europa-en-invierno\/#8_Pausas_para_el_cafe\" >8. Pausas para el caf\u00e9<\/a><\/li><li class='ez-toc-page-1 ez-toc-heading-level-3'><a class=\"ez-toc-link ez-toc-heading-11\" href=\"https:\/\/viajerosactivos.com\/fr\/viajar-a-europa-en-invierno\/#9_Cafeterias_historicas\" >9. Cafeter\u00edas hist\u00f3ricas<\/a><\/li><li class='ez-toc-page-1 ez-toc-heading-level-3'><a class=\"ez-toc-link ez-toc-heading-12\" href=\"https:\/\/viajerosactivos.com\/fr\/viajar-a-europa-en-invierno\/#10_Mercados_Navidenos\" >10. Mercados Navide\u00f1os<\/a><\/li><li class='ez-toc-page-1 ez-toc-heading-level-3'><a class=\"ez-toc-link ez-toc-heading-13\" href=\"https:\/\/viajerosactivos.com\/fr\/viajar-a-europa-en-invierno\/#11_Deportes_invernales\" >11. Deportes invernales<\/a><\/li><li class='ez-toc-page-1 ez-toc-heading-level-3'><a class=\"ez-toc-link ez-toc-heading-14\" href=\"https:\/\/viajerosactivos.com\/fr\/viajar-a-europa-en-invierno\/#12_Auroras_boreales\" >12. Auroras boreales<\/a><\/li><li class='ez-toc-page-1 ez-toc-heading-level-3'><a class=\"ez-toc-link ez-toc-heading-15\" href=\"https:\/\/viajerosactivos.com\/fr\/viajar-a-europa-en-invierno\/#13_Banos_termales\" >13. Ba\u00f1os termales<\/a><\/li><li class='ez-toc-page-1 ez-toc-heading-level-3'><a class=\"ez-toc-link ez-toc-heading-16\" href=\"https:\/\/viajerosactivos.com\/fr\/viajar-a-europa-en-invierno\/#14_Seguro_de_viaje\" >14. Seguro de viaje<\/a><\/li><\/ul><\/li><li class='ez-toc-page-1 ez-toc-heading-level-2'><a class=\"ez-toc-link ez-toc-heading-17\" href=\"https:\/\/viajerosactivos.com\/fr\/viajar-a-europa-en-invierno\/#Preguntas_frecuentes\" >Preguntas frecuentes<\/a><\/li><li class='ez-toc-page-1 ez-toc-heading-level-2'><a class=\"ez-toc-link ez-toc-heading-18\" href=\"https:\/\/viajerosactivos.com\/fr\/viajar-a-europa-en-invierno\/#Pensamientos_finales\" >Pensamientos finales<\/a><\/li><\/ul><\/nav><\/div>\n<h2 class=\"wp-block-heading\"><span class=\"ez-toc-section\" id=\"Cuando_es_invierno_en_Europa\"><\/span>Cu\u00e1ndo es invierno en Europa<span class=\"ez-toc-section-end\"><\/span><\/h2>\n\n\n\n<p>El invierno europeo va del 21 de diciembre al 20 de marzo (aprox.), aunque las temperaturas y el clima cambian mucho de una regi\u00f3n a otra.<\/p>\n\n\n\n<p>En los pa\u00edses n\u00f3rdicos, como Noruega, Suecia o Finlandia, el fr\u00edo es extremo y puede bajar de los \u201320 \u00b0C. En cambio, en el sur de Europa, por ejemplo en Espa\u00f1a, Italia o Portugal, los inviernos son mucho m\u00e1s suaves, con temperaturas que rara vez bajan de los 0 \u00b0C.<\/p>\n\n\n\n<p>Para que te hagas una idea general:<\/p>\n\n\n\n<ul class=\"wp-block-list\">\n<li><strong>Muy fr\u00edo:<\/strong> pa\u00edses n\u00f3rdicos y zonas monta\u00f1osas (Alpes, Pirineos, norte de Italia).<\/li>\n\n\n\n<li><strong>Fr\u00edo moderado:<\/strong> Europa central y occidental (Francia, Alemania, B\u00e9lgica, Inglaterra).<\/li>\n\n\n\n<li><strong>Suave:<\/strong> regi\u00f3n mediterr\u00e1nea (Espa\u00f1a, sur de Italia, Grecia, Portugal).<\/li>\n<\/ul>\n\n\n\n\n\n\n\n\n\n<p>Adem\u00e1s del fr\u00edo, hay otros factores que deber\u00edas tener en cuenta:<\/p>\n\n\n\n<ul class=\"wp-block-list\">\n<li><strong>Precipitaciones:<\/strong> el norte de Europa suele ser m\u00e1s lluvioso y con pocos d\u00edas de sol, sobre todo en lugares como Par\u00eds, Bruselas, \u00c1msterdam o Londres.<\/li>\n\n\n\n<li><strong>Horas de luz:<\/strong> los d\u00edas son mucho m\u00e1s cortos. En ciudades como Londres o Berl\u00edn puede anochecer a las 16 h, mientras que en el sur, como en Roma o Lisboa, hay un poco m\u00e1s de claridad.<\/li>\n<\/ul>\n\n\n<div class=\"wp-block-image\">\n<figure class=\"aligncenter size-full\"><img loading=\"lazy\" decoding=\"async\" width=\"750\" height=\"563\" src=\"https:\/\/viajerosactivos.com\/wp-content\/uploads\/2025\/10\/visitar-europa-en-invierno.webp\" alt=\"visitar europa en invierno\" class=\"wp-image-33326\" srcset=\"https:\/\/viajerosactivos.com\/wp-content\/uploads\/2025\/10\/visitar-europa-en-invierno.webp 750w, https:\/\/viajerosactivos.com\/wp-content\/uploads\/2025\/10\/visitar-europa-en-invierno-300x225.webp 300w, https:\/\/viajerosactivos.com\/wp-content\/uploads\/2025\/10\/visitar-europa-en-invierno-16x12.webp 16w\" sizes=\"auto, (max-width: 750px) 100vw, 750px\" \/><figcaption class=\"wp-element-caption\">Fontana di Trevi &#8211; Roma<\/figcaption><\/figure>\n<\/div>\n\n\n<div style=\"height:10px\" aria-hidden=\"true\" class=\"wp-block-spacer\"><\/div>\n\n\n\n<h2 class=\"wp-block-heading\"><span class=\"ez-toc-section\" id=\"Consejos_para_viajar_a_Europa_en_invierno\"><\/span>Consejos para viajar a Europa en invierno<span class=\"ez-toc-section-end\"><\/span><\/h2>\n\n\n\n<h3 class=\"wp-block-heading\"><span class=\"ez-toc-section\" id=\"1_Prendas_abrigadas\"><\/span>1. Prendas abrigadas<span class=\"ez-toc-section-end\"><\/span><\/h3>\n\n\n\n<p>Lo m\u00e1s importante para viajar a Europa en invierno es elegir bien la ropa. Vestirte con las prendas adecuadas marcar\u00e1 la diferencia entre disfrutar del viaje o pasar fr\u00edo todo el tiempo<\/p>\n\n\n\n<h4 class=\"wp-block-heading\">\ud83d\udd39 Outfit para viajar a Europa en invierno<\/h4>\n\n\n\n<p>Estas son algunas prendas que te recomiendo llevar:<\/p>\n\n\n\n<ul class=\"wp-block-list\">\n<li><strong>Ropa t\u00e9rmica interior<\/strong> como camisetas y leggings. Si eres hombre y no te convencen los leggings, puedes optar por calzoncillos largos.<\/li>\n\n\n\n<li><strong>Jers\u00e9is o su\u00e9teres de lana<\/strong>, mucho m\u00e1s c\u00e1lidos que los tejidos sint\u00e9ticos.<\/li>\n\n\n\n<li><strong>Sudadera o forro polar<\/strong>, ideal para mantener el calor y vestir en capas.<\/li>\n\n\n\n<li><strong>Chaqueta impermeable y cortavientos<\/strong>, que te proteger\u00e1 de la lluvia y la nieve.<\/li>\n\n\n\n<li><strong>Abrigo de plumas ligero<\/strong>, perfecto para llevar debajo del abrigo principal sin ocupar mucho espacio.<\/li>\n<\/ul>\n\n\n\n<p>Si prefieres comprar la ropa en destino o no encuentras algunas de estas prendas donde vives, al final del art\u00edculo te dejo una lista de tiendas europeas con buena calidad y precios.<\/p>\n\n\n<div class=\"wp-block-image\">\n<figure class=\"aligncenter size-large\"><img loading=\"lazy\" decoding=\"async\" width=\"480\" height=\"640\" src=\"https:\/\/viajerosactivos.com\/wp-content\/uploads\/2025\/10\/Pirineos-viajar-por-europa-en-invierno-480x640.webp\" alt=\"Pirineos - viajar por europa en invierno\" class=\"wp-image-33323\" srcset=\"https:\/\/viajerosactivos.com\/wp-content\/uploads\/2025\/10\/Pirineos-viajar-por-europa-en-invierno-480x640.webp 480w, https:\/\/viajerosactivos.com\/wp-content\/uploads\/2025\/10\/Pirineos-viajar-por-europa-en-invierno-225x300.webp 225w, https:\/\/viajerosactivos.com\/wp-content\/uploads\/2025\/10\/Pirineos-viajar-por-europa-en-invierno-9x12.webp 9w, https:\/\/viajerosactivos.com\/wp-content\/uploads\/2025\/10\/Pirineos-viajar-por-europa-en-invierno.webp 563w\" sizes=\"auto, (max-width: 480px) 100vw, 480px\" \/><\/figure>\n<\/div>\n\n\n<h4 class=\"wp-block-heading\">\ud83d\udd39 Zapatos para viajar a Europa en invierno <\/h4>\n\n\n\n<p>El calzado es clave. Escoge unas botas o botines impermeables, con suela antideslizante (para evitar resbalones con el hielo) y forro interior para mantener los pies calientes. As\u00ed estar\u00e1s preparado tanto para la lluvia como para la nieve.<\/p>\n\n\n\n<h4 class=\"wp-block-heading\">\ud83d\udd39 Accesorios imprescindibles<\/h4>\n\n\n<div class=\"wp-block-image\">\n<figure class=\"aligncenter size-large\"><img loading=\"lazy\" decoding=\"async\" width=\"640\" height=\"640\" src=\"https:\/\/viajerosactivos.com\/wp-content\/uploads\/2023\/12\/accesorios-ropa-invierno-europa-640x640.jpg\" alt=\"accesorios-ropa-invierno-europa\" class=\"wp-image-22830\" srcset=\"https:\/\/viajerosactivos.com\/wp-content\/uploads\/2023\/12\/accesorios-ropa-invierno-europa-640x640.jpg 640w, https:\/\/viajerosactivos.com\/wp-content\/uploads\/2023\/12\/accesorios-ropa-invierno-europa-300x300.jpg 300w, https:\/\/viajerosactivos.com\/wp-content\/uploads\/2023\/12\/accesorios-ropa-invierno-europa-150x150.jpg 150w, https:\/\/viajerosactivos.com\/wp-content\/uploads\/2023\/12\/accesorios-ropa-invierno-europa.jpg 650w\" sizes=\"auto, (max-width: 640px) 100vw, 640px\" \/><\/figure>\n<\/div>\n\n\n<p>No olvides un paraguas peque\u00f1o, una bufanda, gorra y guantes. Y aunque no sea por el fr\u00edo, una ri\u00f1onera de viaje siempre viene bien para guardar dinero, tarjetas y pasaporte de forma segura. En invierno puedes llevarla debajo de la ropa sin que se note.<\/p>\n\n\n\n<h4 class=\"wp-block-heading\">\ud83d\udc49 Lista r\u00e1pida: qu\u00e9 llevar a Europa en invierno<\/h4>\n\n\n\n\n\n\n\n\n\n<div style=\"height:10px\" aria-hidden=\"true\" class=\"wp-block-spacer\"><\/div>\n\n\n\n\n\n<div style=\"height:10px\" aria-hidden=\"true\" class=\"wp-block-spacer\"><\/div>\n\n\n\n<h3 class=\"wp-block-heading\"><span class=\"ez-toc-section\" id=\"2_Capas_de_ropa\"><\/span>2. Capas de ropa<span class=\"ez-toc-section-end\"><\/span><\/h3>\n\n\n\n<p>Uno de los mejores tips para viajar a Europa en invierno es vestirte en capas. Esto te permitir\u00e1 adaptarte f\u00e1cilmente a los cambios de temperatura, sobre todo si visitas pa\u00edses con climas muy distintos.<\/p>\n\n\n\n<p>En exteriores necesitar\u00e1s varias capas para mantener el calor, pero al entrar en restaurantes, tiendas o museos, notar\u00e1s que la calefacci\u00f3n est\u00e1 muy alta y querr\u00e1s quitarte algunas prendas.<\/p>\n\n\n\n<p>Por eso son tan pr\u00e1cticas las piezas ligeras como el abrigo de plumas, que puedes usar debajo del abrigo principal cuando hace mucho fr\u00edo. Si no lo necesitas, se enrolla f\u00e1cilmente (como el m\u00edo en la foto de abajo) y cabe sin problema en la mochila.<\/p>\n\n\n<div class=\"wp-block-image\">\n<figure class=\"aligncenter size-large\"><img loading=\"lazy\" decoding=\"async\" width=\"640\" height=\"640\" src=\"https:\/\/viajerosactivos.com\/wp-content\/uploads\/2023\/12\/plumoncillo-enrollado-640x640.jpg\" alt=\"plumoncillo-enrollado - tips para viajar a europa en invierno\n\" class=\"wp-image-22831\" srcset=\"https:\/\/viajerosactivos.com\/wp-content\/uploads\/2023\/12\/plumoncillo-enrollado-640x640.jpg 640w, https:\/\/viajerosactivos.com\/wp-content\/uploads\/2023\/12\/plumoncillo-enrollado-300x300.jpg 300w, https:\/\/viajerosactivos.com\/wp-content\/uploads\/2023\/12\/plumoncillo-enrollado-150x150.jpg 150w, https:\/\/viajerosactivos.com\/wp-content\/uploads\/2023\/12\/plumoncillo-enrollado.jpg 650w\" sizes=\"auto, (max-width: 640px) 100vw, 640px\" \/><\/figure>\n<\/div>\n\n\n<div style=\"height:10px\" aria-hidden=\"true\" class=\"wp-block-spacer\"><\/div>\n\n\n\n<h3 class=\"wp-block-heading\"><span class=\"ez-toc-section\" id=\"3_Planifica_tus_visitas\"><\/span>3. Planifica tus visitas<span class=\"ez-toc-section-end\"><\/span><\/h3>\n\n\n\n<p>Para aprovechar al m\u00e1ximo tu viaje a Europa en invierno, organiza tus actividades seg\u00fan las horas de luz y el clima.<br>Consulta el pron\u00f3stico del tiempo y reserva los d\u00edas soleados para hacer visitas al aire libre, como subir a la Torre Eiffel o recorrer miradores. En los d\u00edas nublados o lluviosos, aprovecha para entrar a museos o disfrutar de cafeter\u00edas.<\/p>\n\n\n\n<p>Tambi\u00e9n conviene mantener algo de flexibilidad en la planificaci\u00f3n, ya que las tormentas de nieve o la niebla pueden alterar los planes. Tener un \u201cplan B\u201d te evitar\u00e1 frustraciones y te permitir\u00e1 seguir disfrutando del viaje.<\/p>\n\n\n<div class=\"wp-block-image\">\n<figure class=\"aligncenter size-large\"><img loading=\"lazy\" decoding=\"async\" width=\"480\" height=\"640\" src=\"https:\/\/viajerosactivos.com\/wp-content\/uploads\/2023\/08\/londres-6-480x640.jpg\" alt=\"londres-(6) consejos para viajar a europa en invierno\n\" class=\"wp-image-18479\" srcset=\"https:\/\/viajerosactivos.com\/wp-content\/uploads\/2023\/08\/londres-6-480x640.jpg 480w, https:\/\/viajerosactivos.com\/wp-content\/uploads\/2023\/08\/londres-6-225x300.jpg 225w, https:\/\/viajerosactivos.com\/wp-content\/uploads\/2023\/08\/londres-6.jpg 563w\" sizes=\"auto, (max-width: 480px) 100vw, 480px\" \/><figcaption class=\"wp-element-caption\">Big Ben &#8211; Londres<\/figcaption><\/figure>\n<\/div>\n\n\n<div style=\"height:10px\" aria-hidden=\"true\" class=\"wp-block-spacer\"><\/div>\n\n\n\n\n\n<div style=\"height:10px\" aria-hidden=\"true\" class=\"wp-block-spacer\"><\/div>\n\n\n\n<h3 class=\"wp-block-heading\"><span class=\"ez-toc-section\" id=\"4_Conducir\"><\/span>4. Conducir<span class=\"ez-toc-section-end\"><\/span><\/h3>\n\n\n\n<p>Si vas a conducir, ten en cuenta que el hielo y la niebla son dos de los mayores riesgos en las carreteras europeas durante el invierno. El hielo vuelve el asfalto muy resbaladizo y la visibilidad puede reducirse dr\u00e1sticamente.<\/p>\n\n\n\n<p>Si no tienes experiencia conduciendo en estas condiciones, lo m\u00e1s seguro es usar el transporte p\u00fablico, que en Europa funciona muy bien, o unirte a excursiones organizadas. As\u00ed evitas el estr\u00e9s y puedes disfrutar del paisaje con tranquilidad.<\/p>\n\n\n\n<p>En caso de que vayas a alquilar un coche en Europa, te recomiendo <strong><a class=\"thirstylink\" rel=\"nofollow\" target=\"_blank\" title=\"Alquilar coche\" href=\"https:\/\/viajerosactivos.com\/fr\/recomendado\/alquilar-coche\/\" data-shortcode=\"true\">este buscador<\/a><\/strong> que tiene precios econ\u00f3micos.<\/p>\n\n\n\n<div style=\"height:10px\" aria-hidden=\"true\" class=\"wp-block-spacer\"><\/div>\n\n\n\n<h3 class=\"wp-block-heading\"><span class=\"ez-toc-section\" id=\"5_Actividades_y_espectaculos\"><\/span>5. Actividades y espect\u00e1culos<span class=\"ez-toc-section-end\"><\/span><\/h3>\n\n\n\n<p>Europa en invierno est\u00e1 llena de planes bajo techo: conciertos, \u00f3peras, obras de teatro y todo tipo de espect\u00e1culos. Tambi\u00e9n es una \u00e9poca ideal para disfrutar de la gastronom\u00eda local en ambientes acogedores.<\/p>\n\n\n\n<p>Algunas experiencias populares que valen la pena:<\/p>\n\n\n\n<ul class=\"wp-block-list\">\n<li><strong>Londres:<\/strong> <strong><a class=\"thirstylink\" rel=\"nofollow\" target=\"_blank\" title=\"Madame Tussauds de Londres\" href=\"https:\/\/viajerosactivos.com\/fr\/recomendado\/madame-tussauds-de-londres\/\" data-shortcode=\"true\">museo de cera Madame Tussauds<\/a><\/strong>.<\/li>\n\n\n\n<li><strong>Madrid:<\/strong> <strong><a class=\"thirstylink\" rel=\"nofollow\" target=\"_blank\" title=\"Madrid: espect\u00e1culo de flamenco\" href=\"https:\/\/viajerosactivos.com\/fr\/recomendado\/madrid-espectaculo-de-flamenco\/\" data-shortcode=\"true\">espect\u00e1culo de flamenco con cena.<\/a><\/strong><\/li>\n\n\n\n<li><strong>Par\u00eds:<\/strong> <strong><a class=\"thirstylink\" rel=\"nofollow\" target=\"_blank\" title=\"Par\u00eds: cabaret del Moulin Rouge\" href=\"https:\/\/viajerosactivos.com\/fr\/recomendado\/paris-cabaret-del-moulin-rouge\/\" data-shortcode=\"true\">cabaret en el Moulin Rouge<\/a><\/strong>.<\/li>\n\n\n\n<li><strong>Dubl\u00edn:<\/strong> <strong><a class=\"thirstylink\" rel=\"nofollow\" target=\"_blank\" title=\"Dublin Guinness Storehouse\" href=\"https:\/\/viajerosactivos.com\/fr\/recomendado\/dublin-guinness-storehouse\/\" data-shortcode=\"true\">visita a la f\u00e1brica Guinness.<\/a><\/strong><\/li>\n<\/ul>\n\n\n\n<p>Son actividades perfectas para refugiarte del fr\u00edo y conocer m\u00e1s de la cultura de cada ciudad.<\/p>\n\n\n<div class=\"wp-block-image\">\n<figure class=\"aligncenter size-large\"><img loading=\"lazy\" decoding=\"async\" width=\"480\" height=\"640\" src=\"https:\/\/viajerosactivos.com\/wp-content\/uploads\/2025\/10\/Opera-de-Frankfurt-viajar-a-europa-en-invierno-480x640.webp\" alt=\"Opera-de-Frankfurt viajar a europa en invierno\" class=\"wp-image-33321\" srcset=\"https:\/\/viajerosactivos.com\/wp-content\/uploads\/2025\/10\/Opera-de-Frankfurt-viajar-a-europa-en-invierno-480x640.webp 480w, https:\/\/viajerosactivos.com\/wp-content\/uploads\/2025\/10\/Opera-de-Frankfurt-viajar-a-europa-en-invierno-225x300.webp 225w, https:\/\/viajerosactivos.com\/wp-content\/uploads\/2025\/10\/Opera-de-Frankfurt-viajar-a-europa-en-invierno-9x12.webp 9w, https:\/\/viajerosactivos.com\/wp-content\/uploads\/2025\/10\/Opera-de-Frankfurt-viajar-a-europa-en-invierno.webp 563w\" sizes=\"auto, (max-width: 480px) 100vw, 480px\" \/><figcaption class=\"wp-element-caption\">Teatro de la \u00d3pera en Frankfurt<\/figcaption><\/figure>\n<\/div>\n\n\n<div style=\"height:10px\" aria-hidden=\"true\" class=\"wp-block-spacer\"><\/div>\n\n\n\n<h3 class=\"wp-block-heading\"><span class=\"ez-toc-section\" id=\"6_Museos\"><\/span>6. Museos<span class=\"ez-toc-section-end\"><\/span><\/h3>\n\n\n\n<p>Las grandes ciudades europeas est\u00e1n llenas de museos, y el invierno es el momento ideal para visitarlos. Adem\u00e1s de resguardarte del fr\u00edo, podr\u00e1s disfrutar de exposiciones con menos gente.<\/p>\n\n\n\n<p>Algunos de los m\u00e1s conocidos:<\/p>\n\n\n\n<ul class=\"wp-block-list\">\n<li><strong>Louvre<\/strong> (Par\u00eds)<\/li>\n\n\n\n<li><strong>Museo del Prado<\/strong> (Madrid)<\/li>\n\n\n\n<li><strong>British Museum<\/strong> (Londres)<\/li>\n<\/ul>\n\n\n\n<p class=\"caja-borde\">\ud83d\udc4d <strong>Consejo de amiga<\/strong>: muchos museos ofrecen entrada gratuita en d\u00edas u horarios espec\u00edficos en invierno, algo que no todos los viajeros saben.<\/p>\n\n\n<div class=\"wp-block-image\">\n<figure class=\"aligncenter size-large\"><img loading=\"lazy\" decoding=\"async\" width=\"480\" height=\"640\" src=\"https:\/\/viajerosactivos.com\/wp-content\/uploads\/2025\/10\/sagrada-familia-europa-en-invierno-480x640.webp\" alt=\"sagrada-familia) europa en invierno\" class=\"wp-image-33324\" srcset=\"https:\/\/viajerosactivos.com\/wp-content\/uploads\/2025\/10\/sagrada-familia-europa-en-invierno-480x640.webp 480w, https:\/\/viajerosactivos.com\/wp-content\/uploads\/2025\/10\/sagrada-familia-europa-en-invierno-225x300.webp 225w, https:\/\/viajerosactivos.com\/wp-content\/uploads\/2025\/10\/sagrada-familia-europa-en-invierno-9x12.webp 9w, https:\/\/viajerosactivos.com\/wp-content\/uploads\/2025\/10\/sagrada-familia-europa-en-invierno.webp 563w\" sizes=\"auto, (max-width: 480px) 100vw, 480px\" \/><figcaption class=\"wp-element-caption\">Sagrada Familia &#8211; Barcelona<\/figcaption><\/figure>\n<\/div>\n\n\n<div style=\"height:10px\" aria-hidden=\"true\" class=\"wp-block-spacer\"><\/div>\n\n\n\n<h3 class=\"wp-block-heading\"><span class=\"ez-toc-section\" id=\"7_Museos_curiosos\"><\/span>7. Museos curiosos<span class=\"ez-toc-section-end\"><\/span><\/h3>\n\n\n\n<p>Si los museos de arte no te atraen, Europa tiene otros mucho m\u00e1s originales y divertidos. Aqu\u00ed van algunos ejemplos:<\/p>\n\n\n\n<ul class=\"wp-block-list\">\n<li><strong>Museo del Cacao y del Chocolate<\/strong> (Bruselas) \u2014 ideal para golosos.<\/li>\n\n\n\n<li><strong>Museo del Alcantarillado<\/strong> (Par\u00eds) \u2014 curioso e inesperado, y adem\u00e1s c\u00e1lido bajo tierra.<\/li>\n\n\n\n<li><strong>Museo del C\u00f3mic<\/strong> (Bruselas) \u2014 con personajes como Tint\u00edn o los Pitufos.<\/li>\n\n\n\n<li><strong>Museo de la Tortura<\/strong> (\u00c1msterdam) \u2014 solo para valientes.<\/li>\n\n\n\n<li><strong>Museo de las Relaciones Rotas<\/strong> (Zagreb) \u2014 conmovedor y \u00fanico.<\/li>\n<\/ul>\n\n\n<div class=\"wp-block-image\">\n<figure class=\"aligncenter size-full\"><img loading=\"lazy\" decoding=\"async\" width=\"750\" height=\"563\" src=\"https:\/\/viajerosactivos.com\/wp-content\/uploads\/2025\/10\/bruselas-6-invierno-europeo.webp\" alt=\"bruselas-(6) invierno europeo\" class=\"wp-image-33317\" srcset=\"https:\/\/viajerosactivos.com\/wp-content\/uploads\/2025\/10\/bruselas-6-invierno-europeo.webp 750w, https:\/\/viajerosactivos.com\/wp-content\/uploads\/2025\/10\/bruselas-6-invierno-europeo-300x225.webp 300w, https:\/\/viajerosactivos.com\/wp-content\/uploads\/2025\/10\/bruselas-6-invierno-europeo-16x12.webp 16w\" sizes=\"auto, (max-width: 750px) 100vw, 750px\" \/><figcaption class=\"wp-element-caption\">Bruselas<\/figcaption><\/figure>\n<\/div>\n\n\n<div style=\"height:10px\" aria-hidden=\"true\" class=\"wp-block-spacer\"><\/div>\n\n\n\n<h3 class=\"wp-block-heading\"><span class=\"ez-toc-section\" id=\"8_Pausas_para_el_cafe\"><\/span>8. Pausas para el caf\u00e9<span class=\"ez-toc-section-end\"><\/span><\/h3>\n\n\n\n<p>Nada mejor que un caf\u00e9, t\u00e9 o chocolate caliente para entrar en calor entre paseo y paseo. Adem\u00e1s, son una buena excusa para descansar un rato.<\/p>\n\n\n\n<p>Si viajas con presupuesto ajustado, las cadenas de comida r\u00e1pida pueden ser una buena opci\u00f3n: por ejemplo, en Londres un caf\u00e9 puede costar entre 2 y 5 libras, pero en McDonald\u2019s ronda las 1,20 libras y est\u00e1 bastante bien.<\/p>\n\n\n\n<p>En pa\u00edses como Espa\u00f1a, Italia o Portugal, encontrar\u00e1s cafeter\u00edas locales con precios mucho m\u00e1s econ\u00f3micos y un ambiente m\u00e1s aut\u00e9ntico.<\/p>\n\n\n\n<div style=\"height:10px\" aria-hidden=\"true\" class=\"wp-block-spacer\"><\/div>\n\n\n\n<h3 class=\"wp-block-heading\"><span class=\"ez-toc-section\" id=\"9_Cafeterias_historicas\"><\/span>9. Cafeter\u00edas hist\u00f3ricas<span class=\"ez-toc-section-end\"><\/span><\/h3>\n\n\n\n<p>Si te apetece algo m\u00e1s especial, Europa est\u00e1 llena de cafeter\u00edas antiguas con mucho encanto. Son m\u00e1s caras, pero valen la pena por el ambiente y las fotos.<\/p>\n\n\n\n<p>Algunas de mis cafeter\u00edas preferidas son:<\/p>\n\n\n\n<ul class=\"wp-block-list\">\n<li><strong>Caff\u00e8 Florian<\/strong> (Venecia), el m\u00e1s antiguo de Europa.<\/li>\n\n\n\n<li><strong>Caf\u00e9 Central<\/strong> (Viena), punto de encuentro de artistas.<\/li>\n\n\n\n<li><strong>Caf\u00e9 de la Paix<\/strong> (Par\u00eds), elegante y cl\u00e1sico.<\/li>\n\n\n\n<li><strong>New York Caf\u00e9<\/strong> (Budapest), considerado uno de los m\u00e1s bellos del mundo.<\/li>\n\n\n\n<li><strong>Els Quatre Gats<\/strong> (Barcelona), era frecuentado por Picasso.<\/li>\n<\/ul>\n\n\n<div class=\"wp-block-image\">\n<figure class=\"aligncenter size-large\"><img loading=\"lazy\" decoding=\"async\" width=\"427\" height=\"640\" src=\"https:\/\/viajerosactivos.com\/wp-content\/uploads\/2025\/10\/cafe-new-york-en-budapest-viajes-por-europa-en-invierno-427x640.webp\" alt=\"cafe-new-york-en-budapest viajes por europa en invierno\" class=\"wp-image-33318\" srcset=\"https:\/\/viajerosactivos.com\/wp-content\/uploads\/2025\/10\/cafe-new-york-en-budapest-viajes-por-europa-en-invierno-427x640.webp 427w, https:\/\/viajerosactivos.com\/wp-content\/uploads\/2025\/10\/cafe-new-york-en-budapest-viajes-por-europa-en-invierno-200x300.webp 200w, https:\/\/viajerosactivos.com\/wp-content\/uploads\/2025\/10\/cafe-new-york-en-budapest-viajes-por-europa-en-invierno-8x12.webp 8w, https:\/\/viajerosactivos.com\/wp-content\/uploads\/2025\/10\/cafe-new-york-en-budapest-viajes-por-europa-en-invierno.webp 500w\" sizes=\"auto, (max-width: 427px) 100vw, 427px\" \/><figcaption class=\"wp-element-caption\">Cafeter\u00eda New York en Budapest<\/figcaption><\/figure>\n<\/div>\n\n\n<div style=\"height:10px\" aria-hidden=\"true\" class=\"wp-block-spacer\"><\/div>\n\n\n\n<h3 class=\"wp-block-heading\"><span class=\"ez-toc-section\" id=\"10_Mercados_Navidenos\"><\/span>10. Mercados Navide\u00f1os<span class=\"ez-toc-section-end\"><\/span><\/h3>\n\n\n\n<p>Si vas a viajar a Europa en invierno, entre finales de noviembre y principios de enero, no te pierdas los mercados navide\u00f1os. Est\u00e1n llenos de luces, m\u00fasica y comida t\u00edpica.<\/p>\n\n\n\n<p>Algunos de los m\u00e1s famosos son los de Estrasburgo, Viena, Praga, Colonia y Tallin, aunque encontrar\u00e1s versiones m\u00e1s peque\u00f1as en casi todas las ciudades.<\/p>\n\n\n<div class=\"wp-block-image\">\n<figure class=\"aligncenter size-full\"><img loading=\"lazy\" decoding=\"async\" width=\"738\" height=\"492\" src=\"https:\/\/viajerosactivos.com\/wp-content\/uploads\/2025\/10\/mercado-navideno-Estrasburgo2.webp\" alt=\"mercado-navide\u00f1o-Estrasburgo2\" class=\"wp-image-33320\" srcset=\"https:\/\/viajerosactivos.com\/wp-content\/uploads\/2025\/10\/mercado-navideno-Estrasburgo2.webp 738w, https:\/\/viajerosactivos.com\/wp-content\/uploads\/2025\/10\/mercado-navideno-Estrasburgo2-300x200.webp 300w, https:\/\/viajerosactivos.com\/wp-content\/uploads\/2025\/10\/mercado-navideno-Estrasburgo2-18x12.webp 18w\" sizes=\"auto, (max-width: 738px) 100vw, 738px\" \/><figcaption class=\"wp-element-caption\">Mercado navie\u00f1o de Estrasburgo<\/figcaption><\/figure>\n<\/div>\n\n\n<p>Prueba el vino caliente especiado (conocido como Gl\u00fchwein o mulled wine), una bebida tradicional que se prepara con canela, naranja y an\u00eds estrellado. Al principio suena raro, pero en cuanto lo pruebas, entiendes por qu\u00e9 todo el mundo lo toma. \u00a1Est\u00e1 calentito y es delicioso!\ud83d\ude0b<\/p>\n\n\n\n<div style=\"height:10px\" aria-hidden=\"true\" class=\"wp-block-spacer\"><\/div>\n\n\n\n<h3 class=\"wp-block-heading\"><span class=\"ez-toc-section\" id=\"11_Deportes_invernales\"><\/span>11. Deportes invernales<span class=\"ez-toc-section-end\"><\/span><\/h3>\n\n\n<div class=\"wp-block-image\">\n<figure class=\"aligncenter size-large\"><img loading=\"lazy\" decoding=\"async\" width=\"640\" height=\"640\" src=\"https:\/\/viajerosactivos.com\/wp-content\/uploads\/2025\/10\/Pirineos-nieve-en-europa-640x640.webp\" alt=\"Pirineos - nieve en europa\" class=\"wp-image-33322\" srcset=\"https:\/\/viajerosactivos.com\/wp-content\/uploads\/2025\/10\/Pirineos-nieve-en-europa-640x640.webp 640w, https:\/\/viajerosactivos.com\/wp-content\/uploads\/2025\/10\/Pirineos-nieve-en-europa-300x300.webp 300w, https:\/\/viajerosactivos.com\/wp-content\/uploads\/2025\/10\/Pirineos-nieve-en-europa-150x150.webp 150w, https:\/\/viajerosactivos.com\/wp-content\/uploads\/2025\/10\/Pirineos-nieve-en-europa-12x12.webp 12w, https:\/\/viajerosactivos.com\/wp-content\/uploads\/2025\/10\/Pirineos-nieve-en-europa.webp 750w\" sizes=\"auto, (max-width: 640px) 100vw, 640px\" \/><figcaption class=\"wp-element-caption\">Pirineos<\/figcaption><\/figure>\n<\/div>\n\n\n<p>Si te gusta la nieve, el invierno europeo es tu momento. Puedes practicar esqu\u00ed, snowboard o caminatas con raquetas en algunos de los paisajes m\u00e1s espectaculares del continente.<\/p>\n\n\n\n<p>Algunos de los mejores destinos:<\/p>\n\n\n\n<ul class=\"wp-block-list\">\n<li><strong>Alpes suizos<\/strong> \u2013 pistas para todos los niveles y vistas incre\u00edbles.<\/li>\n\n\n\n<li><strong>Pirineos<\/strong> \u2013 opciones tanto en Francia como en Espa\u00f1a (o Andorra).<\/li>\n\n\n\n<li><strong>C\u00e1rpatos<\/strong> \u2013 en Ruman\u00eda, Ucrania y Eslovaquia, con precios m\u00e1s bajos.<\/li>\n\n\n\n<li><strong>Montes del C\u00e1ucaso<\/strong> \u2013 en Georgia, con monta\u00f1as alt\u00edsimas y poca masificaci\u00f3n.<\/li>\n<\/ul>\n\n\n<div class=\"wp-block-image\">\n<figure class=\"aligncenter size-full\"><img loading=\"lazy\" decoding=\"async\" width=\"900\" height=\"600\" src=\"https:\/\/viajerosactivos.com\/wp-content\/uploads\/2025\/10\/visita-a-kazbegi2.webp\" alt=\"kazbegi - viajar a Europa en invierno\" class=\"wp-image-33331\" srcset=\"https:\/\/viajerosactivos.com\/wp-content\/uploads\/2025\/10\/visita-a-kazbegi2.webp 900w, https:\/\/viajerosactivos.com\/wp-content\/uploads\/2025\/10\/visita-a-kazbegi2-300x200.webp 300w, https:\/\/viajerosactivos.com\/wp-content\/uploads\/2025\/10\/visita-a-kazbegi2-768x512.webp 768w, https:\/\/viajerosactivos.com\/wp-content\/uploads\/2025\/10\/visita-a-kazbegi2-18x12.webp 18w\" sizes=\"auto, (max-width: 900px) 100vw, 900px\" \/><figcaption class=\"wp-element-caption\">Caucaso Mayor en Georgia<\/figcaption><\/figure>\n<\/div>\n\n\n<p class=\"has-base-2-background-color has-background\">\u2b50 Tambi\u00e9n este puede interesar esta <strong><a href=\"https:\/\/viajerosactivos.com\/guia-de-viaje-a-georgia\/\">Gu\u00eda de viaje a Georgia<\/a><\/strong>, con los principales art\u00edculos que escrib\u00ed sobre el pa\u00eds.<\/p>\n\n\n\n<div style=\"height:10px\" aria-hidden=\"true\" class=\"wp-block-spacer\"><\/div>\n\n\n\n<h3 class=\"wp-block-heading\"><span class=\"ez-toc-section\" id=\"12_Auroras_boreales\"><\/span>12. Auroras boreales<span class=\"ez-toc-section-end\"><\/span><\/h3>\n\n\n\n<p>Las auroras boreales son uno de los espect\u00e1culos m\u00e1s m\u00e1gicos que puedes ver al visitar Europa en invierno. <\/p>\n\n\n\n<p>Los destinos m\u00e1s populares para verlas son Finlandia, Noruega, Suecia e Islandia. En esta p\u00e1gina puedes ver las opciones de <strong><a class=\"thirstylink\" rel=\"nofollow\" target=\"_blank\" title=\"Aurora boreales Civitatis\" href=\"https:\/\/viajerosactivos.com\/fr\/recomendado\/aurora-boreales-civitatis\/\" data-shortcode=\"true\">tours para ver auroras boreales<\/a><\/strong> con gu\u00eda en espa\u00f1ol, ropa t\u00e9rmica especial y bebidas calientes. \ud83d\ude0d<\/p>\n\n\n\n<p>Aunque no hay garant\u00eda total de verlas, viajar entre noviembre y marzo aumenta mucho las probabilidades. Y cr\u00e9eme: ver el cielo te\u00f1irse de verde y violeta es algo que nunca se olvida.<\/p>\n\n\n<div class=\"wp-block-image\">\n<figure class=\"aligncenter size-full\"><img loading=\"lazy\" decoding=\"async\" width=\"750\" height=\"500\" src=\"https:\/\/viajerosactivos.com\/wp-content\/uploads\/2023\/12\/aurora-boreal-noruega.jpg\" alt=\"aurora-boreal-noruega viajar a Europa en invierno\" class=\"wp-image-22759\" srcset=\"https:\/\/viajerosactivos.com\/wp-content\/uploads\/2023\/12\/aurora-boreal-noruega.jpg 750w, https:\/\/viajerosactivos.com\/wp-content\/uploads\/2023\/12\/aurora-boreal-noruega-300x200.jpg 300w\" sizes=\"auto, (max-width: 750px) 100vw, 750px\" \/><figcaption class=\"wp-element-caption\">Aurora boreal en Noruega<\/figcaption><\/figure>\n<\/div>\n\n\n<div style=\"height:10px\" aria-hidden=\"true\" class=\"wp-block-spacer\"><\/div>\n\n\n\n<h3 class=\"wp-block-heading\"><span class=\"ez-toc-section\" id=\"13_Banos_termales\"><\/span>13. Ba\u00f1os termales<span class=\"ez-toc-section-end\"><\/span><\/h3>\n\n\n\n<p>Si necesitas entrar en calor, los ba\u00f1os termales son una de las experiencias m\u00e1s agradables que puedes vivir en invierno. Adem\u00e1s de relajantes, suelen tener propiedades medicinales.<\/p>\n\n\n\n<p>Algunos de los m\u00e1s recomendables:<\/p>\n\n\n\n<ul class=\"wp-block-list\">\n<li><strong><a class=\"thirstylink\" rel=\"nofollow\" target=\"_blank\" title=\"Budapest Ba\u00f1os Sz\u00e9chenyi\" href=\"https:\/\/viajerosactivos.com\/fr\/recomendado\/budapest-banos-szechenyi\/\" data-shortcode=\"true\">Ba\u00f1os Sz\u00e9chenyi<\/a><\/strong> (Budapest) \u2013 los m\u00e1s grandes de Europa, con aguas a 38\u201340 \u00b0C.<\/li>\n\n\n\n<li><a class=\"thirstylink\" rel=\"nofollow\" target=\"_blank\" title=\"Laguna Azul Islandia\" href=\"https:\/\/viajerosactivos.com\/fr\/recomendado\/laguna-azul-islandia\/\" data-shortcode=\"true\"><strong>Laguna Azul<\/strong> <\/a>(Islandia) \u2013 un balneario geotermal \u00fanico, rodeado de paisajes volc\u00e1nicos.<\/li>\n\n\n\n<li><strong><a class=\"thirstylink\" rel=\"nofollow\" target=\"_blank\" title=\"Visita a Saturnia en la Toscana desde Florencia\" href=\"https:\/\/viajerosactivos.com\/fr\/recomendado\/visita-a-saturnia-en-la-toscana\/\" data-shortcode=\"true\">Termas de Saturnia<\/a><\/strong> (Italia) \u2013 piscinas naturales al aire libre, con agua a 38 \u00b0C.<\/li>\n<\/ul>\n\n\n\n<p class=\"caja-borde\">\ud83d\udc4d <strong>Mi consejo<\/strong>: lleva sandalias de goma y toalla, no siempre est\u00e1n incluidas en la entrada.<\/p>\n\n\n<div class=\"wp-block-image\">\n<figure class=\"aligncenter size-full\"><img loading=\"lazy\" decoding=\"async\" width=\"632\" height=\"632\" src=\"https:\/\/viajerosactivos.com\/wp-content\/uploads\/2025\/10\/termas-de-saturnia-italia.webp\" alt=\"termas-de-saturnia-italia\" class=\"wp-image-33325\" srcset=\"https:\/\/viajerosactivos.com\/wp-content\/uploads\/2025\/10\/termas-de-saturnia-italia.webp 632w, https:\/\/viajerosactivos.com\/wp-content\/uploads\/2025\/10\/termas-de-saturnia-italia-300x300.webp 300w, https:\/\/viajerosactivos.com\/wp-content\/uploads\/2025\/10\/termas-de-saturnia-italia-150x150.webp 150w, https:\/\/viajerosactivos.com\/wp-content\/uploads\/2025\/10\/termas-de-saturnia-italia-12x12.webp 12w\" sizes=\"auto, (max-width: 632px) 100vw, 632px\" \/><figcaption class=\"wp-element-caption\">Piscinas termales de Saturnia<\/figcaption><\/figure>\n<\/div>\n\n\n<div style=\"height:10px\" aria-hidden=\"true\" class=\"wp-block-spacer\"><\/div>\n\n\n\n<h3 class=\"wp-block-heading\"><span class=\"ez-toc-section\" id=\"14_Seguro_de_viaje\"><\/span>14. Seguro de viaje<span class=\"ez-toc-section-end\"><\/span><\/h3>\n\n\n\n<p>Por \u00faltimo, no olvides contratar un seguro de viaje. En invierno es m\u00e1s f\u00e1cil enfermarse o sufrir alg\u00fan resbal\u00f3n, y adem\u00e1s, el seguro es obligatorio para entrar a Europa si viajas desde ciertos pa\u00edses.<\/p>\n\n\n\n<p>Aunque muchas veces no te lo pidan al entrar, es mejor prevenir. Un buen seguro cubre no solo asistencia m\u00e9dica, sino tambi\u00e9n p\u00e9rdida de equipaje, cancelaciones o retrasos de vuelos.<\/p>\n\n\n<div class=\"wp-block-image\">\n<figure class=\"aligncenter size-full\"><img loading=\"lazy\" decoding=\"async\" width=\"650\" height=\"650\" src=\"https:\/\/viajerosactivos.com\/wp-content\/uploads\/2025\/10\/yo-en-Frankfurt-ropa-de-invierno-para-europa.webp\" alt=\"yo-en-Frankfurt ropa de invierno para europa\" class=\"wp-image-33327\" srcset=\"https:\/\/viajerosactivos.com\/wp-content\/uploads\/2025\/10\/yo-en-Frankfurt-ropa-de-invierno-para-europa.webp 650w, https:\/\/viajerosactivos.com\/wp-content\/uploads\/2025\/10\/yo-en-Frankfurt-ropa-de-invierno-para-europa-300x300.webp 300w, https:\/\/viajerosactivos.com\/wp-content\/uploads\/2025\/10\/yo-en-Frankfurt-ropa-de-invierno-para-europa-640x640.webp 640w, https:\/\/viajerosactivos.com\/wp-content\/uploads\/2025\/10\/yo-en-Frankfurt-ropa-de-invierno-para-europa-150x150.webp 150w, https:\/\/viajerosactivos.com\/wp-content\/uploads\/2025\/10\/yo-en-Frankfurt-ropa-de-invierno-para-europa-12x12.webp 12w\" sizes=\"auto, (max-width: 650px) 100vw, 650px\" \/><figcaption class=\"wp-element-caption\">Frankfurt <\/figcaption><\/figure>\n<\/div>\n\n\n<p>Yo siempre uso y recomiendo Heymondo, es una aseguradora internacional especializada en seguros para viajeros, con una excelente cobertura y asistencia las 24 hs, incluso si contratas el seguro b\u00e1sico. <strong><a class=\"thirstylink\" rel=\"nofollow\" target=\"_blank\" title=\"Seguro de viaje\" href=\"https:\/\/viajerosactivos.com\/fr\/recomendado\/seguro-de-viaje\/\" data-shortcode=\"true\">En este enlace<\/a><\/strong> puedes obtener una cotizaci\u00f3n y ya te incluye un 5% de descuento.<\/p>\n\n\n\n<p>Si prefieres una opci\u00f3n m\u00e1s econ\u00f3mica, <strong><a class=\"thirstylink\" rel=\"nofollow\" target=\"_blank\" title=\"Seguro de viaje cv\" href=\"https:\/\/viajerosactivos.com\/fr\/recomendado\/seguro-de-viaje-cv\/\" data-shortcode=\"true\">este otro seguro de viaje<\/a><\/strong> es perfecto para mochileros. <\/p>\n\n\n\n<div style=\"height:10px\" aria-hidden=\"true\" class=\"wp-block-spacer\"><\/div>\n\n\n\n\n\n\n\n\n\n<div style=\"height:10px\" aria-hidden=\"true\" class=\"wp-block-spacer\"><\/div>\n\n\n\n<h2 class=\"wp-block-heading\"><span class=\"ez-toc-section\" id=\"Preguntas_frecuentes\"><\/span>Preguntas frecuentes<span class=\"ez-toc-section-end\"><\/span><\/h2>\n\n\n<div id=\"rank-math-faq\" class=\"rank-math-block\">\n<div class=\"rank-math-list \">\n<div id=\"faq-question-69e5fcb47277a\" class=\"rank-math-list-item\">\n<h4 class=\"rank-math-question \">1. \u00bfQu\u00e9 mes es m\u00e1s barato para viajar a Europa?<\/h4>\n<div class=\"rank-math-answer \">\n\n<p>Los meses m\u00e1s econ\u00f3micos suelen ser enero (despu\u00e9s de Reyes), febrero y la primera mitad de marzo.<\/p>\n<p>Durante ese periodo bajan los precios de vuelos y alojamiento, ya que la mayor\u00eda de la gente viaja entre diciembre y A\u00f1o Nuevo, cuando todo es m\u00e1s caro.<\/p>\n\n<\/div>\n<\/div>\n<\/div>\n<\/div>\n\n<div id=\"rank-math-faq\" class=\"rank-math-block\">\n<div class=\"rank-math-list \">\n<div id=\"faq-question-69e5fcb472794\" class=\"rank-math-list-item\">\n<h4 class=\"rank-math-question \">2. \u00bfQu\u00e9 equipaje llevar a Europa en invierno?<\/h4>\n<div class=\"rank-math-answer \">\n\n<p>Aunque viajes por Europa en invierno, no necesitas una maleta enorme. Con una maleta de cabina y una mochila peque\u00f1a es suficiente si eliges bien las prendas.<\/p>\n<p>Algunos trucos para aprovechar el espacio:<\/p>\n<p>&#8211; Enrolla la ropa y usa cubos organizadores.<br \/>&#8211; Lleva puesto lo que m\u00e1s abulte (abrigo y botas).<br \/>&#8211; Evita llevar secador o plancha: la mayor\u00eda de los alojamientos ya los incluyen.<br \/>&#8211; Lleva ropa vers\u00e1til y combinable, puedes lavar cada pocos d\u00edas.<\/p>\n<p>\ud83d\udc4d <strong>Consejos de amiga<\/strong>: con ropa para cinco d\u00edas tendr\u00e1s suficiente, sin importar cu\u00e1nto dure el viaje.<\/p>\n\n<\/div>\n<\/div>\n<\/div>\n<\/div>\n\n<div id=\"rank-math-faq\" class=\"rank-math-block\">\n<div class=\"rank-math-list \">\n<div id=\"faq-question-69e5fcb4727a3\" class=\"rank-math-list-item\">\n<h4 class=\"rank-math-question \">3. \u00bfD\u00f3nde comprar ropa de invierno en Europa?<\/h4>\n<div class=\"rank-math-answer \">\n\n<p>Si prefieres comprar una vez all\u00ed, estas tiendas son buena opci\u00f3n:<\/p>\n<p>&#8211; <strong>Decathlon:<\/strong> ropa t\u00e9rmica y t\u00e9cnica de buena calidad a precios bajos.<br \/>&#8211; <strong>H&amp;M:<\/strong> su\u00e9teres, calzoncillos largos y accesorios como guantes o bufandas.<br \/>&#8211; <strong>Benetton:<\/strong> prendas de lana de buena calidad, algo m\u00e1s caras.<br \/>&#8211; <strong>Uniqlo:<\/strong> excelente para camisetas y leggings t\u00e9rmicos y plumones ligeros.<br \/>&#8211; <strong>Zara, Mango o Stradivarius:<\/strong> buenas alternativas para abrigos y ropa m\u00e1s casual.<\/p>\n<p>\ud83d\udcb8 <strong>Dato \u00fatil<\/strong>: las rebajas de invierno empiezan alrededor del 7 de enero, y muchas prendas pueden tener descuentos interesantes. \ud83e\udd11<\/p>\n\n<\/div>\n<\/div>\n<\/div>\n<\/div>\n\n\n<div style=\"height:10px\" aria-hidden=\"true\" class=\"wp-block-spacer\"><\/div>\n\n\n\n<h2 class=\"wp-block-heading\"><span class=\"ez-toc-section\" id=\"Pensamientos_finales\"><\/span>Pensamientos finales<span class=\"ez-toc-section-end\"><\/span><\/h2>\n\n\n\n<p>Viajar a Europa en invierno puede parecer un reto, pero en realidad es una de las \u00e9pocas m\u00e1s m\u00e1gicas del a\u00f1o. Si te vistes bien, te organizas con el clima y aprovechas las actividades bajo techo, el fr\u00edo deja de ser un problema.<\/p>\n\n\n\n<p>Espero que estos consejos para viajar a Europa en invierno te ayuden a disfrutar del viaje, sacar fotos preciosas y vivir experiencias que solo el invierno europeo puede ofrecer.<\/p>\n\n\n\n<p>Si tienes alguna duda, d\u00e9jame un comentario abajo y si te ha parecido \u00fatil el art\u00edculo, <strong>comp\u00e1rtelo con otros viajeros<\/strong>. \u00a1Buen viaje invernal! \u26c4<\/p>\n\n\n\n<div style=\"height:10px\" aria-hidden=\"true\" class=\"wp-block-spacer\"><\/div>\n\n\n\n<h4 class=\"wp-block-heading\"><strong>M\u00e1s sobre Europa en invierno y consejos<\/strong><\/h4>\n\n\n<style>.kb-posts-id-22660_c9d41f-32 .entry.loop-entry .entry-header .entry-title{font-size:20px;line-height:25px;}.kb-posts-id-22660_c9d41f-32 .kb-post-list-item{display:grid;}@media all and (max-width: 1024px){.kb-posts-id-22660_c9d41f-32 .entry.loop-entry .entry-header .entry-title{font-size:20px;line-height:25px;}}@media all and (max-width: 767px){.kb-posts-id-22660_c9d41f-32 .entry.loop-entry .entry-header .entry-title{font-size:20px;line-height:25px;}}<\/style><ul class=\"wp-block-kadence-posts kb-posts kadence-posts-list kb-posts-id-22660_c9d41f-32 content-wrap grid-cols kb-posts-style-boxed grid-sm-col-3 grid-lg-col-3 item-image-style-above\"><li class=\"kb-post-list-item\">\n\t<article class=\"entry content-bg loop-entry post-28622 post type-post status-publish format-standard has-post-thumbnail hentry category-grecia tag-atenas tag-que-hacer-en-atenas tag-viaje-a-atenas no-featured-image-padding\">\n\t\t\t\t<a aria-hidden=\"true\" tabindex=\"-1\" role=\"presentation\" class=\"post-thumbnail kadence-thumbnail-ratio-2-3\" href=\"https:\/\/viajerosactivos.com\/fr\/que-hacer-en-atenas\/\" aria-label=\"Qu\u00e9 hacer en Atenas: 12 imprescindibles + Mapa\">\n\t\t\t<div class=\"post-thumbnail-inner\">\n\t\t\t\t<img loading=\"lazy\" decoding=\"async\" width=\"768\" height=\"512\" src=\"https:\/\/viajerosactivos.com\/wp-content\/uploads\/2024\/12\/cambio-guardia-noche-768x512.webp\" class=\"attachment-medium_large size-medium_large wp-post-image\" alt=\"cambio-guardia-noche\" srcset=\"https:\/\/viajerosactivos.com\/wp-content\/uploads\/2024\/12\/cambio-guardia-noche-768x512.webp 768w, https:\/\/viajerosactivos.com\/wp-content\/uploads\/2024\/12\/cambio-guardia-noche-300x200.webp 300w, https:\/\/viajerosactivos.com\/wp-content\/uploads\/2024\/12\/cambio-guardia-noche-18x12.webp 18w, https:\/\/viajerosactivos.com\/wp-content\/uploads\/2024\/12\/cambio-guardia-noche.webp 900w\" sizes=\"auto, (max-width: 768px) 100vw, 768px\" \/>\t\t\t<\/div>\n\t\t<\/a><!-- .post-thumbnail -->\n\t\t\t\t<div class=\"entry-content-wrap\">\n\t\t\t<header class=\"entry-header\">\n\t<h5 class=\"entry-title\"><a href=\"https:\/\/viajerosactivos.com\/fr\/que-hacer-en-atenas\/\" rel=\"bookmark\">Qu\u00e9 hacer en Atenas: 12 imprescindibles + Mapa<\/a><\/h5><\/header><!-- .entry-header -->\n<footer class=\"entry-footer\">\n\t<\/footer><!-- .entry-footer -->\t\t<\/div>\n\t<\/article>\n<\/li>\n<li class=\"kb-post-list-item\">\n\t<article class=\"entry content-bg loop-entry post-22880 post type-post status-publish format-standard has-post-thumbnail hentry category-informacion-practica tag-europa-barato tag-informacion-practica-de-europa tag-internet-europa no-featured-image-padding resize-featured-image\">\n\t\t\t\t<a aria-hidden=\"true\" tabindex=\"-1\" role=\"presentation\" class=\"post-thumbnail kadence-thumbnail-ratio-2-3\" href=\"https:\/\/viajerosactivos.com\/fr\/como-tener-internet-en-europa\/\" aria-label=\"Internet en Europa: la cara, la barata y la ilimitada\">\n\t\t\t<div class=\"post-thumbnail-inner\">\n\t\t\t\t<img loading=\"lazy\" decoding=\"async\" width=\"750\" height=\"500\" src=\"https:\/\/viajerosactivos.com\/wp-content\/uploads\/2023\/12\/como-tener-internet-en-europa.jpg\" class=\"attachment-medium_large size-medium_large wp-post-image\" alt=\"como-tener-internet-en-europa\" srcset=\"https:\/\/viajerosactivos.com\/wp-content\/uploads\/2023\/12\/como-tener-internet-en-europa.jpg 750w, https:\/\/viajerosactivos.com\/wp-content\/uploads\/2023\/12\/como-tener-internet-en-europa-300x200.jpg 300w\" sizes=\"auto, (max-width: 750px) 100vw, 750px\" \/>\t\t\t<\/div>\n\t\t<\/a><!-- .post-thumbnail -->\n\t\t\t\t<div class=\"entry-content-wrap\">\n\t\t\t<header class=\"entry-header\">\n\t<h5 class=\"entry-title\"><a href=\"https:\/\/viajerosactivos.com\/fr\/como-tener-internet-en-europa\/\" rel=\"bookmark\">Internet en Europa: la cara, la barata y la ilimitada<\/a><\/h5><\/header><!-- .entry-header -->\n<footer class=\"entry-footer\">\n\t<\/footer><!-- .entry-footer -->\t\t<\/div>\n\t<\/article>\n<\/li>\n<li class=\"kb-post-list-item\">\n\t<article class=\"entry content-bg loop-entry post-28372 post type-post status-publish format-standard has-post-thumbnail hentry category-turquia tag-europa-en-invierno tag-turquia tag-viaje-a-turquia no-featured-image-padding\">\n\t\t\t\t<a aria-hidden=\"true\" tabindex=\"-1\" role=\"presentation\" class=\"post-thumbnail kadence-thumbnail-ratio-2-3\" href=\"https:\/\/viajerosactivos.com\/fr\/que-hacer-en-turquia-en-invierno\/\" aria-label=\"10 Lugares para Visitar en Turqu\u00eda en Invierno\">\n\t\t\t<div class=\"post-thumbnail-inner\">\n\t\t\t\t<img loading=\"lazy\" decoding=\"async\" width=\"768\" height=\"512\" src=\"https:\/\/viajerosactivos.com\/wp-content\/uploads\/2024\/11\/goreme-en-invierno-768x512.webp\" class=\"attachment-medium_large size-medium_large wp-post-image\" alt=\"goreme-en-invierno\" srcset=\"https:\/\/viajerosactivos.com\/wp-content\/uploads\/2024\/11\/goreme-en-invierno-768x512.webp 768w, https:\/\/viajerosactivos.com\/wp-content\/uploads\/2024\/11\/goreme-en-invierno-300x200.webp 300w, https:\/\/viajerosactivos.com\/wp-content\/uploads\/2024\/11\/goreme-en-invierno-18x12.webp 18w, https:\/\/viajerosactivos.com\/wp-content\/uploads\/2024\/11\/goreme-en-invierno.webp 900w\" sizes=\"auto, (max-width: 768px) 100vw, 768px\" \/>\t\t\t<\/div>\n\t\t<\/a><!-- .post-thumbnail -->\n\t\t\t\t<div class=\"entry-content-wrap\">\n\t\t\t<header class=\"entry-header\">\n\t<h5 class=\"entry-title\"><a href=\"https:\/\/viajerosactivos.com\/fr\/que-hacer-en-turquia-en-invierno\/\" rel=\"bookmark\">10 Lugares para Visitar en Turqu\u00eda en Invierno<\/a><\/h5><\/header><!-- .entry-header -->\n<footer class=\"entry-footer\">\n\t<\/footer><!-- .entry-footer -->\t\t<\/div>\n\t<\/article>\n<\/li>\n<li class=\"kb-post-list-item\">\n\t<article class=\"entry content-bg loop-entry post-7593 post type-post status-publish format-standard has-post-thumbnail hentry category-georgia tag-que-hacer-en-georgia tag-que-hacer-en-tiflis tag-que-ver-en-tiflis tag-tiflis no-featured-image-padding resize-featured-image\">\n\t\t\t\t<a aria-hidden=\"true\" tabindex=\"-1\" role=\"presentation\" class=\"post-thumbnail kadence-thumbnail-ratio-2-3\" href=\"https:\/\/viajerosactivos.com\/fr\/que-ver-en-tiflis\/\" aria-label=\"Qu\u00e9 ver en Tiflis: 22 mejores lugares + Mapa\">\n\t\t\t<div class=\"post-thumbnail-inner\">\n\t\t\t\t<img loading=\"lazy\" decoding=\"async\" width=\"768\" height=\"624\" src=\"https:\/\/viajerosactivos.com\/wp-content\/uploads\/2026\/04\/banos-orbeliani-que-ver-en-tiflis-768x624.webp\" class=\"attachment-medium_large size-medium_large wp-post-image\" alt=\"ba\u00f1os-orbeliani-que-ver-en-tiflis\" srcset=\"https:\/\/viajerosactivos.com\/wp-content\/uploads\/2026\/04\/banos-orbeliani-que-ver-en-tiflis-768x624.webp 768w, https:\/\/viajerosactivos.com\/wp-content\/uploads\/2026\/04\/banos-orbeliani-que-ver-en-tiflis-300x244.webp 300w, https:\/\/viajerosactivos.com\/wp-content\/uploads\/2026\/04\/banos-orbeliani-que-ver-en-tiflis-788x640.webp 788w, https:\/\/viajerosactivos.com\/wp-content\/uploads\/2026\/04\/banos-orbeliani-que-ver-en-tiflis-15x12.webp 15w, https:\/\/viajerosactivos.com\/wp-content\/uploads\/2026\/04\/banos-orbeliani-que-ver-en-tiflis.webp 900w\" sizes=\"auto, (max-width: 768px) 100vw, 768px\" \/>\t\t\t<\/div>\n\t\t<\/a><!-- .post-thumbnail -->\n\t\t\t\t<div class=\"entry-content-wrap\">\n\t\t\t<header class=\"entry-header\">\n\t<h5 class=\"entry-title\"><a href=\"https:\/\/viajerosactivos.com\/fr\/que-ver-en-tiflis\/\" rel=\"bookmark\">Qu\u00e9 ver en Tiflis: 22 mejores lugares + Mapa<\/a><\/h5><\/header><!-- .entry-header -->\n<footer class=\"entry-footer\">\n\t<\/footer><!-- .entry-footer -->\t\t<\/div>\n\t<\/article>\n<\/li>\n<li class=\"kb-post-list-item\">\n\t<article class=\"entry content-bg loop-entry post-28524 post type-post status-publish format-standard has-post-thumbnail hentry category-turquia tag-estambul tag-que-hacer-en-estambul tag-viaje-a-estambul no-featured-image-padding resize-featured-image\">\n\t\t\t\t<a aria-hidden=\"true\" tabindex=\"-1\" role=\"presentation\" class=\"post-thumbnail kadence-thumbnail-ratio-2-3\" href=\"https:\/\/viajerosactivos.com\/fr\/que-ver-en-estambul\/\" aria-label=\"Qu\u00e9 ver en Estambul: 15 Imprescindibles +  Mapa\">\n\t\t\t<div class=\"post-thumbnail-inner\">\n\t\t\t\t<img loading=\"lazy\" decoding=\"async\" width=\"600\" height=\"900\" src=\"https:\/\/viajerosactivos.com\/wp-content\/uploads\/2024\/12\/torre-de-la-doncella.webp\" class=\"attachment-medium_large size-medium_large wp-post-image\" alt=\"torre-de-la-doncella\" srcset=\"https:\/\/viajerosactivos.com\/wp-content\/uploads\/2024\/12\/torre-de-la-doncella.webp 600w, https:\/\/viajerosactivos.com\/wp-content\/uploads\/2024\/12\/torre-de-la-doncella-200x300.webp 200w, https:\/\/viajerosactivos.com\/wp-content\/uploads\/2024\/12\/torre-de-la-doncella-427x640.webp 427w, https:\/\/viajerosactivos.com\/wp-content\/uploads\/2024\/12\/torre-de-la-doncella-8x12.webp 8w\" sizes=\"auto, (max-width: 600px) 100vw, 600px\" \/>\t\t\t<\/div>\n\t\t<\/a><!-- .post-thumbnail -->\n\t\t\t\t<div class=\"entry-content-wrap\">\n\t\t\t<header class=\"entry-header\">\n\t<h5 class=\"entry-title\"><a href=\"https:\/\/viajerosactivos.com\/fr\/que-ver-en-estambul\/\" rel=\"bookmark\">Qu\u00e9 ver en Estambul: 15 Imprescindibles +  Mapa<\/a><\/h5><\/header><!-- .entry-header -->\n<footer class=\"entry-footer\">\n\t<\/footer><!-- .entry-footer -->\t\t<\/div>\n\t<\/article>\n<\/li>\n<li class=\"kb-post-list-item\">\n\t<article class=\"entry content-bg loop-entry post-22660 post type-post status-publish format-standard has-post-thumbnail hentry category-informacion-practica tag-europa-en-invierno tag-informacion-practica-de-europa no-featured-image-padding resize-featured-image\">\n\t\t\t\t<a aria-hidden=\"true\" tabindex=\"-1\" role=\"presentation\" class=\"post-thumbnail kadence-thumbnail-ratio-2-3\" href=\"https:\/\/viajerosactivos.com\/fr\/viajar-a-europa-en-invierno\/\" aria-label=\"14 Consejos para viajar a Europa en invierno\">\n\t\t\t<div class=\"post-thumbnail-inner\">\n\t\t\t\t<img loading=\"lazy\" decoding=\"async\" width=\"750\" height=\"563\" src=\"https:\/\/viajerosactivos.com\/wp-content\/uploads\/2025\/10\/Lago-San-Mauricio.webp\" class=\"attachment-medium_large size-medium_large wp-post-image\" alt=\"Lago-San-Mauricio\" srcset=\"https:\/\/viajerosactivos.com\/wp-content\/uploads\/2025\/10\/Lago-San-Mauricio.webp 750w, https:\/\/viajerosactivos.com\/wp-content\/uploads\/2025\/10\/Lago-San-Mauricio-300x225.webp 300w, https:\/\/viajerosactivos.com\/wp-content\/uploads\/2025\/10\/Lago-San-Mauricio-16x12.webp 16w\" sizes=\"auto, (max-width: 750px) 100vw, 750px\" \/>\t\t\t<\/div>\n\t\t<\/a><!-- .post-thumbnail -->\n\t\t\t\t<div class=\"entry-content-wrap\">\n\t\t\t<header class=\"entry-header\">\n\t<h5 class=\"entry-title\"><a href=\"https:\/\/viajerosactivos.com\/fr\/viajar-a-europa-en-invierno\/\" rel=\"bookmark\">14 Consejos para viajar a Europa en invierno<\/a><\/h5><\/header><!-- .entry-header -->\n<footer class=\"entry-footer\">\n\t<\/footer><!-- .entry-footer -->\t\t<\/div>\n\t<\/article>\n<\/li>\n<\/ul>\n\n\n<div style=\"height:10px\" aria-hidden=\"true\" class=\"wp-block-spacer\"><\/div>\n","protected":false},"excerpt":{"rendered":"<p>Si vous pensiez que l&#039;Europe n&#039;\u00e9tait agr\u00e9able qu&#039;en \u00e9t\u00e9, vous serez surpris par tout ce que vous pouvez d\u00e9couvrir sous la neige. Voyager en\u2026 <\/p>\n<p class=\"read-more-container\"><a title=\"14 conseils pour voyager en Europe en hiver\" class=\"read-more button\" href=\"https:\/\/viajerosactivos.com\/fr\/viajar-a-europa-en-invierno\/#more-22660\" aria-label=\"En savoir plus sur 14 Consejos para viajar a Europa en invierno\">En savoir plus<\/a><\/p>","protected":false},"author":1,"featured_media":33319,"comment_status":"open","ping_status":"closed","sticky":false,"template":"","format":"standard","meta":{"footnotes":""},"categories":[421],"tags":[584,521],"class_list":["post-22660","post","type-post","status-publish","format-standard","has-post-thumbnail","hentry","category-informacion-practica","tag-europa-en-invierno","tag-informacion-practica-de-europa","no-featured-image-padding","resize-featured-image"],"_links":{"self":[{"href":"https:\/\/viajerosactivos.com\/fr\/wp-json\/wp\/v2\/posts\/22660","targetHints":{"allow":["GET"]}}],"collection":[{"href":"https:\/\/viajerosactivos.com\/fr\/wp-json\/wp\/v2\/posts"}],"about":[{"href":"https:\/\/viajerosactivos.com\/fr\/wp-json\/wp\/v2\/types\/post"}],"author":[{"embeddable":true,"href":"https:\/\/viajerosactivos.com\/fr\/wp-json\/wp\/v2\/users\/1"}],"replies":[{"embeddable":true,"href":"https:\/\/viajerosactivos.com\/fr\/wp-json\/wp\/v2\/comments?post=22660"}],"version-history":[{"count":4,"href":"https:\/\/viajerosactivos.com\/fr\/wp-json\/wp\/v2\/posts\/22660\/revisions"}],"predecessor-version":[{"id":35093,"href":"https:\/\/viajerosactivos.com\/fr\/wp-json\/wp\/v2\/posts\/22660\/revisions\/35093"}],"wp:featuredmedia":[{"embeddable":true,"href":"https:\/\/viajerosactivos.com\/fr\/wp-json\/wp\/v2\/media\/33319"}],"wp:attachment":[{"href":"https:\/\/viajerosactivos.com\/fr\/wp-json\/wp\/v2\/media?parent=22660"}],"wp:term":[{"taxonomy":"category","embeddable":true,"href":"https:\/\/viajerosactivos.com\/fr\/wp-json\/wp\/v2\/categories?post=22660"},{"taxonomy":"post_tag","embeddable":true,"href":"https:\/\/viajerosactivos.com\/fr\/wp-json\/wp\/v2\/tags?post=22660"}],"curies":[{"name":"wp","href":"https:\/\/api.w.org\/{rel}","templated":true}]}}