{"id":31099,"date":"2025-04-19T15:10:59","date_gmt":"2025-04-19T13:10:59","guid":{"rendered":"https:\/\/viajerosactivos.com\/?p=31099"},"modified":"2026-04-24T18:14:17","modified_gmt":"2026-04-24T16:14:17","slug":"la-ville-medievale-de-rhodes-et-mandraki","status":"publish","type":"post","link":"https:\/\/viajerosactivos.com\/fr\/ciudad-medieval-de-rodas-y-mandraki\/","title":{"rendered":"Rhodes et Mandraki, cit\u00e9s m\u00e9di\u00e9vales\u00a0: 18 sites incontournables"},"content":{"rendered":"\n<p>La ciudad de Rodas tiene una de las joyas hist\u00f3ricas mejor conservadas de Europa: su ciudad medieval amurallada, declarada <strong><a href=\"https:\/\/whc.unesco.org\/en\/list\/493\" target=\"_blank\" rel=\"noreferrer noopener\">Patrimonio de la Humanidad<\/a><\/strong> por la UNESCO en 1988. Pero eso no es todo: justo al lado est\u00e1 Mandraki, el antiguo puerto de la isla y la zona donde se pueden ver edificios \u00fanicos construidos por los italianos.<\/p>\n\n\n\n<p>Aqu\u00ed te cuento qu\u00e9 ver en la ciudad medieval de Rodas y en Mandraki, con todo lo que no te puedes perder con un pr\u00e1ctico mapa al final del art\u00edculo.<\/p>\n\n\n\n<p>Si no tienes tiempo para leer todo el art\u00edculo, este es el <strong><a class=\"thirstylink\" rel=\"nofollow\" target=\"_blank\" title=\"Tour a pie Rodas\" href=\"https:\/\/viajerosactivos.com\/fr\/recomendado\/tour-a-pie-rodas\/\" data-shortcode=\"true\">tour por la ciudad medieval<\/a><\/strong> a pie, es perfecto para conocer a fondo su historia y rincones. Y si solo tienes un d\u00eda en la isla,<strong> <a class=\"thirstylink\" rel=\"nofollow\" target=\"_blank\" title=\"Tour cruceros Rodas\" href=\"https:\/\/viajerosactivos.com\/fr\/recomendado\/tour-cruceros-rodas\/\" data-shortcode=\"true\">este tour para cruceros<\/a><\/strong> es ideal, adem\u00e1s de visitar el casco antiguo, te llevan a la acr\u00f3polis de Lindos.<\/p>\n\n\n<style>.kb-row-layout-wrap.wp-block-kadence-rowlayout.kb-row-layout-id35056_7d1931-ca{margin-bottom:0px;}.kb-row-layout-id35056_7d1931-ca > .kt-row-column-wrap{align-content:start;}:where(.kb-row-layout-id35056_7d1931-ca > .kt-row-column-wrap) > .wp-block-kadence-column{justify-content:start;}.kb-row-layout-id35056_7d1931-ca > .kt-row-column-wrap{column-gap:var(--global-kb-gap-md, 2rem);row-gap:var(--global-kb-gap-md, 2rem);max-width:750px;margin-left:auto;margin-right:auto;padding-top:var(--global-kb-spacing-sm, 1.5rem);padding-bottom:var(--global-kb-spacing-sm, 1.5rem);grid-template-columns:minmax(0, 1fr);}.kb-row-layout-id35056_7d1931-ca > .kt-row-layout-overlay{opacity:0.30;}@media all and (max-width: 1024px){.kb-row-layout-id35056_7d1931-ca > .kt-row-column-wrap{grid-template-columns:minmax(0, 1fr);}}@media all and (max-width: 767px){.kb-row-layout-id35056_7d1931-ca > .kt-row-column-wrap{grid-template-columns:minmax(0, 1fr);}}<\/style><div class=\"kb-row-layout-wrap kb-row-layout-id35056_7d1931-ca alignnone wp-block-kadence-rowlayout\"><div class=\"kt-row-column-wrap kt-has-1-columns kt-row-layout-equal kt-tab-layout-inherit kt-mobile-layout-row kt-row-valign-top\">\n<style>.kadence-column35056_7f84b1-49 > .kt-inside-inner-col{border-top:1px solid var(--contrast);border-right:1px solid var(--contrast);border-bottom:1px solid var(--contrast);border-left:1px solid var(--contrast);}.kadence-column35056_7f84b1-49 > .kt-inside-inner-col,.kadence-column35056_7f84b1-49 > .kt-inside-inner-col:before{border-top-left-radius:0px;border-top-right-radius:0px;border-bottom-right-radius:0px;border-bottom-left-radius:0px;}.kadence-column35056_7f84b1-49 > .kt-inside-inner-col{column-gap:var(--global-kb-gap-sm, 1rem);}.kadence-column35056_7f84b1-49 > .kt-inside-inner-col{flex-direction:column;}.kadence-column35056_7f84b1-49 > .kt-inside-inner-col > .aligncenter{width:100%;}.kadence-column35056_7f84b1-49 > .kt-inside-inner-col:before{opacity:0.3;}.kadence-column35056_7f84b1-49{position:relative;}.kadence-column35056_7f84b1-49, .kt-inside-inner-col > .kadence-column35056_7f84b1-49:not(.specificity){margin-top:-10px;margin-right:10px;margin-bottom:10px;margin-left:10px;}@media all and (max-width: 1024px){.kadence-column35056_7f84b1-49 > .kt-inside-inner-col{border-top:1px solid var(--contrast);border-right:1px solid var(--contrast);border-bottom:1px solid var(--contrast);border-left:1px solid var(--contrast);flex-direction:column;justify-content:center;}}@media all and (max-width: 767px){.kadence-column35056_7f84b1-49 > .kt-inside-inner-col{border-top:1px solid var(--contrast);border-right:1px solid var(--contrast);border-bottom:1px solid var(--contrast);border-left:1px solid var(--contrast);flex-direction:column;justify-content:center;}.kadence-column35056_7f84b1-49, .kt-inside-inner-col > .kadence-column35056_7f84b1-49:not(.specificity){margin-right:5px;margin-left:5px;}}<\/style>\n<div class=\"wp-block-kadence-column kadence-column35056_7f84b1-49\"><div class=\"kt-inside-inner-col\"><style>.kadence-column35056_44a0bc-fb > .kt-inside-inner-col{display:flex;}.kadence-column35056_44a0bc-fb > .kt-inside-inner-col{border-top:10px solid transparent;border-right:10px solid transparent;border-bottom:10px solid transparent;border-left:10px solid transparent;}.kadence-column35056_44a0bc-fb > .kt-inside-inner-col,.kadence-column35056_44a0bc-fb > .kt-inside-inner-col:before{border-top-left-radius:0px;border-top-right-radius:0px;border-bottom-right-radius:0px;border-bottom-left-radius:0px;}.kadence-column35056_44a0bc-fb > .kt-inside-inner-col{row-gap:13px;column-gap:13px;}.kadence-column35056_44a0bc-fb > .kt-inside-inner-col{flex-direction:row;flex-wrap:wrap;align-items:center;}.kadence-column35056_44a0bc-fb > .kt-inside-inner-col > *, .kadence-column35056_44a0bc-fb > .kt-inside-inner-col > figure.wp-block-image, .kadence-column35056_44a0bc-fb > .kt-inside-inner-col > figure.wp-block-kadence-image{margin-top:0px;margin-bottom:0px;}.kadence-column35056_44a0bc-fb > .kt-inside-inner-col > .kb-image-is-ratio-size{flex-grow:1;}.kadence-column35056_44a0bc-fb > .kt-inside-inner-col:before{opacity:0.3;}.kadence-column35056_44a0bc-fb{position:relative;}.kadence-column35056_44a0bc-fb, .kt-inside-inner-col > .kadence-column35056_44a0bc-fb:not(.specificity){margin-top:-25px;}@media all and (max-width: 1024px){.kadence-column35056_44a0bc-fb > .kt-inside-inner-col{border-top:10px solid transparent;border-right:10px solid transparent;border-bottom:10px solid transparent;border-left:10px solid transparent;flex-direction:row;flex-wrap:wrap;align-items:center;}}@media all and (min-width: 768px) and (max-width: 1024px){.kadence-column35056_44a0bc-fb > .kt-inside-inner-col > *, .kadence-column35056_44a0bc-fb > .kt-inside-inner-col > figure.wp-block-image, .kadence-column35056_44a0bc-fb > .kt-inside-inner-col > figure.wp-block-kadence-image{margin-top:0px;margin-bottom:0px;}.kadence-column35056_44a0bc-fb > .kt-inside-inner-col > .kb-image-is-ratio-size{flex-grow:1;}}@media all and (max-width: 767px){.kadence-column35056_44a0bc-fb > .kt-inside-inner-col{border-top:10px solid transparent;border-right:10px solid transparent;border-bottom:10px solid transparent;border-left:10px solid transparent;flex-direction:row;flex-wrap:wrap;justify-content:flex-start;}.kadence-column35056_44a0bc-fb > .kt-inside-inner-col > *, .kadence-column35056_44a0bc-fb > .kt-inside-inner-col > figure.wp-block-image, .kadence-column35056_44a0bc-fb > .kt-inside-inner-col > figure.wp-block-kadence-image{margin-top:0px;margin-bottom:0px;}.kadence-column35056_44a0bc-fb > .kt-inside-inner-col > .kb-image-is-ratio-size{flex-grow:1;}}<\/style>\n<div class=\"wp-block-kadence-column kadence-column35056_44a0bc-fb kb-section-dir-horizontal\"><div class=\"kt-inside-inner-col\"><style>.wp-block-kadence-advancedheading.kt-adv-heading35056_e68275-cd, .wp-block-kadence-advancedheading.kt-adv-heading35056_e68275-cd[data-kb-block=\"kb-adv-heading35056_e68275-cd\"]{display:block;text-align:center;line-height:1.2;font-style:normal;font-family:Arial, Helvetica, sans-serif;text-transform:uppercase;letter-spacing:1.2px;border-top:5px solid transparent;border-right:10px solid transparent;border-bottom:5px solid transparent;border-left:10px solid transparent;border-top-left-radius:0px;border-top-right-radius:0px;border-bottom-right-radius:0px;border-bottom-left-radius:0px;}.wp-block-kadence-advancedheading.kt-adv-heading35056_e68275-cd mark.kt-highlight, .wp-block-kadence-advancedheading.kt-adv-heading35056_e68275-cd[data-kb-block=\"kb-adv-heading35056_e68275-cd\"] mark.kt-highlight{font-style:normal;color:#f76a0c;-webkit-box-decoration-break:clone;box-decoration-break:clone;padding-top:0px;padding-right:0px;padding-bottom:0px;padding-left:0px;}.wp-block-kadence-advancedheading.kt-adv-heading35056_e68275-cd img.kb-inline-image, .wp-block-kadence-advancedheading.kt-adv-heading35056_e68275-cd[data-kb-block=\"kb-adv-heading35056_e68275-cd\"] img.kb-inline-image{width:150px;vertical-align:baseline;}@media all and (max-width: 1024px){.wp-block-kadence-advancedheading.kt-adv-heading35056_e68275-cd, .wp-block-kadence-advancedheading.kt-adv-heading35056_e68275-cd[data-kb-block=\"kb-adv-heading35056_e68275-cd\"]{border-top:5px solid transparent;border-right:10px solid transparent;border-bottom:5px solid transparent;border-left:10px solid transparent;}}@media all and (max-width: 767px){.wp-block-kadence-advancedheading.kt-adv-heading35056_e68275-cd, .wp-block-kadence-advancedheading.kt-adv-heading35056_e68275-cd[data-kb-block=\"kb-adv-heading35056_e68275-cd\"]{font-size:0.95em;border-top:5px solid transparent;border-right:10px solid transparent;border-bottom:5px solid transparent;border-left:10px solid transparent;}}<\/style>\n<span class=\"kt-adv-heading35056_e68275-cd wp-block-kadence-advancedheading has-base-3-color has-text-color has-contrast-background-color has-background\" data-kb-block=\"kb-adv-heading35056_e68275-cd\">Antes de viajar, ahorra con\u2026<\/span>\n<\/div><\/div>\n\n\n<style>.kb-row-layout-wrap.wp-block-kadence-rowlayout.kb-row-layout-id35056_7fdabc-ce{margin-bottom:0px;}.kb-row-layout-id35056_7fdabc-ce > .kt-row-column-wrap{align-content:start;}:where(.kb-row-layout-id35056_7fdabc-ce > .kt-row-column-wrap) > .wp-block-kadence-column{justify-content:start;}.kb-row-layout-id35056_7fdabc-ce > .kt-row-column-wrap{column-gap:var(--global-kb-gap-sm, 1rem);row-gap:var(--global-kb-gap-sm, 1rem);padding-top:10px;padding-right:12px;padding-bottom:10px;padding-left:12px;grid-template-columns:minmax(0, 1fr);}.kb-row-layout-id35056_7fdabc-ce > .kt-row-layout-overlay{opacity:0.30;}@media all and (max-width: 1024px){.kb-row-layout-id35056_7fdabc-ce > .kt-row-column-wrap{grid-template-columns:minmax(0, 1fr);}}@media all and (max-width: 767px){.kb-row-layout-id35056_7fdabc-ce > .kt-row-column-wrap{grid-template-columns:minmax(0, 1fr);}}<\/style><div class=\"kb-row-layout-wrap kb-row-layout-id35056_7fdabc-ce alignnone wp-block-kadence-rowlayout\"><div class=\"kt-row-column-wrap kt-has-1-columns kt-row-layout-equal kt-tab-layout-inherit kt-mobile-layout-row kt-row-valign-top\">\n<style>.kadence-column35056_4de3d6-41 > .kt-inside-inner-col,.kadence-column35056_4de3d6-41 > .kt-inside-inner-col:before{border-top-left-radius:0px;border-top-right-radius:0px;border-bottom-right-radius:0px;border-bottom-left-radius:0px;}.kadence-column35056_4de3d6-41 > .kt-inside-inner-col{column-gap:var(--global-kb-gap-sm, 1rem);}.kadence-column35056_4de3d6-41 > .kt-inside-inner-col{flex-direction:column;}.kadence-column35056_4de3d6-41 > .kt-inside-inner-col > .aligncenter{width:100%;}.kadence-column35056_4de3d6-41 > .kt-inside-inner-col:before{opacity:0.3;}.kadence-column35056_4de3d6-41{text-align:left;}.kadence-column35056_4de3d6-41{position:relative;}@media all and (max-width: 1024px){.kadence-column35056_4de3d6-41 > .kt-inside-inner-col{flex-direction:column;justify-content:center;}}@media all and (max-width: 767px){.kadence-column35056_4de3d6-41 > .kt-inside-inner-col{flex-direction:column;justify-content:center;}}<\/style>\n<div class=\"wp-block-kadence-column kadence-column35056_4de3d6-41\"><div class=\"kt-inside-inner-col\">\n<p>\ud83d\udcf6 <strong><a class=\"thirstylink\" rel=\"nofollow\" target=\"_blank\" title=\"eSim Holafly\" href=\"https:\/\/viajerosactivos.com\/fr\/recomendado\/esim\/\" data-shortcode=\"true\">eSIM<\/a><\/strong> para tener internet al aterrizar &#8211; 5% descuento<br>\ud83c\udfe8 <a class=\"thirstylink\" rel=\"nofollow\" target=\"_blank\" title=\"alojamiento descuento\" href=\"https:\/\/viajerosactivos.com\/fr\/recomendado\/alojamiento-descuento\/\" data-shortcode=\"true\"><strong>Alojamiento<\/strong> <\/a>con buenas ofertas<br>\ud83d\udee1\ufe0f <strong><a class=\"thirstylink\" rel=\"nofollow\" target=\"_blank\" title=\"Seguro de viaje\" href=\"https:\/\/viajerosactivos.com\/fr\/recomendado\/seguro-de-viaje\/\" data-shortcode=\"true\">Seguro de viaje <\/a><\/strong>con hasta 15% descuento<br>\ud83d\ude97 <strong><a class=\"thirstylink\" rel=\"nofollow\" target=\"_blank\" title=\"Alquilar coche\" href=\"https:\/\/viajerosactivos.com\/fr\/recomendado\/alquilar-coche\/\" data-shortcode=\"true\">Coche de alquiler<\/a> <\/strong>al mejor precio<\/p>\n<\/div><\/div>\n\n<\/div><\/div><\/div><\/div>\n\n<\/div><\/div>\n\n\n<div id=\"ez-toc-container\" class=\"ez-toc-v2_0_82_2 counter-hierarchy ez-toc-counter ez-toc-black ez-toc-container-direction\">\n<div class=\"ez-toc-title-container\">\n<p class=\"ez-toc-title\" style=\"cursor:inherit\">Indice de Contenido<\/p>\n<span class=\"ez-toc-title-toggle\"><a href=\"#\" class=\"ez-toc-pull-right ez-toc-btn ez-toc-btn-xs ez-toc-btn-default ez-toc-toggle\" aria-label=\"Toggle Table of Content\"><span class=\"ez-toc-js-icon-con\"><span class=\"\"><span class=\"eztoc-hide\" style=\"display:none;\">Toggle<\/span><span class=\"ez-toc-icon-toggle-span\"><svg style=\"fill: #999;color:#999\" xmlns=\"http:\/\/www.w3.org\/2000\/svg\" class=\"list-377408\" width=\"20px\" height=\"20px\" viewBox=\"0 0 24 24\" fill=\"none\"><path d=\"M6 6H4v2h2V6zm14 0H8v2h12V6zM4 11h2v2H4v-2zm16 0H8v2h12v-2zM4 16h2v2H4v-2zm16 0H8v2h12v-2z\" fill=\"currentColor\"><\/path><\/svg><svg style=\"fill: #999;color:#999\" class=\"arrow-unsorted-368013\" xmlns=\"http:\/\/www.w3.org\/2000\/svg\" width=\"10px\" height=\"10px\" viewBox=\"0 0 24 24\" version=\"1.2\" baseProfile=\"tiny\"><path d=\"M18.2 9.3l-6.2-6.3-6.2 6.3c-.2.2-.3.4-.3.7s.1.5.3.7c.2.2.4.3.7.3h11c.3 0 .5-.1.7-.3.2-.2.3-.5.3-.7s-.1-.5-.3-.7zM5.8 14.7l6.2 6.3 6.2-6.3c.2-.2.3-.5.3-.7s-.1-.5-.3-.7c-.2-.2-.4-.3-.7-.3h-11c-.3 0-.5.1-.7.3-.2.2-.3.5-.3.7s.1.5.3.7z\"\/><\/svg><\/span><\/span><\/span><\/a><\/span><\/div>\n<nav><ul class='ez-toc-list ez-toc-list-level-1 ' ><li class='ez-toc-page-1 ez-toc-heading-level-2'><a class=\"ez-toc-link ez-toc-heading-1\" href=\"https:\/\/viajerosactivos.com\/fr\/ciudad-medieval-de-rodas-y-mandraki\/#Un_poco_de_historia\" >Un poco de historia<\/a><\/li><li class='ez-toc-page-1 ez-toc-heading-level-2'><a class=\"ez-toc-link ez-toc-heading-2\" href=\"https:\/\/viajerosactivos.com\/fr\/ciudad-medieval-de-rodas-y-mandraki\/#Ciudad_Medieval_de_Rodas\" >Ciudad Medieval de Rodas<\/a><ul class='ez-toc-list-level-3' ><li class='ez-toc-heading-level-3'><a class=\"ez-toc-link ez-toc-heading-3\" href=\"https:\/\/viajerosactivos.com\/fr\/ciudad-medieval-de-rodas-y-mandraki\/#1_Callejear\" >1. Callejear<\/a><\/li><li class='ez-toc-page-1 ez-toc-heading-level-3'><a class=\"ez-toc-link ez-toc-heading-4\" href=\"https:\/\/viajerosactivos.com\/fr\/ciudad-medieval-de-rodas-y-mandraki\/#2_Palacio_del_Gran_Maestre\" >2. Palacio del Gran Maestre<\/a><\/li><li class='ez-toc-page-1 ez-toc-heading-level-3'><a class=\"ez-toc-link ez-toc-heading-5\" href=\"https:\/\/viajerosactivos.com\/fr\/ciudad-medieval-de-rodas-y-mandraki\/#3_Calle_de_los_Caballeros\" >3. Calle de los Caballeros<\/a><\/li><li class='ez-toc-page-1 ez-toc-heading-level-3'><a class=\"ez-toc-link ez-toc-heading-6\" href=\"https:\/\/viajerosactivos.com\/fr\/ciudad-medieval-de-rodas-y-mandraki\/#4_Museo_Arqueologico\" >4. Museo Arqueol\u00f3gico<\/a><\/li><li class='ez-toc-page-1 ez-toc-heading-level-3'><a class=\"ez-toc-link ez-toc-heading-7\" href=\"https:\/\/viajerosactivos.com\/fr\/ciudad-medieval-de-rodas-y-mandraki\/#5_Murallas_Foso_y_Puertas\" >5. Murallas, Foso y Puertas<\/a><\/li><li class='ez-toc-page-1 ez-toc-heading-level-3'><a class=\"ez-toc-link ez-toc-heading-8\" href=\"https:\/\/viajerosactivos.com\/fr\/ciudad-medieval-de-rodas-y-mandraki\/#6_Torre_Medieval_del_Reloj\" >6. Torre Medieval del Reloj<\/a><\/li><li class='ez-toc-page-1 ez-toc-heading-level-3'><a class=\"ez-toc-link ez-toc-heading-9\" href=\"https:\/\/viajerosactivos.com\/fr\/ciudad-medieval-de-rodas-y-mandraki\/#7_Mezquita_de_Soliman\" >7. Mezquita de Solim\u00e1n<\/a><\/li><li class='ez-toc-page-1 ez-toc-heading-level-3'><a class=\"ez-toc-link ez-toc-heading-10\" href=\"https:\/\/viajerosactivos.com\/fr\/ciudad-medieval-de-rodas-y-mandraki\/#8_Paseo_por_la_calle_Socrates\" >8. Paseo por la calle S\u00f3crates<\/a><\/li><li class='ez-toc-page-1 ez-toc-heading-level-3'><a class=\"ez-toc-link ez-toc-heading-11\" href=\"https:\/\/viajerosactivos.com\/fr\/ciudad-medieval-de-rodas-y-mandraki\/#9_Mezquita_Mehmet_Aga\" >9. Mezquita Mehmet Aga<\/a><\/li><li class='ez-toc-page-1 ez-toc-heading-level-3'><a class=\"ez-toc-link ez-toc-heading-12\" href=\"https:\/\/viajerosactivos.com\/fr\/ciudad-medieval-de-rodas-y-mandraki\/#10_Plaza_de_Hipocrates\" >10. Plaza de Hip\u00f3crates<\/a><\/li><li class='ez-toc-page-1 ez-toc-heading-level-3'><a class=\"ez-toc-link ez-toc-heading-13\" href=\"https:\/\/viajerosactivos.com\/fr\/ciudad-medieval-de-rodas-y-mandraki\/#11_Plaza_de_los_Martires_Judios\" >11. Plaza de los M\u00e1rtires Jud\u00edos<\/a><\/li><li class='ez-toc-page-1 ez-toc-heading-level-3'><a class=\"ez-toc-link ez-toc-heading-14\" href=\"https:\/\/viajerosactivos.com\/fr\/ciudad-medieval-de-rodas-y-mandraki\/#12_Sinagoga_Kahal_Kadosh_Shalom\" >12. Sinagoga Kahal Kadosh Shalom<\/a><\/li><li class='ez-toc-page-1 ez-toc-heading-level-3'><a class=\"ez-toc-link ez-toc-heading-15\" href=\"https:\/\/viajerosactivos.com\/fr\/ciudad-medieval-de-rodas-y-mandraki\/#13_Iglesia_de_la_Virgen_Maria_del_Burgh\" >13. Iglesia de la Virgen Mar\u00eda del Burgh<\/a><\/li><\/ul><\/li><li class='ez-toc-page-1 ez-toc-heading-level-2'><a class=\"ez-toc-link ez-toc-heading-16\" href=\"https:\/\/viajerosactivos.com\/fr\/ciudad-medieval-de-rodas-y-mandraki\/#Mandraki_y_Alrededores\" >Mandraki y Alrededores<\/a><ul class='ez-toc-list-level-3' ><li class='ez-toc-heading-level-3'><a class=\"ez-toc-link ez-toc-heading-17\" href=\"https:\/\/viajerosactivos.com\/fr\/ciudad-medieval-de-rodas-y-mandraki\/#14_Puerto_de_Mandraki\" >14. Puerto de Mandraki<\/a><\/li><li class='ez-toc-page-1 ez-toc-heading-level-3'><a class=\"ez-toc-link ez-toc-heading-18\" href=\"https:\/\/viajerosactivos.com\/fr\/ciudad-medieval-de-rodas-y-mandraki\/#15_Nueva_Agora\" >15. Nueva \u00c1gora<\/a><\/li><li class='ez-toc-page-1 ez-toc-heading-level-3'><a class=\"ez-toc-link ez-toc-heading-19\" href=\"https:\/\/viajerosactivos.com\/fr\/ciudad-medieval-de-rodas-y-mandraki\/#16_Prefectura_del_Dodecaneso\" >16. Prefectura del Dodecaneso<\/a><\/li><li class='ez-toc-page-1 ez-toc-heading-level-3'><a class=\"ez-toc-link ez-toc-heading-20\" href=\"https:\/\/viajerosactivos.com\/fr\/ciudad-medieval-de-rodas-y-mandraki\/#17_Iglesia_de_la_Anunciacion\" >17. Iglesia de la Anunciaci\u00f3n<\/a><\/li><li class='ez-toc-page-1 ez-toc-heading-level-3'><a class=\"ez-toc-link ez-toc-heading-21\" href=\"https:\/\/viajerosactivos.com\/fr\/ciudad-medieval-de-rodas-y-mandraki\/#18_Ronda\" >18. Ronda<\/a><\/li><\/ul><\/li><li class='ez-toc-page-1 ez-toc-heading-level-2'><a class=\"ez-toc-link ez-toc-heading-22\" href=\"https:\/\/viajerosactivos.com\/fr\/ciudad-medieval-de-rodas-y-mandraki\/#Mejores_Tours_por_la_ciudad_de_Rodas\" >Mejores Tours por la ciudad de Rodas<\/a><\/li><li class='ez-toc-page-1 ez-toc-heading-level-2'><a class=\"ez-toc-link ez-toc-heading-23\" href=\"https:\/\/viajerosactivos.com\/fr\/ciudad-medieval-de-rodas-y-mandraki\/#Mapa\" >Mapa<\/a><\/li><li class='ez-toc-page-1 ez-toc-heading-level-2'><a class=\"ez-toc-link ez-toc-heading-24\" href=\"https:\/\/viajerosactivos.com\/fr\/ciudad-medieval-de-rodas-y-mandraki\/#Pensamientos_finales\" >Pensamientos finales<\/a><\/li><\/ul><\/nav><\/div>\n<h2 class=\"wp-block-heading\"><span class=\"ez-toc-section\" id=\"Un_poco_de_historia\"><\/span>Un poco de historia <span class=\"ez-toc-section-end\"><\/span><\/h2>\n\n\n\n<p>Rodas fue el primer refugio de los Caballeros de la Orden de San Juan tras ser expulsados de Tierra Santa. Se establecieron aqu\u00ed en 1309 y permanecieron hasta 1523. Amurallaron la ciudad y construyeron palacios, iglesias y fortalezas.<\/p>\n\n\n\n<p>La isla, que ya hab\u00eda sido una ciudad rica en la antig\u00fcedad, resurgi\u00f3 gracias a las riquezas de la Orden y a su ubicaci\u00f3n estrat\u00e9gica en la ruta entre Constantinopla y Egipto. Tanto esplendor atrajo la atenci\u00f3n del Imperio Otomano, que finalmente conquist\u00f3 Rodas en 1522 bajo el mando de Solim\u00e1n el Magn\u00edfico.<\/p>\n\n\n<div class=\"wp-block-image\">\n<figure class=\"aligncenter size-full\"><img loading=\"lazy\" decoding=\"async\" width=\"750\" height=\"548\" src=\"https:\/\/viajerosactivos.com\/wp-content\/uploads\/2025\/04\/antigua-ciudad-de-rodas-caballeros.webp\" alt=\"antigua-ciudad-de-rodas-caballeros\" class=\"wp-image-31331\" srcset=\"https:\/\/viajerosactivos.com\/wp-content\/uploads\/2025\/04\/antigua-ciudad-de-rodas-caballeros.webp 750w, https:\/\/viajerosactivos.com\/wp-content\/uploads\/2025\/04\/antigua-ciudad-de-rodas-caballeros-300x219.webp 300w, https:\/\/viajerosactivos.com\/wp-content\/uploads\/2025\/04\/antigua-ciudad-de-rodas-caballeros-16x12.webp 16w\" sizes=\"auto, (max-width: 750px) 100vw, 750px\" \/><figcaption class=\"wp-element-caption\">Fuente: <a href=\"https:\/\/en.wikipedia.org\/wiki\/Fortifications_of_Rhodes\" rel=\"noopener\">Wikipedia.org<\/a><\/figcaption><\/figure>\n<\/div>\n\n\n<p>Los otomanos dejaron su huella durante casi cuatro siglos, y m\u00e1s tarde fueron los italianos quienes tomaron el control, especialmente durante el periodo de entreguerras. Tambi\u00e9n pasaron por aqu\u00ed alemanes e ingleses en la Segunda Guerra Mundial.<\/p>\n\n\n\n<p>La historia de Rodas es todo un c\u00f3ctel de influencias y eso es justo lo que la hace tan interesante.<\/p>\n\n\n\n<div style=\"height:10px\" aria-hidden=\"true\" class=\"wp-block-spacer\"><\/div>\n\n\n\n\n\n<div style=\"height:10px\" aria-hidden=\"true\" class=\"wp-block-spacer\"><\/div>\n\n\n\n<h2 class=\"wp-block-heading\"><span class=\"ez-toc-section\" id=\"Ciudad_Medieval_de_Rodas\"><\/span>Ciudad Medieval de Rodas<span class=\"ez-toc-section-end\"><\/span><\/h2>\n\n\n\n<h3 class=\"wp-block-heading\"><span class=\"ez-toc-section\" id=\"1_Callejear\"><\/span>1. Callejear <span class=\"ez-toc-section-end\"><\/span><\/h3>\n\n\n\n<p>Dentro de las murallas te espera un laberinto de callejuelas empedradas, con tabernas, tiendas, mezquitas y palacios. Lo m\u00e1s bonito es que conviven estilos g\u00f3ticos, bizantinos, otomanos y hasta barrocos.<\/p>\n\n\n<div class=\"wp-block-image\">\n<figure class=\"aligncenter size-full\"><img loading=\"lazy\" decoding=\"async\" width=\"750\" height=\"500\" src=\"https:\/\/viajerosactivos.com\/wp-content\/uploads\/2023\/06\/fuentes-arabes-en-rodas.jpg\" alt=\"fuentes-arabes-en-rodas\" class=\"wp-image-14533\" srcset=\"https:\/\/viajerosactivos.com\/wp-content\/uploads\/2023\/06\/fuentes-arabes-en-rodas.jpg 750w, https:\/\/viajerosactivos.com\/wp-content\/uploads\/2023\/06\/fuentes-arabes-en-rodas-300x200.jpg 300w\" sizes=\"auto, (max-width: 750px) 100vw, 750px\" \/><figcaption class=\"wp-element-caption\">Fuentes \u00e1rabes en Rodas<\/figcaption><\/figure>\n<\/div>\n\n\n<p>Luego est\u00e1n todos esos peque\u00f1os detalles: grabados del tiempo de los caballeros, fuentes con inscripciones \u00e1rabes, balcones de madera\u2026 hasta las coloridas buganvillas. El casco antiguo de Rodas est\u00e1 lleno de rincones fotog\u00e9nicos.<\/p>\n\n\n<div class=\"wp-block-image\">\n<figure class=\"aligncenter size-large\"><img loading=\"lazy\" decoding=\"async\" width=\"480\" height=\"640\" src=\"https:\/\/viajerosactivos.com\/wp-content\/uploads\/2025\/04\/callejuelas-rodos-town-480x640.webp\" alt=\"callejuelas-rodos-town\" class=\"wp-image-31209\" srcset=\"https:\/\/viajerosactivos.com\/wp-content\/uploads\/2025\/04\/callejuelas-rodos-town-480x640.webp 480w, https:\/\/viajerosactivos.com\/wp-content\/uploads\/2025\/04\/callejuelas-rodos-town-225x300.webp 225w, https:\/\/viajerosactivos.com\/wp-content\/uploads\/2025\/04\/callejuelas-rodos-town-9x12.webp 9w, https:\/\/viajerosactivos.com\/wp-content\/uploads\/2025\/04\/callejuelas-rodos-town.webp 675w\" sizes=\"auto, (max-width: 480px) 100vw, 480px\" \/><\/figure>\n<\/div>\n\n\n<p class=\"caja-borde2\">\ud83d\udc49 <strong>Mi consejo<\/strong>: si no te apetece caminar tanto, puedes unirte a este <strong><a class=\"thirstylink\" rel=\"nofollow\" target=\"_blank\" title=\"Tour Rodas en bici el\u00e9ctrica\" href=\"https:\/\/viajerosactivos.com\/fr\/recomendado\/tour-rodas-en-bici-electrica\/\" data-shortcode=\"true\">tour en bicicleta el\u00e9ctrica<\/a> <\/strong>por el casco antiguo. Si lo haces por la tarde, podr\u00e1s ver la puesta de sol.<\/p>\n\n\n\n<div style=\"height:10px\" aria-hidden=\"true\" class=\"wp-block-spacer\"><\/div>\n\n\n\n<h3 class=\"wp-block-heading\"><span class=\"ez-toc-section\" id=\"2_Palacio_del_Gran_Maestre\"><\/span>2. Palacio del Gran Maestre <span class=\"ez-toc-section-end\"><\/span><\/h3>\n\n\n<div class=\"wp-block-image\">\n<figure class=\"aligncenter size-full\"><img loading=\"lazy\" decoding=\"async\" width=\"900\" height=\"600\" src=\"https:\/\/viajerosactivos.com\/wp-content\/uploads\/2025\/04\/palacio-mestres-rodas.webp\" alt=\"palacio-mestres-rodas\" class=\"wp-image-31334\" srcset=\"https:\/\/viajerosactivos.com\/wp-content\/uploads\/2025\/04\/palacio-mestres-rodas.webp 900w, https:\/\/viajerosactivos.com\/wp-content\/uploads\/2025\/04\/palacio-mestres-rodas-300x200.webp 300w, https:\/\/viajerosactivos.com\/wp-content\/uploads\/2025\/04\/palacio-mestres-rodas-768x512.webp 768w, https:\/\/viajerosactivos.com\/wp-content\/uploads\/2025\/04\/palacio-mestres-rodas-18x12.webp 18w\" sizes=\"auto, (max-width: 900px) 100vw, 900px\" \/><\/figure>\n<\/div>\n\n\n<p>Este palacio funcion\u00f3 como cuartel general y fortaleza de la Orden de los Caballeros y parece sacado de un decorado de pel\u00edcula. De hecho, aqu\u00ed se filmaron varias escenas de Los ca\u00f1ones de Navarone y es uno de los grandes <strong><a href=\"https:\/\/viajerosactivos.com\/que-ver-en-rodas\/\">imprescindibles de Rodas<\/a><\/strong>.<\/p>\n\n\n<div class=\"wp-block-image\">\n<figure class=\"aligncenter size-full\"><img loading=\"lazy\" decoding=\"async\" width=\"900\" height=\"600\" src=\"https:\/\/viajerosactivos.com\/wp-content\/uploads\/2025\/04\/asiento-palacio-mestres.webp\" alt=\"asiento-palacio-mestres\" class=\"wp-image-31332\" srcset=\"https:\/\/viajerosactivos.com\/wp-content\/uploads\/2025\/04\/asiento-palacio-mestres.webp 900w, https:\/\/viajerosactivos.com\/wp-content\/uploads\/2025\/04\/asiento-palacio-mestres-300x200.webp 300w, https:\/\/viajerosactivos.com\/wp-content\/uploads\/2025\/04\/asiento-palacio-mestres-768x512.webp 768w, https:\/\/viajerosactivos.com\/wp-content\/uploads\/2025\/04\/asiento-palacio-mestres-18x12.webp 18w\" sizes=\"auto, (max-width: 900px) 100vw, 900px\" \/><\/figure>\n<\/div>\n\n\n<p>Se cree que fue construido sobre un antiguo templo al dios del sol, Helios, justo donde quiz\u00e1 estuvo el legendario Coloso de Rodas. El palacio es g\u00f3tico (algo rar\u00edsimo en Grecia) y tiene salas enormes con mosaicos romanos de los siglos II a V a.C. tra\u00eddos desde la isla de Cos, muebles de madera tallada y arcones que dan ganas de abrir para ver si hay un tesoro.<\/p>\n\n\n<div class=\"wp-block-image\">\n<figure class=\"aligncenter size-full\"><img loading=\"lazy\" decoding=\"async\" width=\"800\" height=\"800\" src=\"https:\/\/viajerosactivos.com\/wp-content\/uploads\/2025\/04\/mosaico-palacio-mestres.webp\" alt=\"mosaico-palacio-mestres\" class=\"wp-image-31333\" srcset=\"https:\/\/viajerosactivos.com\/wp-content\/uploads\/2025\/04\/mosaico-palacio-mestres.webp 800w, https:\/\/viajerosactivos.com\/wp-content\/uploads\/2025\/04\/mosaico-palacio-mestres-300x300.webp 300w, https:\/\/viajerosactivos.com\/wp-content\/uploads\/2025\/04\/mosaico-palacio-mestres-640x640.webp 640w, https:\/\/viajerosactivos.com\/wp-content\/uploads\/2025\/04\/mosaico-palacio-mestres-150x150.webp 150w, https:\/\/viajerosactivos.com\/wp-content\/uploads\/2025\/04\/mosaico-palacio-mestres-768x768.webp 768w, https:\/\/viajerosactivos.com\/wp-content\/uploads\/2025\/04\/mosaico-palacio-mestres-12x12.webp 12w\" sizes=\"auto, (max-width: 800px) 100vw, 800px\" \/><figcaption class=\"wp-element-caption\">Mosaico de Medusa<\/figcaption><\/figure>\n<\/div>\n\n\n<p>\ud83d\udd52 <strong>Horario<\/strong>: 8:00 a 20:00 de abril a octubre, el resto del a\u00f1o de 8:30 a 15:30.<br>\ud83d\udcb6 <strong>Entrada<\/strong>: 20 \u20ac <br>\ud83c\udfa7 Puedes comprar la <strong><a class=\"thirstylink\" rel=\"nofollow\" target=\"_blank\" title=\"Entrada Palacio Gran Mestre audiogu\u00eda\" href=\"https:\/\/viajerosactivos.com\/fr\/recomendado\/entrada-palacio-gran-mestre-audioguia\/\" data-shortcode=\"true\">entrada con audiogu\u00eda aqu\u00ed<\/a><\/strong> o <strong><a class=\"thirstylink\" rel=\"nofollow\" target=\"_blank\" title=\"Entrada Palacio Gran Mestre y Lindos\" href=\"https:\/\/viajerosactivos.com\/fr\/recomendado\/entrada-palacio-gran-mestre-y-lindos\/\" data-shortcode=\"true\">esta entrada combinada<\/a><\/strong> que incluye la acr\u00f3polis de Lindos.<\/p>\n\n\n\n<div style=\"height:10px\" aria-hidden=\"true\" class=\"wp-block-spacer\"><\/div>\n\n\n\n<h3 class=\"wp-block-heading\"><span class=\"ez-toc-section\" id=\"3_Calle_de_los_Caballeros\"><\/span>3. Calle de los Caballeros <span class=\"ez-toc-section-end\"><\/span><\/h3>\n\n\n\n<p>Es una de las calles medievales mejor conservadas de Europa. Une el Palacio del Gran Maestre con la iglesia de Nuestra Se\u00f1ora del Castillo. Est\u00e1 empedrada, con faroles antiguos y escudos tallados en piedra. <\/p>\n\n\n<div class=\"wp-block-image\">\n<figure class=\"aligncenter size-large\"><img loading=\"lazy\" decoding=\"async\" width=\"427\" height=\"640\" src=\"https:\/\/viajerosactivos.com\/wp-content\/uploads\/2023\/06\/calle-de-los-caballeros-427x640.jpg\" alt=\"calle-de-los-caballeros\" class=\"wp-image-14535\" srcset=\"https:\/\/viajerosactivos.com\/wp-content\/uploads\/2023\/06\/calle-de-los-caballeros-427x640.jpg 427w, https:\/\/viajerosactivos.com\/wp-content\/uploads\/2023\/06\/calle-de-los-caballeros-200x300.jpg 200w, https:\/\/viajerosactivos.com\/wp-content\/uploads\/2023\/06\/calle-de-los-caballeros.jpg 500w\" sizes=\"auto, (max-width: 427px) 100vw, 427px\" \/><\/figure>\n<\/div>\n\n\n<p>Pasear por aqu\u00ed es como viajar al pasado, por un momento, tienes la sensaci\u00f3n de que en cualquier momento te encontrar\u00e1s con uno de los caballeros.<\/p>\n\n\n<div class=\"wp-block-image\">\n<figure class=\"aligncenter size-full\"><img loading=\"lazy\" decoding=\"async\" width=\"750\" height=\"500\" src=\"https:\/\/viajerosactivos.com\/wp-content\/uploads\/2023\/12\/que-ver-en-rodas-grecia.jpg\" alt=\"que-ver-en-rodas-grecia\" class=\"wp-image-23078\" srcset=\"https:\/\/viajerosactivos.com\/wp-content\/uploads\/2023\/12\/que-ver-en-rodas-grecia.jpg 750w, https:\/\/viajerosactivos.com\/wp-content\/uploads\/2023\/12\/que-ver-en-rodas-grecia-300x200.jpg 300w\" sizes=\"auto, (max-width: 750px) 100vw, 750px\" \/><\/figure>\n<\/div>\n\n\n<div style=\"height:10px\" aria-hidden=\"true\" class=\"wp-block-spacer\"><\/div>\n\n\n\n<h3 class=\"wp-block-heading\"><span class=\"ez-toc-section\" id=\"4_Museo_Arqueologico\"><\/span>4. Museo Arqueol\u00f3gico <span class=\"ez-toc-section-end\"><\/span><\/h3>\n\n\n\n<p>El museo Arqueol\u00f3gico de Rodas es un edificio del siglo XV que en los tiempos de los caballeros funcionaba como hospital.<\/p>\n\n\n\n<p>Las colecciones del museo incluyen objetos tra\u00eddos de excavaciones arqueol\u00f3gicas de la isla, as\u00ed como de otras islas del Dodecaneso, como N\u00edsiros y K\u00e1rpatos.<\/p>\n\n\n<div class=\"wp-block-image\">\n<figure class=\"aligncenter size-large\"><img loading=\"lazy\" decoding=\"async\" width=\"427\" height=\"640\" src=\"https:\/\/viajerosactivos.com\/wp-content\/uploads\/2023\/06\/museo-de-arqueologia-que-ver-en-rodas-427x640.jpg\" alt=\"museo-de-arqueologia---que-ver-en-rodas\" class=\"wp-image-14536\" srcset=\"https:\/\/viajerosactivos.com\/wp-content\/uploads\/2023\/06\/museo-de-arqueologia-que-ver-en-rodas-427x640.jpg 427w, https:\/\/viajerosactivos.com\/wp-content\/uploads\/2023\/06\/museo-de-arqueologia-que-ver-en-rodas-200x300.jpg 200w, https:\/\/viajerosactivos.com\/wp-content\/uploads\/2023\/06\/museo-de-arqueologia-que-ver-en-rodas.jpg 500w\" sizes=\"auto, (max-width: 427px) 100vw, 427px\" \/><\/figure>\n<\/div>\n\n\n<p>Algunas de las piezas que destacan son las esculturas tra\u00eddas de la acr\u00f3polis de C\u00e1miros en Rodas de la \u00e9poca arcaica griega, entre el siglo VIII y VI a.C. y un par de esculturas de Afrodita del per\u00edodo helen\u00edstico.<\/p>\n\n\n\n<p>\ud83d\udd52 <strong>Horario<\/strong>: 9:00 a 17:00  de abril a octubre, el resto del a\u00f1o de 8:30 a 15:30.<br>\ud83d\udcb6 <strong>Entrada<\/strong>: 10 \u20ac <\/p>\n\n\n\n<div style=\"height:10px\" aria-hidden=\"true\" class=\"wp-block-spacer\"><\/div>\n\n\n\n<h3 class=\"wp-block-heading\"><span class=\"ez-toc-section\" id=\"5_Murallas_Foso_y_Puertas\"><\/span>5. Murallas, Foso y Puertas <span class=\"ez-toc-section-end\"><\/span><\/h3>\n\n\n<div class=\"wp-block-image\">\n<figure class=\"aligncenter size-full\"><img loading=\"lazy\" decoding=\"async\" width=\"900\" height=\"511\" src=\"https:\/\/viajerosactivos.com\/wp-content\/uploads\/2023\/06\/puerta-de-atanasio-y-foso-ciudad-medieval-de-rodas1.jpg\" alt=\"puerta-de-atanasio-y-foso-ciudad-medieval-de-rodas1\" class=\"wp-image-14540\" srcset=\"https:\/\/viajerosactivos.com\/wp-content\/uploads\/2023\/06\/puerta-de-atanasio-y-foso-ciudad-medieval-de-rodas1.jpg 900w, https:\/\/viajerosactivos.com\/wp-content\/uploads\/2023\/06\/puerta-de-atanasio-y-foso-ciudad-medieval-de-rodas1-300x170.jpg 300w, https:\/\/viajerosactivos.com\/wp-content\/uploads\/2023\/06\/puerta-de-atanasio-y-foso-ciudad-medieval-de-rodas1-768x436.jpg 768w\" sizes=\"auto, (max-width: 900px) 100vw, 900px\" \/><figcaption class=\"wp-element-caption\">Puerta de Atanasio y foso de la ciudad medieval<\/figcaption><\/figure>\n<\/div>\n\n\n<p>Las murallas tienen casi 4 km de largo y 11 puertas de entrada, cada una con nombres de los Grandes Maestros y de los santos. Algunas partes a\u00fan conservan restos de la antigua muralla bizantina.<\/p>\n\n\n\n<p>Rodas ya estaba amurallada porque era una ciudad rica y la pirater\u00eda en estas zonas del Mediterr\u00e1neo era un problema desde el siglo IX, mucho antes de la llegada de los caballeros.<\/p>\n\n\n<div class=\"wp-block-image\">\n<figure class=\"aligncenter size-full\"><img loading=\"lazy\" decoding=\"async\" width=\"750\" height=\"500\" src=\"https:\/\/viajerosactivos.com\/wp-content\/uploads\/2023\/06\/foso-casco-antiguo-rodas.jpg\" alt=\"foso-casco-antiguo-rodas\" class=\"wp-image-14541\" srcset=\"https:\/\/viajerosactivos.com\/wp-content\/uploads\/2023\/06\/foso-casco-antiguo-rodas.jpg 750w, https:\/\/viajerosactivos.com\/wp-content\/uploads\/2023\/06\/foso-casco-antiguo-rodas-300x200.jpg 300w\" sizes=\"auto, (max-width: 750px) 100vw, 750px\" \/><\/figure>\n<\/div>\n\n\n<p>Puedes recorrer un tramo de 2 km sobre la muralla desde la puerta del Ca\u00f1\u00f3n (1) (junto al palacio) hasta la puerta de San Juan. Tambi\u00e9n puedes pasear por el foso. <\/p>\n\n\n\n<p>En el mapa del final del art\u00edculo he se\u00f1alado en azul todas las puertas y las dos entradas al foso que he encontrado por ahora.<\/p>\n\n\n\n<p>\ud83d\udd52 <strong>Horario de la muralla<\/strong>: lunes a viernes de 12:00 a 15:00<br>\ud83d\udcb6 <strong>Entrada<\/strong>: 3 \u20ac<\/p>\n\n\n<div class=\"wp-block-image\">\n<figure class=\"aligncenter size-full\"><img loading=\"lazy\" decoding=\"async\" width=\"750\" height=\"500\" src=\"https:\/\/viajerosactivos.com\/wp-content\/uploads\/2023\/06\/puerta-de-ambrosio-en-rodas.jpg\" alt=\"puerta-de-ambrosio-en-rodas\" class=\"wp-image-14542\" srcset=\"https:\/\/viajerosactivos.com\/wp-content\/uploads\/2023\/06\/puerta-de-ambrosio-en-rodas.jpg 750w, https:\/\/viajerosactivos.com\/wp-content\/uploads\/2023\/06\/puerta-de-ambrosio-en-rodas-300x200.jpg 300w\" sizes=\"auto, (max-width: 750px) 100vw, 750px\" \/><figcaption class=\"wp-element-caption\">Puerta de Ambrosio<\/figcaption><\/figure>\n<\/div>\n\n\n<h4 class=\"wp-block-heading\">\ud83d\udd39 Algunas puertas que vale la pena ver:<\/h4>\n\n\n\n<ul class=\"wp-block-list\">\n<li><strong>Puerta de Ambrosio <strong>(el Gran Maestro)<\/strong> (3):<\/strong> la m\u00e1s cerca del palacio, con triple sistema defensivo.<\/li>\n\n\n\n<li><strong>Puerta de San Atanasio (4):<\/strong> los locales tambi\u00e9n la conocen como la puerta de San Francisco, porque por su cercan\u00eda a la iglesia cat\u00f3lica de San Francisco de As\u00eds. Fue usada por los otomanos para conquistar la ciudad y permaneci\u00f3 cerrada durante 400 a\u00f1os hasta que los italianos la reabrieron en 1922.<\/li>\n\n\n\n<li><strong>Puerta de San Pablo (11):<\/strong> es una de las puertas m\u00e1s bonitas del casco antiguo y mi preferida, que conecta con el puerto de Mandraki. <\/li>\n<\/ul>\n\n\n<div class=\"wp-block-image\">\n<figure class=\"aligncenter size-large\"><img loading=\"lazy\" decoding=\"async\" width=\"427\" height=\"640\" src=\"https:\/\/viajerosactivos.com\/wp-content\/uploads\/2023\/06\/puerta-de-san-pablo-en-rodas-427x640.jpg\" alt=\"puerta-de-san-pablo-en-rodas\" class=\"wp-image-14543\" srcset=\"https:\/\/viajerosactivos.com\/wp-content\/uploads\/2023\/06\/puerta-de-san-pablo-en-rodas-427x640.jpg 427w, https:\/\/viajerosactivos.com\/wp-content\/uploads\/2023\/06\/puerta-de-san-pablo-en-rodas-200x300.jpg 200w, https:\/\/viajerosactivos.com\/wp-content\/uploads\/2023\/06\/puerta-de-san-pablo-en-rodas.jpg 500w\" sizes=\"auto, (max-width: 427px) 100vw, 427px\" \/><figcaption class=\"wp-element-caption\">Puerta de San Pablo<\/figcaption><\/figure>\n<\/div>\n\n\n<div style=\"height:10px\" aria-hidden=\"true\" class=\"wp-block-spacer\"><\/div>\n\n\n\n\n\n<div style=\"height:10px\" aria-hidden=\"true\" class=\"wp-block-spacer\"><\/div>\n\n\n\n<h3 class=\"wp-block-heading\"><span class=\"ez-toc-section\" id=\"6_Torre_Medieval_del_Reloj\"><\/span>6. Torre Medieval del Reloj<span class=\"ez-toc-section-end\"><\/span><\/h3>\n\n\n\n<p>La Torre del Reloj, o Roloi, es uno de esos rincones curiosos que no te puedes perder en la ciudad medieval de Rodas. Aunque se la llama \u201cmedieval\u201d, lo cierto es que se construy\u00f3 en el siglo XIX, justo encima de una torre bizantina del siglo VII.<\/p>\n\n\n\n<p>La construcci\u00f3n actual es de estilo barroco, con una escalera de madera que lleva hasta la cima. Desde las ventanas tendr\u00e1s unas vistas de 360\u00b0 sobre los tejados del casco antiguo, las murallas y hasta el puerto de Mandraki. No es una torre muy alta, pero la panor\u00e1mica merece la pena.<\/p>\n\n\n<div class=\"wp-block-image\">\n<figure class=\"aligncenter size-large\"><img loading=\"lazy\" decoding=\"async\" width=\"427\" height=\"640\" src=\"https:\/\/viajerosactivos.com\/wp-content\/uploads\/2023\/06\/torre-del-reloj-en-rodas-427x640.jpg\" alt=\"torre-del-reloj-en-rodas\" class=\"wp-image-14545\" srcset=\"https:\/\/viajerosactivos.com\/wp-content\/uploads\/2023\/06\/torre-del-reloj-en-rodas-427x640.jpg 427w, https:\/\/viajerosactivos.com\/wp-content\/uploads\/2023\/06\/torre-del-reloj-en-rodas-200x300.jpg 200w, https:\/\/viajerosactivos.com\/wp-content\/uploads\/2023\/06\/torre-del-reloj-en-rodas.jpg 500w\" sizes=\"auto, (max-width: 427px) 100vw, 427px\" \/><\/figure>\n<\/div>\n\n\n<p>La visita es breve, pero como la entrada incluye una bebida, puedes aprovechar para tomarte un respiro en la terraza al pie de la torre, con un caf\u00e9 o una cervecita bien fresca.<\/p>\n\n\n\n<p>\ud83d\udd52 <strong>Horario<\/strong>: 9:00 a 21:00<br>\ud83d\udcb6 <strong>Entrada<\/strong>: 5 \u20ac <\/p>\n\n\n\n<div style=\"height:10px\" aria-hidden=\"true\" class=\"wp-block-spacer\"><\/div>\n\n\n\n<h3 class=\"wp-block-heading\"><span class=\"ez-toc-section\" id=\"7_Mezquita_de_Soliman\"><\/span>7. Mezquita de Solim\u00e1n<span class=\"ez-toc-section-end\"><\/span><\/h3>\n\n\n\n<p>La mezquita de Solim\u00e1n es la m\u00e1s importante de Rodas, con su minarete blanco bien visible y esa est\u00e9tica otomana tan caracter\u00edstica. Se construy\u00f3 para conmemorar la conquista de la isla por parte del sult\u00e1n Solim\u00e1n el Magn\u00edfico, all\u00e1 por el siglo XVI, justo despu\u00e9s de que los otomanos expulsaran a los Caballeros de San Juan.<\/p>\n\n\n<div class=\"wp-block-image\">\n<figure class=\"aligncenter size-large\"><img loading=\"lazy\" decoding=\"async\" width=\"427\" height=\"640\" src=\"https:\/\/viajerosactivos.com\/wp-content\/uploads\/2023\/06\/mezquita-soliman-427x640.jpg\" alt=\"mezquita-soliman\" class=\"wp-image-14546\" srcset=\"https:\/\/viajerosactivos.com\/wp-content\/uploads\/2023\/06\/mezquita-soliman-427x640.jpg 427w, https:\/\/viajerosactivos.com\/wp-content\/uploads\/2023\/06\/mezquita-soliman-200x300.jpg 200w, https:\/\/viajerosactivos.com\/wp-content\/uploads\/2023\/06\/mezquita-soliman.jpg 500w\" sizes=\"auto, (max-width: 427px) 100vw, 427px\" \/><\/figure>\n<\/div>\n\n\n<p>Como en muchos edificios de la ciudad, se reutilizaron elementos de construcciones anteriores. Por ejemplo, los pilares exteriores con arcos pertenec\u00edan a una antigua iglesia cristiana.<\/p>\n\n\n\n<p>Eso s\u00ed, por desgracia no se puede visitar por dentro. Pero puedes fotografiarla desde varios rincones, especialmente desde la Torre del Reloj, que ofrece unas vistas estupendas de la c\u00fapula y su entorno.<\/p>\n\n\n\n<div style=\"height:10px\" aria-hidden=\"true\" class=\"wp-block-spacer\"><\/div>\n\n\n\n<h3 class=\"wp-block-heading\"><span class=\"ez-toc-section\" id=\"8_Paseo_por_la_calle_Socrates\"><\/span>8. Paseo por la calle S\u00f3crates<span class=\"ez-toc-section-end\"><\/span><\/h3>\n\n\n\n<p>La calle S\u00f3crates (Sokratous) es la arteria comercial del casco antiguo de Rodas. Aqu\u00ed encuentras joyas y zapatos de piel, productos griegos gourmet, recuerdos y espadas medievales. Incluso puedes comprarte una armadura entera, si quieres revivir los d\u00edas de los caballeros. \ud83d\ude04<\/p>\n\n\n<div class=\"wp-block-image\">\n<figure class=\"aligncenter size-full\"><img loading=\"lazy\" decoding=\"async\" width=\"750\" height=\"500\" src=\"https:\/\/viajerosactivos.com\/wp-content\/uploads\/2023\/06\/calle-comercial-rodas.jpg\" alt=\"calle-comercial-rodas\" class=\"wp-image-14547\" srcset=\"https:\/\/viajerosactivos.com\/wp-content\/uploads\/2023\/06\/calle-comercial-rodas.jpg 750w, https:\/\/viajerosactivos.com\/wp-content\/uploads\/2023\/06\/calle-comercial-rodas-300x200.jpg 300w\" sizes=\"auto, (max-width: 750px) 100vw, 750px\" \/><\/figure>\n<\/div>\n\n\n<p>Esta calle peatonal conecta la Mezquita de Solim\u00e1n con la plaza de Hip\u00f3crates, y aunque est\u00e1 muy pensada para el turismo, sigue teniendo su encanto, sobre todo si la recorres por la ma\u00f1ana temprano o al atardecer.<\/p>\n\n\n\n<div style=\"height:10px\" aria-hidden=\"true\" class=\"wp-block-spacer\"><\/div>\n\n\n\n<h3 class=\"wp-block-heading\"><span class=\"ez-toc-section\" id=\"9_Mezquita_Mehmet_Aga\"><\/span>9. Mezquita Mehmet Aga <span class=\"ez-toc-section-end\"><\/span><\/h3>\n\n\n\n<p>En plena calle S\u00f3crates hay un edificio que destaca por su fachada de madera pintada en tonos rosas y amarillos. A m\u00ed me enamor\u00f3 desde que la vi. No hay cartel ni suele aparecer en las gu\u00edas, pero se trata de la Mezquita Mehmet Aga, construida en 1820.<\/p>\n\n\n\n<p>Es una mezquita bastante at\u00edpica: no tiene minarete ni c\u00fapula, sino un tejado de madera con una torrecita. Originalmente, s\u00ed los ten\u00eda, pero quedaron da\u00f1ados durante la Segunda Guerra Mundial y acabaron desmont\u00e1ndolos.<\/p>\n\n\n<div class=\"wp-block-image\">\n<figure class=\"aligncenter size-full\"><img loading=\"lazy\" decoding=\"async\" width=\"750\" height=\"500\" src=\"https:\/\/viajerosactivos.com\/wp-content\/uploads\/2023\/06\/Mezquita-Mehmet-Aga-que-ver-y-hacer-en-rodas.jpg\" alt=\"Mezquita-Mehmet-Aga-que-ver-y-hacer-en-rodas\" class=\"wp-image-14548\" srcset=\"https:\/\/viajerosactivos.com\/wp-content\/uploads\/2023\/06\/Mezquita-Mehmet-Aga-que-ver-y-hacer-en-rodas.jpg 750w, https:\/\/viajerosactivos.com\/wp-content\/uploads\/2023\/06\/Mezquita-Mehmet-Aga-que-ver-y-hacer-en-rodas-300x200.jpg 300w\" sizes=\"auto, (max-width: 750px) 100vw, 750px\" \/><\/figure>\n<\/div>\n\n\n<p>Otra curiosidad es que su fachada no est\u00e1 alineada con la calle, sino orientada hacia La Meca, como dicta la tradici\u00f3n musulmana. Junto a la entrada hay una fuente otomana de 1875, con inscripciones talladas. Serv\u00eda tanto para las abluciones rituales como para beber agua.<\/p>\n\n\n\n<p>Hoy en d\u00eda, la mezquita est\u00e1 cerrada y su planta baja est\u00e1 ocupada por tiendas. Cuesta encontrar informaci\u00f3n sobre ella (ni siquiera aparece en Google Maps con su nombre), pero si te fijas, es uno de los edificios m\u00e1s bonitos de la calle.<\/p>\n\n\n\n<div style=\"height:10px\" aria-hidden=\"true\" class=\"wp-block-spacer\"><\/div>\n\n\n\n<h3 class=\"wp-block-heading\"><span class=\"ez-toc-section\" id=\"10_Plaza_de_Hipocrates\"><\/span>10. Plaza de Hip\u00f3crates <span class=\"ez-toc-section-end\"><\/span><\/h3>\n\n\n\n<p>Al final de la calle S\u00f3crates te espera la plaza de Hip\u00f3crates, el coraz\u00f3n de la antigua ciudad de Rodas. Aqu\u00ed confluyen varias calles comerciales llenas de tiendas, tabernas y bares, as\u00ed que es un punto de encuentro perfecto tanto de d\u00eda como de noche.<\/p>\n\n\n<div class=\"wp-block-image\">\n<figure class=\"aligncenter size-full\"><img loading=\"lazy\" decoding=\"async\" width=\"750\" height=\"500\" src=\"https:\/\/viajerosactivos.com\/wp-content\/uploads\/2023\/06\/plaza-hipocrates-grecia.jpg\" alt=\"plaza-hipocrates-grecia\" class=\"wp-image-14549\" srcset=\"https:\/\/viajerosactivos.com\/wp-content\/uploads\/2023\/06\/plaza-hipocrates-grecia.jpg 750w, https:\/\/viajerosactivos.com\/wp-content\/uploads\/2023\/06\/plaza-hipocrates-grecia-300x200.jpg 300w\" sizes=\"auto, (max-width: 750px) 100vw, 750px\" \/><\/figure>\n<\/div>\n\n\n<p>En el centro hay una fuente ornamental, ideal para selfies con encanto medieval, y uno de los edificios m\u00e1s llamativos es el que fue la antigua Corte de Justicia de los Caballeros Hospitalarios, construido en el siglo XIV. Hoy en d\u00eda alberga una tienda de recuerdos, pero su fachada sigue impresionando.<\/p>\n\n\n\n<div style=\"height:10px\" aria-hidden=\"true\" class=\"wp-block-spacer\"><\/div>\n\n\n\n<h3 class=\"wp-block-heading\"><span class=\"ez-toc-section\" id=\"11_Plaza_de_los_Martires_Judios\"><\/span>11. Plaza de los M\u00e1rtires Jud\u00edos<span class=\"ez-toc-section-end\"><\/span><\/h3>\n\n\n\n<p>Si sigues caminando por la calle Arist\u00f3teles, llegar\u00e1s a la plaza de los M\u00e1rtires Jud\u00edos, una de las que tiene m\u00e1s historia del barrio jud\u00edo. Aqu\u00ed encontrar\u00e1s una placa conmemorativa que recuerda a los m\u00e1s de 1.600 jud\u00edos de Rodas deportados a Auschwitz por los nazis en 1944.<\/p>\n\n\n<div class=\"wp-block-image\">\n<figure class=\"aligncenter size-large\"><img loading=\"lazy\" decoding=\"async\" width=\"427\" height=\"640\" src=\"https:\/\/viajerosactivos.com\/wp-content\/uploads\/2023\/06\/caballitos-de-mar-en-rodas-town-427x640.jpg\" alt=\"caballitos-de-mar-en-rodas-town\" class=\"wp-image-14550\" srcset=\"https:\/\/viajerosactivos.com\/wp-content\/uploads\/2023\/06\/caballitos-de-mar-en-rodas-town-427x640.jpg 427w, https:\/\/viajerosactivos.com\/wp-content\/uploads\/2023\/06\/caballitos-de-mar-en-rodas-town-200x300.jpg 200w, https:\/\/viajerosactivos.com\/wp-content\/uploads\/2023\/06\/caballitos-de-mar-en-rodas-town.jpg 500w\" sizes=\"auto, (max-width: 427px) 100vw, 427px\" \/><\/figure>\n<\/div>\n\n\n<p>Tambi\u00e9n hay una fuente decorativa con caballitos de mar, s\u00edmbolo de la vida marina y la resistencia, que se ha convertido en otro homenaje a esta comunidad. La plaza est\u00e1 rodeada de caf\u00e9s con terrazas bajo la sombra de \u00e1rboles enormes, ideal para una pausa con un caf\u00e9 (o una Mythos bien fresquita).<\/p>\n\n\n\n<div style=\"height:10px\" aria-hidden=\"true\" class=\"wp-block-spacer\"><\/div>\n\n\n\n<h3 class=\"wp-block-heading\"><span class=\"ez-toc-section\" id=\"12_Sinagoga_Kahal_Kadosh_Shalom\"><\/span>12. Sinagoga Kahal Kadosh Shalom<span class=\"ez-toc-section-end\"><\/span><\/h3>\n\n\n\n<p>En pleno barrio jud\u00edo est\u00e1 la sinagoga Kahal Kadosh Shalom, que significa Congregaci\u00f3n de la Santa Paz. Construida en 1577, es la sinagoga m\u00e1s antigua de Grecia que sigue en pie y la \u00fanica activa en Rodas, aunque la comunidad hoy es peque\u00f1\u00edsima.<\/p>\n\n\n<div class=\"wp-block-image\">\n<figure class=\"aligncenter size-large\"><img loading=\"lazy\" decoding=\"async\" width=\"427\" height=\"640\" src=\"https:\/\/viajerosactivos.com\/wp-content\/uploads\/2023\/06\/interior-sinagoga-de-la-cudad-de-rodas-427x640.jpg\" alt=\"interior-sinagoga-de-la-cudad-de-rodas\" class=\"wp-image-14552\" srcset=\"https:\/\/viajerosactivos.com\/wp-content\/uploads\/2023\/06\/interior-sinagoga-de-la-cudad-de-rodas-427x640.jpg 427w, https:\/\/viajerosactivos.com\/wp-content\/uploads\/2023\/06\/interior-sinagoga-de-la-cudad-de-rodas-200x300.jpg 200w, https:\/\/viajerosactivos.com\/wp-content\/uploads\/2023\/06\/interior-sinagoga-de-la-cudad-de-rodas.jpg 500w\" sizes=\"auto, (max-width: 427px) 100vw, 427px\" \/><\/figure>\n<\/div>\n\n\n<p>Durante su \u00e9poca dorada, en los a\u00f1os 30, viv\u00edan en la isla unos 4.000 jud\u00edos sefard\u00edes. Hoy solo quedan unos 35, pero la sinagoga sigue ofreciendo servicios religiosos en ocasiones especiales.<\/p>\n\n\n<div class=\"wp-block-image\">\n<figure class=\"aligncenter size-large\"><img loading=\"lazy\" decoding=\"async\" width=\"480\" height=\"640\" src=\"https:\/\/viajerosactivos.com\/wp-content\/uploads\/2023\/06\/entrada-sinagoga-480x640.jpg\" alt=\"entrada-sinagoga\" class=\"wp-image-14551\" srcset=\"https:\/\/viajerosactivos.com\/wp-content\/uploads\/2023\/06\/entrada-sinagoga-480x640.jpg 480w, https:\/\/viajerosactivos.com\/wp-content\/uploads\/2023\/06\/entrada-sinagoga-225x300.jpg 225w, https:\/\/viajerosactivos.com\/wp-content\/uploads\/2023\/06\/entrada-sinagoga.jpg 563w\" sizes=\"auto, (max-width: 480px) 100vw, 480px\" \/><\/figure>\n<\/div>\n\n\n<p>El edificio es precioso, de estilo sefard\u00ed, con suelos de guijarros blancos y negros como los que ver\u00e1s en otras partes del casco antiguo. En su interior hay un peque\u00f1o museo que conserva objetos valios\u00edsimos, como una Tor\u00e1 del siglo XVI y ropas ceremoniales tra\u00eddas por familias expulsadas de Espa\u00f1a durante la Inquisici\u00f3n.<\/p>\n\n\n\n<p>\ud83d\udd52 <strong>Horario<\/strong>: Lunes a viernes de 10:00 a 15:00<br>\ud83d\udcb6 <strong>Entrada<\/strong>: 6 \u20ac<\/p>\n\n\n\n<div style=\"height:10px\" aria-hidden=\"true\" class=\"wp-block-spacer\"><\/div>\n\n\n\n<h3 class=\"wp-block-heading\"><span class=\"ez-toc-section\" id=\"13_Iglesia_de_la_Virgen_Maria_del_Burgh\"><\/span>13. Iglesia de la Virgen Mar\u00eda del Burgh<span class=\"ez-toc-section-end\"><\/span><\/h3>\n\n\n\n<p>La iglesia de la Virgen Mar\u00eda del Burgo (tambi\u00e9n conocida como Panagia tou Bourgou) fue una de las m\u00e1s grandes construidas por los caballeros en el siglo XIV. Lamentablemente, fue gravemente da\u00f1ada durante los bombardeos de la Segunda Guerra Mundial.<\/p>\n\n\n<div class=\"wp-block-image\">\n<figure class=\"aligncenter size-full\"><img loading=\"lazy\" decoding=\"async\" width=\"750\" height=\"500\" src=\"https:\/\/viajerosactivos.com\/wp-content\/uploads\/2023\/06\/Iglesia-de-la-Virgen-Maria-del-Burgh.jpg\" alt=\"Iglesia-de-la-Virgen-Mar\u00eda-del-Burgh\" class=\"wp-image-14553\" srcset=\"https:\/\/viajerosactivos.com\/wp-content\/uploads\/2023\/06\/Iglesia-de-la-Virgen-Maria-del-Burgh.jpg 750w, https:\/\/viajerosactivos.com\/wp-content\/uploads\/2023\/06\/Iglesia-de-la-Virgen-Maria-del-Burgh-300x200.jpg 300w\" sizes=\"auto, (max-width: 750px) 100vw, 750px\" \/><\/figure>\n<\/div>\n\n\n<p>Hoy solo quedan tres \u00e1bsides g\u00f3ticos en pie, pero aun as\u00ed tiene una atm\u00f3sfera muy especial, casi m\u00e1gica. Es uno de mis lugares preferidos y m\u00e1s fotog\u00e9nicos del casco antiguo, especialmente al atardecer, cuando la luz se cuela entre las ruinas.<\/p>\n\n\n\n<div style=\"height:10px\" aria-hidden=\"true\" class=\"wp-block-spacer\"><\/div>\n\n\n\n\n\n<div style=\"height:10px\" aria-hidden=\"true\" class=\"wp-block-spacer\"><\/div>\n\n\n\n<h2 class=\"wp-block-heading\"><span class=\"ez-toc-section\" id=\"Mandraki_y_Alrededores\"><\/span>Mandraki y Alrededores<span class=\"ez-toc-section-end\"><\/span><\/h2>\n\n\n\n<h3 class=\"wp-block-heading\"><span class=\"ez-toc-section\" id=\"14_Puerto_de_Mandraki\"><\/span>14. Puerto de Mandraki<span class=\"ez-toc-section-end\"><\/span><\/h3>\n\n\n\n<p>El puerto de Mandraki es el m\u00e1s antiguo de Rodas y, en tiempos de los Caballeros de San Juan, funcionaba como puerto militar. Su nombre curioso, Mandraki, significa literalmente \u201cestablo\u201d, porque los barcos entraban bien ordenaditos, como si fueran caballos, para aprovechar al m\u00e1ximo el espacio protegido por el muelle.<\/p>\n\n\n<div class=\"wp-block-image\">\n<figure class=\"aligncenter size-full\"><img loading=\"lazy\" decoding=\"async\" width=\"750\" height=\"500\" src=\"https:\/\/viajerosactivos.com\/wp-content\/uploads\/2023\/06\/tres-molinos-en-mandraki-que-ver-en-rodas.jpg\" alt=\"tres-molinos-en-mandraki-que-ver-en-rodas\" class=\"wp-image-14560\" srcset=\"https:\/\/viajerosactivos.com\/wp-content\/uploads\/2023\/06\/tres-molinos-en-mandraki-que-ver-en-rodas.jpg 750w, https:\/\/viajerosactivos.com\/wp-content\/uploads\/2023\/06\/tres-molinos-en-mandraki-que-ver-en-rodas-300x200.jpg 300w\" sizes=\"auto, (max-width: 750px) 100vw, 750px\" \/><\/figure>\n<\/div>\n\n\n<p>Hoy en d\u00eda es una de las principales marinas de la isla, donde atracan desde veleros modestos hasta yates de lujo. Tambi\u00e9n puedes <strong><a class=\"thirstylink\" rel=\"nofollow\" target=\"_blank\" title=\"Alquiler de barco en Rodas\" href=\"https:\/\/viajerosactivos.com\/fr\/recomendado\/alquiler-de-barco-en-rodas\/\" data-shortcode=\"true\">alquilar un barco<\/a><\/strong>, algunos incluso sin licencia.<\/p>\n\n\n\n<h4 class=\"wp-block-heading\">\ud83d\udd39 En el muelle hay varios sitios interesantes:<\/h4>\n\n\n\n<ol class=\"wp-block-list\">\n<li><strong>Los Molinos de Rodas<\/strong>: Hoy solo quedan tres, pero en \u00e9poca medieval eran trece molinos de viento alineados a lo largo del muelle. Serv\u00edan para moler el grano que llegaba por mar, y siguen siendo muy fotog\u00e9nicos.<\/li>\n\n\n\n<li><strong>Fuerte de San Nicol\u00e1s<\/strong>: Al final del espig\u00f3n ver\u00e1s este fort\u00edn circular que fue clave en la defensa del puerto. Primero hubo una torre y, m\u00e1s tarde, se construy\u00f3 un basti\u00f3n a su alrededor. Lleva el nombre de San Nicol\u00e1s, patr\u00f3n de los marineros.<\/li>\n\n\n\n<li><strong>Estatuas de los Ciervos<\/strong>: A ambos lados de la entrada del puerto ver\u00e1s dos columnas, una con un ciervo y la otra con una cierva. Se cree que marcaban la entrada al puerto en la Antig\u00fcedad. Aunque muchos gu\u00edas dicen que aqu\u00ed se encontraba el Coloso de Rodas, hay otras teor\u00edas que lo sit\u00faan en el Palacio de los Grandes Maestres. Sea como sea, los ciervos son el s\u00edmbolo de la isla y muy fotog\u00e9nicos tambi\u00e9n (spoiler: lo vas a ver en todas partes).<\/li>\n<\/ol>\n\n\n<div class=\"wp-block-image\">\n<figure class=\"aligncenter size-full\"><img loading=\"lazy\" decoding=\"async\" width=\"750\" height=\"500\" src=\"https:\/\/viajerosactivos.com\/wp-content\/uploads\/2023\/06\/ciervo-en-madraki.jpg\" alt=\"ciervo-en-madraki\" class=\"wp-image-14557\" srcset=\"https:\/\/viajerosactivos.com\/wp-content\/uploads\/2023\/06\/ciervo-en-madraki.jpg 750w, https:\/\/viajerosactivos.com\/wp-content\/uploads\/2023\/06\/ciervo-en-madraki-300x200.jpg 300w\" sizes=\"auto, (max-width: 750px) 100vw, 750px\" \/><\/figure>\n<\/div>\n\n\n<h4 class=\"wp-block-heading\">\ud83d\udd39 \u00bfY el Coloso de Rodas?<\/h4>\n\n\n\n<p>Fue una de las Siete Maravillas del mundo antiguo. Era una gigantesca estatua de Helios, dios del sol, med\u00eda unos 32 metros de altura y se alzaba sobre un pedestal de m\u00e1rmol de 15 metros. Vamos, una se\u00f1ora estatua.<\/p>\n\n\n\n<p>Se construy\u00f3 en el a\u00f1o 292 a.C., pero dur\u00f3 solo 66 a\u00f1os: qued\u00f3 destruido por completo en un terremoto en el 226 a.C. Aunque no se sabe con certeza d\u00f3nde estaba exactamente, su leyenda sigue viva. <\/p>\n\n\n\n<p class=\"caja-borde\">\ud83d\udc31 <strong>Para amantes de los gatos<\/strong>: Entre los molinos y el fuerte de San Nicol\u00e1s hay una colonia de gatos callejeros. Suele haber un se\u00f1or muy simp\u00e1tico que los cuida y alimenta. Si te gustan los gatos y te apetece contribuir, puedes hacer una peque\u00f1a donaci\u00f3n. Seg\u00fan me cont\u00f3, \u00e9l cuida de esta colonia y m\u00e1s de 100 gatos en la isla.<\/p>\n\n\n\n<div style=\"height:10px\" aria-hidden=\"true\" class=\"wp-block-spacer\"><\/div>\n\n\n\n<h3 class=\"wp-block-heading\"><span class=\"ez-toc-section\" id=\"15_Nueva_Agora\"><\/span>15. Nueva \u00c1gora<span class=\"ez-toc-section-end\"><\/span><\/h3>\n\n\n\n<p>La nueva \u00c1gora (o \u201cnuevo mercado\u201d) se encuentra en la parte moderna de la ciudad, entre el casco antiguo y el puerto de Mandraki. Fue construida por los italianos en los a\u00f1os 20, durante su ocupaci\u00f3n, y el edificio mezcla estilos mediterr\u00e1neos con toques orientales, coronado por una c\u00fapula central muy fotog\u00e9nica.<\/p>\n\n\n<div class=\"wp-block-image\">\n<figure class=\"aligncenter size-large\"><img loading=\"lazy\" decoding=\"async\" width=\"427\" height=\"640\" src=\"https:\/\/viajerosactivos.com\/wp-content\/uploads\/2023\/06\/nuevo-agora-en-rodas-427x640.jpg\" alt=\"nuevo-agora-en-rodas\" class=\"wp-image-14555\" srcset=\"https:\/\/viajerosactivos.com\/wp-content\/uploads\/2023\/06\/nuevo-agora-en-rodas-427x640.jpg 427w, https:\/\/viajerosactivos.com\/wp-content\/uploads\/2023\/06\/nuevo-agora-en-rodas-200x300.jpg 200w, https:\/\/viajerosactivos.com\/wp-content\/uploads\/2023\/06\/nuevo-agora-en-rodas.jpg 500w\" sizes=\"auto, (max-width: 427px) 100vw, 427px\" \/><\/figure>\n<\/div>\n\n\n<p>En su interior se encontraba antiguamente la lonja de pescado, pero hoy alberga tiendas de ropa, souvenirs y varios restaurantes. Es un buen sitio para curiosear un rato o sentarte a tomar algo a la sombra. Y si est\u00e1s de compras, seguro encuentras alg\u00fan regalito.<\/p>\n\n\n<div class=\"wp-block-image\">\n<figure class=\"aligncenter size-full\"><img loading=\"lazy\" decoding=\"async\" width=\"750\" height=\"500\" src=\"https:\/\/viajerosactivos.com\/wp-content\/uploads\/2023\/06\/llonja-de-pescado-en-el-agora-de-rodas.jpg\" alt=\"lonja-de-pescado-en-el-agora-de-rodas\" class=\"wp-image-14554\" srcset=\"https:\/\/viajerosactivos.com\/wp-content\/uploads\/2023\/06\/llonja-de-pescado-en-el-agora-de-rodas.jpg 750w, https:\/\/viajerosactivos.com\/wp-content\/uploads\/2023\/06\/llonja-de-pescado-en-el-agora-de-rodas-300x200.jpg 300w\" sizes=\"auto, (max-width: 750px) 100vw, 750px\" \/><figcaption class=\"wp-element-caption\">Antigua lonja de pescado<\/figcaption><\/figure>\n<\/div>\n\n\n<div style=\"height:10px\" aria-hidden=\"true\" class=\"wp-block-spacer\"><\/div>\n\n\n\n<h3 class=\"wp-block-heading\"><span class=\"ez-toc-section\" id=\"16_Prefectura_del_Dodecaneso\"><\/span>16. Prefectura del Dodecaneso<span class=\"ez-toc-section-end\"><\/span><\/h3>\n\n\n\n<p>Justo frente al puerto de Mandraki se alza este edificio imponente que parece sacado de una peli de Venecia\u2026 y no es casualidad. Fue construido por los italianos en los a\u00f1os 20 como residencia del gobernador durante su ocupaci\u00f3n, y est\u00e1 claramente inspirado en el Palacio Ducal de Venecia. <\/p>\n\n\n<div class=\"wp-block-image\">\n<figure class=\"aligncenter size-full\"><img loading=\"lazy\" decoding=\"async\" width=\"900\" height=\"600\" src=\"https:\/\/viajerosactivos.com\/wp-content\/uploads\/2025\/04\/Prefectura-del-Dodecaneso-Rodas.webp\" alt=\"Prefectura-del-Dodecaneso-Rodas\" class=\"wp-image-31284\" srcset=\"https:\/\/viajerosactivos.com\/wp-content\/uploads\/2025\/04\/Prefectura-del-Dodecaneso-Rodas.webp 900w, https:\/\/viajerosactivos.com\/wp-content\/uploads\/2025\/04\/Prefectura-del-Dodecaneso-Rodas-300x200.webp 300w, https:\/\/viajerosactivos.com\/wp-content\/uploads\/2025\/04\/Prefectura-del-Dodecaneso-Rodas-768x512.webp 768w, https:\/\/viajerosactivos.com\/wp-content\/uploads\/2025\/04\/Prefectura-del-Dodecaneso-Rodas-18x12.webp 18w\" sizes=\"auto, (max-width: 900px) 100vw, 900px\" \/><\/figure>\n<\/div>\n\n\n<p>Hoy es la sede de la administraci\u00f3n local, pero lo m\u00e1s llamativo es su arquitectura: arcos elegantes, columnas y detalles decorativos que merecen al menos una parada fotogr\u00e1fica. No se puede visitar por dentro (a menos que te presentes a unas oposiciones), pero por fuera impone bastante.<\/p>\n\n\n\n<div style=\"height:10px\" aria-hidden=\"true\" class=\"wp-block-spacer\"><\/div>\n\n\n\n<h3 class=\"wp-block-heading\"><span class=\"ez-toc-section\" id=\"17_Iglesia_de_la_Anunciacion\"><\/span>17. Iglesia de la Anunciaci\u00f3n<span class=\"ez-toc-section-end\"><\/span><\/h3>\n\n\n<div class=\"wp-block-image\">\n<figure class=\"aligncenter size-full\"><img loading=\"lazy\" decoding=\"async\" width=\"900\" height=\"600\" src=\"https:\/\/viajerosactivos.com\/wp-content\/uploads\/2025\/04\/Iglesia-de-la-Anunciacion-y-fontana-grande.webp\" alt=\"Iglesia-de-la-Anunciaci\u00f3n-y-fontana-grande\" class=\"wp-image-31283\" srcset=\"https:\/\/viajerosactivos.com\/wp-content\/uploads\/2025\/04\/Iglesia-de-la-Anunciacion-y-fontana-grande.webp 900w, https:\/\/viajerosactivos.com\/wp-content\/uploads\/2025\/04\/Iglesia-de-la-Anunciacion-y-fontana-grande-300x200.webp 300w, https:\/\/viajerosactivos.com\/wp-content\/uploads\/2025\/04\/Iglesia-de-la-Anunciacion-y-fontana-grande-768x512.webp 768w, https:\/\/viajerosactivos.com\/wp-content\/uploads\/2025\/04\/Iglesia-de-la-Anunciacion-y-fontana-grande-18x12.webp 18w\" sizes=\"auto, (max-width: 900px) 100vw, 900px\" \/><\/figure>\n<\/div>\n\n\n<p>Esta iglesia ortodoxa parece sacada de un cuento. Fue construida tambi\u00e9n por los italianos durante su ocupaci\u00f3n, aunque hoy en d\u00eda es la catedral ortodoxa de Rodas.<\/p>\n\n\n\n<p>Lo que m\u00e1s llama la atenci\u00f3n es su torre campanario y los frescos del interior. Si la encuentras abierta, no dudes en entrar: es peque\u00f1ita, pero muy bonita por dentro, con techos pintados y ese ambiente tranquilo que invita a bajar el ritmo.<\/p>\n\n\n<div class=\"wp-block-image\">\n<figure class=\"aligncenter size-large\"><img loading=\"lazy\" decoding=\"async\" width=\"427\" height=\"640\" src=\"https:\/\/viajerosactivos.com\/wp-content\/uploads\/2025\/04\/Iglesia-de-la-Anunciacion-Rodas-427x640.webp\" alt=\"Iglesia-de-la-Anunciaci\u00f3n-Rodas\" class=\"wp-image-31282\" srcset=\"https:\/\/viajerosactivos.com\/wp-content\/uploads\/2025\/04\/Iglesia-de-la-Anunciacion-Rodas-427x640.webp 427w, https:\/\/viajerosactivos.com\/wp-content\/uploads\/2025\/04\/Iglesia-de-la-Anunciacion-Rodas-200x300.webp 200w, https:\/\/viajerosactivos.com\/wp-content\/uploads\/2025\/04\/Iglesia-de-la-Anunciacion-Rodas-8x12.webp 8w, https:\/\/viajerosactivos.com\/wp-content\/uploads\/2025\/04\/Iglesia-de-la-Anunciacion-Rodas.webp 600w\" sizes=\"auto, (max-width: 427px) 100vw, 427px\" \/><\/figure>\n<\/div>\n\n\n<p>Si pasas por ah\u00ed durante una boda o alguna celebraci\u00f3n, puede que te cruces con una escena bien pintoresca. Y no te pierdas el patio lateral, saliendo por la derecha de la iglesia, donde est\u00e1 el campanario y una fuente muy fotog\u00e9nica.<\/p>\n\n\n\n<p>Justo delante de la iglesia ver\u00e1s una fuente bastante vistosa: la Fontana Grande, que le da un toque pintoresco a la plaza.<\/p>\n\n\n\n<div style=\"height:10px\" aria-hidden=\"true\" class=\"wp-block-spacer\"><\/div>\n\n\n\n<h3 class=\"wp-block-heading\"><span class=\"ez-toc-section\" id=\"18_Ronda\"><\/span>18. Ronda <span class=\"ez-toc-section-end\"><\/span><\/h3>\n\n\n\n<p>Al final del paseo de Mandraki, justo donde empieza la playa de Elli, ver\u00e1s un edificio blanco circular que llama bastante la atenci\u00f3n. Tiene un aire retro total y por supuesto fue construido por los italianos en los a\u00f1os 30 como parte de su plan urban\u00edstico para modernizar Rodas. En su d\u00eda alberg\u00f3 unos ba\u00f1os p\u00fablicos y a\u00fan hoy mantiene ese estilo elegante y mediterr\u00e1neo.<\/p>\n\n\n<div class=\"wp-block-image\">\n<figure class=\"aligncenter size-full\"><img loading=\"lazy\" decoding=\"async\" width=\"900\" height=\"600\" src=\"https:\/\/viajerosactivos.com\/wp-content\/uploads\/2025\/04\/edificio-ronda-en-rodas.webp\" alt=\"edificio-ronda-en-rodas\" class=\"wp-image-31281\" srcset=\"https:\/\/viajerosactivos.com\/wp-content\/uploads\/2025\/04\/edificio-ronda-en-rodas.webp 900w, https:\/\/viajerosactivos.com\/wp-content\/uploads\/2025\/04\/edificio-ronda-en-rodas-300x200.webp 300w, https:\/\/viajerosactivos.com\/wp-content\/uploads\/2025\/04\/edificio-ronda-en-rodas-768x512.webp 768w, https:\/\/viajerosactivos.com\/wp-content\/uploads\/2025\/04\/edificio-ronda-en-rodas-18x12.webp 18w\" sizes=\"auto, (max-width: 900px) 100vw, 900px\" \/><\/figure>\n<\/div>\n\n\n<p>Actualmente es sede de dos locales muy populares: el Elli Nightclub, ideal si te apetece salir ir a bailar a una discoteca con vistas al mar, y el Ronda, un restaurante y beach club, perfecto para un d\u00eda de relax playero. Durante el d\u00eda tiene ambiente de chiringuito chic, y por la noche se transforma en uno de los rincones m\u00e1s animados de la zona.<\/p>\n\n\n\n<p>Aunque no vayas a pedirte un c\u00f3ctel, vale la pena acercarse a curiosear este edificio. Es de esos sitios que combinan historia, arquitectura y buen rollo.<\/p>\n\n\n\n<div style=\"height:10px\" aria-hidden=\"true\" class=\"wp-block-spacer\"><\/div>\n\n\n\n<h2 class=\"wp-block-heading\"><span class=\"ez-toc-section\" id=\"Mejores_Tours_por_la_ciudad_de_Rodas\"><\/span>Mejores Tours por la ciudad de Rodas<span class=\"ez-toc-section-end\"><\/span><\/h2>\n\n\n\n<ul class=\"wp-block-list\">\n<li><strong>Tour a pie<\/strong>: Para conocer bien los rincones y la historia de la ciudad medieval, te recomiendo <strong><a class=\"thirstylink\" rel=\"nofollow\" target=\"_blank\" title=\"Tour a pie Rodas\" href=\"https:\/\/viajerosactivos.com\/fr\/recomendado\/tour-a-pie-rodas\/\" data-shortcode=\"true\">este tour<\/a><\/strong>. Es el que hice cuando vinieron unos familiares a visitarme y fue todo un acierto: muy completo, interesante y ameno.<\/li>\n\n\n\n<li><strong>Tour en bicicleta el\u00e9ctrica<\/strong>: <strong><a class=\"thirstylink\" rel=\"nofollow\" target=\"_blank\" title=\"Tour Rodas en bici el\u00e9ctrica\" href=\"https:\/\/viajerosactivos.com\/fr\/recomendado\/tour-rodas-en-bici-electrica\/\" data-shortcode=\"true\">Este tour<\/a><\/strong> es ideal si quieres ver lo imprescindible sin acabar agotado. Recorrer\u00e1s la ciudad medieval y otras zonas clave sin esfuerzo, \u00a1y con brisa en la cara!<\/li>\n\n\n\n<li><strong>Bus tur\u00edstico<\/strong>: Si te apetece algo m\u00e1s relajado, <strong><a class=\"thirstylink\" rel=\"nofollow\" target=\"_blank\" title=\"Bus tur\u00edstico Rodas\" href=\"https:\/\/viajerosactivos.com\/fr\/recomendado\/bus-turistico-rodas\/\" data-shortcode=\"true\">este autob\u00fas tur\u00edstico<\/a><\/strong> es una opci\u00f3n econ\u00f3mica para recorrer Rodas sin complicaciones. <\/li>\n\n\n\n<li><strong>Tour para cruceros<\/strong>: \u00bfSolo tienes un d\u00eda en la isla? <strong><a class=\"thirstylink\" rel=\"nofollow\" target=\"_blank\" title=\"Tour cruceros Rodas\" href=\"https:\/\/viajerosactivos.com\/fr\/recomendado\/tour-cruceros-rodas\/\" data-shortcode=\"true\">Este tour expr\u00e9s<\/a><\/strong> en espa\u00f1ol est\u00e1 pensado para aprovechar el tiempo al m\u00e1ximo. Incluye la ciudad medieval y la impresionante acr\u00f3polis de Lindos. Perfecto si vienes en crucero o vas con el reloj en mano.<\/li>\n<\/ul>\n\n\n\n<div style=\"height:10px\" aria-hidden=\"true\" class=\"wp-block-spacer\"><\/div>\n\n\n\n<h2 class=\"wp-block-heading\"><span class=\"ez-toc-section\" id=\"Mapa\"><\/span>Mapa <span class=\"ez-toc-section-end\"><\/span><\/h2>\n\n\n\n<iframe loading=\"lazy\" src=\"https:\/\/www.google.com\/maps\/d\/embed?mid=1uscc5UwPl0cwtrZGUel8RQV7SY4rUbI&#038;hl=es&#038;ehbc=2E312F\" width=\"900\" height=\"500\"><\/iframe>\n\n\n\n<div style=\"height:10px\" aria-hidden=\"true\" class=\"wp-block-spacer\"><\/div>\n\n\n\n\n\n<div style=\"height:10px\" aria-hidden=\"true\" class=\"wp-block-spacer\"><\/div>\n\n\n\n<h2 class=\"wp-block-heading\"><span class=\"ez-toc-section\" id=\"Pensamientos_finales\"><\/span>Pensamientos finales<span class=\"ez-toc-section-end\"><\/span><\/h2>\n\n\n\n<p>Estas son las mejores cosas que ver en la ciudad medieval de Rodas y Mandraki, lugares llenos de historia y mucho encanto para recorrer con tranquilidad.<\/p>\n\n\n\n<p>Si tienes alguna duda, d\u00e9jame un comentario abajo y te ayudar\u00e9 en lo que pueda. Si te ha parecido \u00fatil el art\u00edculo, <strong>comp\u00e1rtelo con otros viajeros<\/strong>. \u00a1Buen viaje! \ud83d\ude18<\/p>\n\n\n\n<div style=\"height:10px\" aria-hidden=\"true\" class=\"wp-block-spacer\"><\/div>\n\n\n\n<h4 class=\"wp-block-heading\"><strong>M\u00e1s sobre Rodas<\/strong><\/h4>\n\n\n<style>.kb-posts-id-31099_e22d9b-aa .entry.loop-entry .entry-header .entry-title{font-size:20px;line-height:25px;}.kb-posts-id-31099_e22d9b-aa .kb-post-list-item{display:grid;}@media all and (max-width: 1024px){.kb-posts-id-31099_e22d9b-aa .entry.loop-entry .entry-header .entry-title{font-size:20px;line-height:25px;}}@media all and (max-width: 767px){.kb-posts-id-31099_e22d9b-aa .entry.loop-entry .entry-header .entry-title{font-size:20px;line-height:25px;}}<\/style><ul class=\"wp-block-kadence-posts kb-posts kadence-posts-list kb-posts-id-31099_e22d9b-aa content-wrap grid-cols kb-posts-style-boxed grid-sm-col-3 grid-lg-col-3 item-image-style-above\"><li class=\"kb-post-list-item\">\n\t<article class=\"entry content-bg loop-entry post-31367 post type-post status-publish format-standard has-post-thumbnail hentry category-grecia tag-rodas tag-viajar-a-las-islas-griegas no-featured-image-padding\">\n\t\t\t\t<a aria-hidden=\"true\" tabindex=\"-1\" role=\"presentation\" class=\"post-thumbnail kadence-thumbnail-ratio-2-3\" href=\"https:\/\/viajerosactivos.com\/fr\/como-moverse-por-rodas\/\" aria-label=\"C\u00f3mo moverse por Rodas: todas las alternativas\">\n\t\t\t<div class=\"post-thumbnail-inner\">\n\t\t\t\t<img loading=\"lazy\" decoding=\"async\" width=\"768\" height=\"512\" src=\"https:\/\/viajerosactivos.com\/wp-content\/uploads\/2025\/04\/Iglesia-de-la-Anunciacion-y-fontana-grande-768x512.webp\" class=\"attachment-medium_large size-medium_large wp-post-image\" alt=\"Iglesia-de-la-Anunciaci\u00f3n-y-fontana-grande\" srcset=\"https:\/\/viajerosactivos.com\/wp-content\/uploads\/2025\/04\/Iglesia-de-la-Anunciacion-y-fontana-grande-768x512.webp 768w, https:\/\/viajerosactivos.com\/wp-content\/uploads\/2025\/04\/Iglesia-de-la-Anunciacion-y-fontana-grande-300x200.webp 300w, https:\/\/viajerosactivos.com\/wp-content\/uploads\/2025\/04\/Iglesia-de-la-Anunciacion-y-fontana-grande-18x12.webp 18w, https:\/\/viajerosactivos.com\/wp-content\/uploads\/2025\/04\/Iglesia-de-la-Anunciacion-y-fontana-grande.webp 900w\" sizes=\"auto, (max-width: 768px) 100vw, 768px\" \/>\t\t\t<\/div>\n\t\t<\/a><!-- .post-thumbnail -->\n\t\t\t\t<div class=\"entry-content-wrap\">\n\t\t\t<header class=\"entry-header\">\n\t<h5 class=\"entry-title\"><a href=\"https:\/\/viajerosactivos.com\/fr\/como-moverse-por-rodas\/\" rel=\"bookmark\">C\u00f3mo moverse por Rodas: todas las alternativas<\/a><\/h5><\/header><!-- .entry-header -->\n<footer class=\"entry-footer\">\n\t<\/footer><!-- .entry-footer -->\t\t<\/div>\n\t<\/article>\n<\/li>\n<li class=\"kb-post-list-item\">\n\t<article class=\"entry content-bg loop-entry post-31347 post type-post status-publish format-standard has-post-thumbnail hentry category-grecia tag-rodas tag-viajar-a-las-islas-griegas no-featured-image-padding resize-featured-image\">\n\t\t\t\t<a aria-hidden=\"true\" tabindex=\"-1\" role=\"presentation\" class=\"post-thumbnail kadence-thumbnail-ratio-2-3\" href=\"https:\/\/viajerosactivos.com\/fr\/aeropuerto-de-rodas-a-la-ciudad\/\" aria-label=\"C\u00f3mo ir del aeropuerto de Rodas a la ciudad y otras zonas\">\n\t\t\t<div class=\"post-thumbnail-inner\">\n\t\t\t\t<img loading=\"lazy\" decoding=\"async\" width=\"750\" height=\"500\" src=\"https:\/\/viajerosactivos.com\/wp-content\/uploads\/2023\/06\/tres-molinos-en-mandraki-que-ver-en-rodas.jpg\" class=\"attachment-medium_large size-medium_large wp-post-image\" alt=\"tres-molinos-en-mandraki-que-ver-en-rodas\" srcset=\"https:\/\/viajerosactivos.com\/wp-content\/uploads\/2023\/06\/tres-molinos-en-mandraki-que-ver-en-rodas.jpg 750w, https:\/\/viajerosactivos.com\/wp-content\/uploads\/2023\/06\/tres-molinos-en-mandraki-que-ver-en-rodas-300x200.jpg 300w\" sizes=\"auto, (max-width: 750px) 100vw, 750px\" \/>\t\t\t<\/div>\n\t\t<\/a><!-- .post-thumbnail -->\n\t\t\t\t<div class=\"entry-content-wrap\">\n\t\t\t<header class=\"entry-header\">\n\t<h5 class=\"entry-title\"><a href=\"https:\/\/viajerosactivos.com\/fr\/aeropuerto-de-rodas-a-la-ciudad\/\" rel=\"bookmark\">C\u00f3mo ir del aeropuerto de Rodas a la ciudad y otras zonas<\/a><\/h5><\/header><!-- .entry-header -->\n<footer class=\"entry-footer\">\n\t<\/footer><!-- .entry-footer -->\t\t<\/div>\n\t<\/article>\n<\/li>\n<li class=\"kb-post-list-item\">\n\t<article class=\"entry content-bg loop-entry post-31397 post type-post status-publish format-standard has-post-thumbnail hentry category-grecia tag-rodas tag-viajar-a-las-islas-griegas no-featured-image-padding resize-featured-image\">\n\t\t\t\t<a aria-hidden=\"true\" tabindex=\"-1\" role=\"presentation\" class=\"post-thumbnail kadence-thumbnail-ratio-2-3\" href=\"https:\/\/viajerosactivos.com\/fr\/donde-alojarse-en-rodas\/\" aria-label=\"D\u00f3nde Alojarse en Rodas: Mejores Zonas y Hoteles\">\n\t\t\t<div class=\"post-thumbnail-inner\">\n\t\t\t\t<img loading=\"lazy\" decoding=\"async\" width=\"750\" height=\"500\" src=\"https:\/\/viajerosactivos.com\/wp-content\/uploads\/2023\/07\/manantiales-kalithea-en-rodas.jpg\" class=\"attachment-medium_large size-medium_large wp-post-image\" alt=\"manantiales-kalithea-en-rodas\" srcset=\"https:\/\/viajerosactivos.com\/wp-content\/uploads\/2023\/07\/manantiales-kalithea-en-rodas.jpg 750w, https:\/\/viajerosactivos.com\/wp-content\/uploads\/2023\/07\/manantiales-kalithea-en-rodas-300x200.jpg 300w\" sizes=\"auto, (max-width: 750px) 100vw, 750px\" \/>\t\t\t<\/div>\n\t\t<\/a><!-- .post-thumbnail -->\n\t\t\t\t<div class=\"entry-content-wrap\">\n\t\t\t<header class=\"entry-header\">\n\t<h5 class=\"entry-title\"><a href=\"https:\/\/viajerosactivos.com\/fr\/donde-alojarse-en-rodas\/\" rel=\"bookmark\">D\u00f3nde Alojarse en Rodas: Mejores Zonas y Hoteles<\/a><\/h5><\/header><!-- .entry-header -->\n<footer class=\"entry-footer\">\n\t<\/footer><!-- .entry-footer -->\t\t<\/div>\n\t<\/article>\n<\/li>\n<li class=\"kb-post-list-item\">\n\t<article class=\"entry content-bg loop-entry post-31523 post type-post status-publish format-standard has-post-thumbnail hentry category-grecia tag-rodas tag-viajar-a-las-islas-griegas no-featured-image-padding resize-featured-image\">\n\t\t\t\t<a aria-hidden=\"true\" tabindex=\"-1\" role=\"presentation\" class=\"post-thumbnail kadence-thumbnail-ratio-2-3\" href=\"https:\/\/viajerosactivos.com\/fr\/hoteles-todo-incluido-en-rodas\/\" aria-label=\"Top 9 Hoteles Todo Incluido en Rodas con Parque Acu\u00e1tico\">\n\t\t\t<div class=\"post-thumbnail-inner\">\n\t\t\t\t<img loading=\"lazy\" decoding=\"async\" width=\"768\" height=\"506\" src=\"https:\/\/viajerosactivos.com\/wp-content\/uploads\/2025\/05\/blue-bay-aquapark--768x506.webp\" class=\"attachment-medium_large size-medium_large wp-post-image\" alt=\"blue bay aquapark-\" srcset=\"https:\/\/viajerosactivos.com\/wp-content\/uploads\/2025\/05\/blue-bay-aquapark--768x506.webp 768w, https:\/\/viajerosactivos.com\/wp-content\/uploads\/2025\/05\/blue-bay-aquapark--300x198.webp 300w, https:\/\/viajerosactivos.com\/wp-content\/uploads\/2025\/05\/blue-bay-aquapark--18x12.webp 18w, https:\/\/viajerosactivos.com\/wp-content\/uploads\/2025\/05\/blue-bay-aquapark-.webp 900w\" sizes=\"auto, (max-width: 768px) 100vw, 768px\" \/>\t\t\t<\/div>\n\t\t<\/a><!-- .post-thumbnail -->\n\t\t\t\t<div class=\"entry-content-wrap\">\n\t\t\t<header class=\"entry-header\">\n\t<h5 class=\"entry-title\"><a href=\"https:\/\/viajerosactivos.com\/fr\/hoteles-todo-incluido-en-rodas\/\" rel=\"bookmark\">Top 9 Hoteles Todo Incluido en Rodas con Parque Acu\u00e1tico<\/a><\/h5><\/header><!-- .entry-header -->\n<footer class=\"entry-footer\">\n\t<\/footer><!-- .entry-footer -->\t\t<\/div>\n\t<\/article>\n<\/li>\n<li class=\"kb-post-list-item\">\n\t<article class=\"entry content-bg loop-entry post-32396 post type-post status-publish format-standard has-post-thumbnail hentry category-grecia tag-rodas tag-viajar-a-las-islas-griegas no-featured-image-padding resize-featured-image\">\n\t\t\t\t<a aria-hidden=\"true\" tabindex=\"-1\" role=\"presentation\" class=\"post-thumbnail kadence-thumbnail-ratio-2-3\" href=\"https:\/\/viajerosactivos.com\/fr\/rodas-a-marmaris\/\" aria-label=\"C\u00f3mo ir de Rodas a Marmaris: r\u00e1pido y f\u00e1cil\">\n\t\t\t<div class=\"post-thumbnail-inner\">\n\t\t\t\t<img loading=\"lazy\" decoding=\"async\" width=\"750\" height=\"750\" src=\"https:\/\/viajerosactivos.com\/wp-content\/uploads\/2023\/07\/ataturk-en-marmaris.jpg\" class=\"attachment-medium_large size-medium_large wp-post-image\" alt=\"ataturk-en-marmaris\" srcset=\"https:\/\/viajerosactivos.com\/wp-content\/uploads\/2023\/07\/ataturk-en-marmaris.jpg 750w, https:\/\/viajerosactivos.com\/wp-content\/uploads\/2023\/07\/ataturk-en-marmaris-300x300.jpg 300w, https:\/\/viajerosactivos.com\/wp-content\/uploads\/2023\/07\/ataturk-en-marmaris-640x640.jpg 640w, https:\/\/viajerosactivos.com\/wp-content\/uploads\/2023\/07\/ataturk-en-marmaris-150x150.jpg 150w\" sizes=\"auto, (max-width: 750px) 100vw, 750px\" \/>\t\t\t<\/div>\n\t\t<\/a><!-- .post-thumbnail -->\n\t\t\t\t<div class=\"entry-content-wrap\">\n\t\t\t<header class=\"entry-header\">\n\t<h5 class=\"entry-title\"><a href=\"https:\/\/viajerosactivos.com\/fr\/rodas-a-marmaris\/\" rel=\"bookmark\">C\u00f3mo ir de Rodas a Marmaris: r\u00e1pido y f\u00e1cil<\/a><\/h5><\/header><!-- .entry-header -->\n<footer class=\"entry-footer\">\n\t<\/footer><!-- .entry-footer -->\t\t<\/div>\n\t<\/article>\n<\/li>\n<li class=\"kb-post-list-item\">\n\t<article class=\"entry content-bg loop-entry post-31935 post type-post status-publish format-standard has-post-thumbnail hentry category-grecia tag-rodas tag-viajar-a-las-islas-griegas no-featured-image-padding\">\n\t\t\t\t<a aria-hidden=\"true\" tabindex=\"-1\" role=\"presentation\" class=\"post-thumbnail kadence-thumbnail-ratio-2-3\" href=\"https:\/\/viajerosactivos.com\/fr\/mejores-playas-de-rodas\/\" aria-label=\"15 Mejores Playas de Rodas: para todos los gustos\">\n\t\t\t<div class=\"post-thumbnail-inner\">\n\t\t\t\t<img loading=\"lazy\" decoding=\"async\" width=\"768\" height=\"512\" src=\"https:\/\/viajerosactivos.com\/wp-content\/uploads\/2025\/06\/playa-elli-rodas-768x512.webp\" class=\"attachment-medium_large size-medium_large wp-post-image\" alt=\"playa-elli-rodas\" srcset=\"https:\/\/viajerosactivos.com\/wp-content\/uploads\/2025\/06\/playa-elli-rodas-768x512.webp 768w, https:\/\/viajerosactivos.com\/wp-content\/uploads\/2025\/06\/playa-elli-rodas-300x200.webp 300w, https:\/\/viajerosactivos.com\/wp-content\/uploads\/2025\/06\/playa-elli-rodas-18x12.webp 18w, https:\/\/viajerosactivos.com\/wp-content\/uploads\/2025\/06\/playa-elli-rodas.webp 900w\" sizes=\"auto, (max-width: 768px) 100vw, 768px\" \/>\t\t\t<\/div>\n\t\t<\/a><!-- .post-thumbnail -->\n\t\t\t\t<div class=\"entry-content-wrap\">\n\t\t\t<header class=\"entry-header\">\n\t<h5 class=\"entry-title\"><a href=\"https:\/\/viajerosactivos.com\/fr\/mejores-playas-de-rodas\/\" rel=\"bookmark\">15 Mejores Playas de Rodas: para todos los gustos<\/a><\/h5><\/header><!-- .entry-header -->\n<footer class=\"entry-footer\">\n\t<\/footer><!-- .entry-footer -->\t\t<\/div>\n\t<\/article>\n<\/li>\n<\/ul>\n\n\n<h4 class=\"wp-block-heading\"><strong>M\u00e1s sobre las Islas Griegas<\/strong><\/h4>\n\n\n<style>.kb-posts-id-31099_bb45cc-27 .entry.loop-entry .entry-header .entry-title{font-size:20px;line-height:25px;}.kb-posts-id-31099_bb45cc-27 .kb-post-list-item{display:grid;}@media all and (max-width: 1024px){.kb-posts-id-31099_bb45cc-27 .entry.loop-entry .entry-header .entry-title{font-size:20px;line-height:25px;}}@media all and (max-width: 767px){.kb-posts-id-31099_bb45cc-27 .entry.loop-entry .entry-header .entry-title{font-size:20px;line-height:25px;}}<\/style><ul class=\"wp-block-kadence-posts kb-posts kadence-posts-list kb-posts-id-31099_bb45cc-27 content-wrap grid-cols kb-posts-style-boxed grid-sm-col-3 grid-lg-col-3 item-image-style-above\"><li class=\"kb-post-list-item\">\n\t<article class=\"entry content-bg loop-entry post-14148 post type-post status-publish format-standard has-post-thumbnail hentry category-grecia tag-como-moverse-por-grecia-y-las-islas-griegas tag-islas-griegas no-featured-image-padding resize-featured-image\">\n\t\t\t\t<a aria-hidden=\"true\" tabindex=\"-1\" role=\"presentation\" class=\"post-thumbnail kadence-thumbnail-ratio-2-3\" href=\"https:\/\/viajerosactivos.com\/fr\/como-ir-a-las-islas-griegas\/\" aria-label=\"C\u00f3mo ir a las Islas Griegas y moverse entre ellas + Mapas\">\n\t\t\t<div class=\"post-thumbnail-inner\">\n\t\t\t\t<img loading=\"lazy\" decoding=\"async\" width=\"750\" height=\"563\" src=\"https:\/\/viajerosactivos.com\/wp-content\/uploads\/2023\/12\/ferris-santorini.jpg\" class=\"attachment-medium_large size-medium_large wp-post-image\" alt=\"ferris-santorini\" srcset=\"https:\/\/viajerosactivos.com\/wp-content\/uploads\/2023\/12\/ferris-santorini.jpg 750w, https:\/\/viajerosactivos.com\/wp-content\/uploads\/2023\/12\/ferris-santorini-300x225.jpg 300w\" sizes=\"auto, (max-width: 750px) 100vw, 750px\" \/>\t\t\t<\/div>\n\t\t<\/a><!-- .post-thumbnail -->\n\t\t\t\t<div class=\"entry-content-wrap\">\n\t\t\t<header class=\"entry-header\">\n\t<h5 class=\"entry-title\"><a href=\"https:\/\/viajerosactivos.com\/fr\/como-ir-a-las-islas-griegas\/\" rel=\"bookmark\">C\u00f3mo ir a las Islas Griegas y moverse entre ellas + Mapas<\/a><\/h5><\/header><!-- .entry-header -->\n<footer class=\"entry-footer\">\n\t<\/footer><!-- .entry-footer -->\t\t<\/div>\n\t<\/article>\n<\/li>\n<li class=\"kb-post-list-item\">\n\t<article class=\"entry content-bg loop-entry post-31916 post type-post status-publish format-standard has-post-thumbnail hentry category-grecia tag-informacion-practica-de-grecia tag-islas-griegas no-featured-image-padding resize-featured-image\">\n\t\t\t\t<a aria-hidden=\"true\" tabindex=\"-1\" role=\"presentation\" class=\"post-thumbnail kadence-thumbnail-ratio-2-3\" href=\"https:\/\/viajerosactivos.com\/fr\/que-llevar-a-las-islas-griegas\/\" aria-label=\"Qu\u00e9 llevar a las Islas Griegas: con consejos pr\u00e1cticos\">\n\t\t\t<div class=\"post-thumbnail-inner\">\n\t\t\t\t<img loading=\"lazy\" decoding=\"async\" width=\"750\" height=\"500\" src=\"https:\/\/viajerosactivos.com\/wp-content\/uploads\/2023\/07\/circuito-islas-griegas.jpg\" class=\"attachment-medium_large size-medium_large wp-post-image\" alt=\"circuito-islas-griegas\" srcset=\"https:\/\/viajerosactivos.com\/wp-content\/uploads\/2023\/07\/circuito-islas-griegas.jpg 750w, https:\/\/viajerosactivos.com\/wp-content\/uploads\/2023\/07\/circuito-islas-griegas-300x200.jpg 300w\" sizes=\"auto, (max-width: 750px) 100vw, 750px\" \/>\t\t\t<\/div>\n\t\t<\/a><!-- .post-thumbnail -->\n\t\t\t\t<div class=\"entry-content-wrap\">\n\t\t\t<header class=\"entry-header\">\n\t<h5 class=\"entry-title\"><a href=\"https:\/\/viajerosactivos.com\/fr\/que-llevar-a-las-islas-griegas\/\" rel=\"bookmark\">Qu\u00e9 llevar a las Islas Griegas: con consejos pr\u00e1cticos<\/a><\/h5><\/header><!-- .entry-header -->\n<footer class=\"entry-footer\">\n\t<\/footer><!-- .entry-footer -->\t\t<\/div>\n\t<\/article>\n<\/li>\n<li class=\"kb-post-list-item\">\n\t<article class=\"entry content-bg loop-entry post-14151 post type-post status-publish format-standard has-post-thumbnail hentry category-grecia tag-informacion-practica-de-grecia tag-islas-griegas no-featured-image-padding resize-featured-image\">\n\t\t\t\t<a aria-hidden=\"true\" tabindex=\"-1\" role=\"presentation\" class=\"post-thumbnail kadence-thumbnail-ratio-2-3\" href=\"https:\/\/viajerosactivos.com\/fr\/cuando-viajar-a-las-islas-griegas\/\" aria-label=\"Cu\u00e1ndo Viajar a las Islas Griegas: clima, precios y consejos\">\n\t\t\t<div class=\"post-thumbnail-inner\">\n\t\t\t\t<img loading=\"lazy\" decoding=\"async\" width=\"750\" height=\"500\" src=\"https:\/\/viajerosactivos.com\/wp-content\/uploads\/2023\/12\/isla-de-Symi2.jpg\" class=\"attachment-medium_large size-medium_large wp-post-image\" alt=\"isla-de-Symi2\" srcset=\"https:\/\/viajerosactivos.com\/wp-content\/uploads\/2023\/12\/isla-de-Symi2.jpg 750w, https:\/\/viajerosactivos.com\/wp-content\/uploads\/2023\/12\/isla-de-Symi2-300x200.jpg 300w\" sizes=\"auto, (max-width: 750px) 100vw, 750px\" \/>\t\t\t<\/div>\n\t\t<\/a><!-- .post-thumbnail -->\n\t\t\t\t<div class=\"entry-content-wrap\">\n\t\t\t<header class=\"entry-header\">\n\t<h5 class=\"entry-title\"><a href=\"https:\/\/viajerosactivos.com\/fr\/cuando-viajar-a-las-islas-griegas\/\" rel=\"bookmark\">Cu\u00e1ndo Viajar a las Islas Griegas: clima, precios y consejos<\/a><\/h5><\/header><!-- .entry-header -->\n<footer class=\"entry-footer\">\n\t<\/footer><!-- .entry-footer -->\t\t<\/div>\n\t<\/article>\n<\/li>\n<\/ul>\n\n\n<div style=\"height:10px\" aria-hidden=\"true\" class=\"wp-block-spacer\"><\/div>\n","protected":false},"excerpt":{"rendered":"<p>La ville de Rhodes abrite l&#039;un des joyaux historiques les mieux pr\u00e9serv\u00e9s d&#039;Europe\u00a0: sa ville m\u00e9di\u00e9vale fortifi\u00e9e, class\u00e9e au patrimoine mondial par\u2026 <\/p>\n<p class=\"read-more-container\"><a title=\"Rhodes et Mandraki, cit\u00e9s m\u00e9di\u00e9vales\u00a0: 18 sites incontournables\" class=\"read-more button\" href=\"https:\/\/viajerosactivos.com\/fr\/ciudad-medieval-de-rodas-y-mandraki\/#more-31099\" aria-label=\"En savoir plus sur Ciudad Medieval de Rodas y Mandraki: 18 imprescindibles\">En savoir plus<\/a><\/p>","protected":false},"author":1,"featured_media":31212,"comment_status":"open","ping_status":"closed","sticky":false,"template":"","format":"standard","meta":{"footnotes":""},"categories":[410],"tags":[564,520],"class_list":["post-31099","post","type-post","status-publish","format-standard","has-post-thumbnail","hentry","category-grecia","tag-rodas","tag-viajar-a-las-islas-griegas","no-featured-image-padding"],"_links":{"self":[{"href":"https:\/\/viajerosactivos.com\/fr\/wp-json\/wp\/v2\/posts\/31099","targetHints":{"allow":["GET"]}}],"collection":[{"href":"https:\/\/viajerosactivos.com\/fr\/wp-json\/wp\/v2\/posts"}],"about":[{"href":"https:\/\/viajerosactivos.com\/fr\/wp-json\/wp\/v2\/types\/post"}],"author":[{"embeddable":true,"href":"https:\/\/viajerosactivos.com\/fr\/wp-json\/wp\/v2\/users\/1"}],"replies":[{"embeddable":true,"href":"https:\/\/viajerosactivos.com\/fr\/wp-json\/wp\/v2\/comments?post=31099"}],"version-history":[{"count":2,"href":"https:\/\/viajerosactivos.com\/fr\/wp-json\/wp\/v2\/posts\/31099\/revisions"}],"predecessor-version":[{"id":35072,"href":"https:\/\/viajerosactivos.com\/fr\/wp-json\/wp\/v2\/posts\/31099\/revisions\/35072"}],"wp:featuredmedia":[{"embeddable":true,"href":"https:\/\/viajerosactivos.com\/fr\/wp-json\/wp\/v2\/media\/31212"}],"wp:attachment":[{"href":"https:\/\/viajerosactivos.com\/fr\/wp-json\/wp\/v2\/media?parent=31099"}],"wp:term":[{"taxonomy":"category","embeddable":true,"href":"https:\/\/viajerosactivos.com\/fr\/wp-json\/wp\/v2\/categories?post=31099"},{"taxonomy":"post_tag","embeddable":true,"href":"https:\/\/viajerosactivos.com\/fr\/wp-json\/wp\/v2\/tags?post=31099"}],"curies":[{"name":"wp","href":"https:\/\/api.w.org\/{rel}","templated":true}]}}