{"id":8285,"date":"2022-10-25T09:42:50","date_gmt":"2022-10-25T07:42:50","guid":{"rendered":"https:\/\/viajerosactivos.com\/?p=8285"},"modified":"2025-09-29T11:18:46","modified_gmt":"2025-09-29T09:18:46","slug":"faits-interessants-sur-larmenie","status":"publish","type":"post","link":"https:\/\/viajerosactivos.com\/fr\/curiosidades-de-armenia\/","title":{"rendered":"31 faits surprenants sur l&#039;Arm\u00e9nie"},"content":{"rendered":"<p><em>Quelques faits int\u00e9ressants sur l&#039;Arm\u00e9nie\u00a0: ce petit pays du Caucase, encore m\u00e9connu des touristes, vous surprendra par sa nature, sa culture et son histoire.<\/em><\/p>\n\n\n\n<div style=\"height:10px\" aria-hidden=\"true\" class=\"wp-block-spacer\"><\/div>\n\n\n\n<div id=\"ez-toc-container\" class=\"ez-toc-v2_0_82_2 counter-hierarchy ez-toc-counter ez-toc-black ez-toc-container-direction\">\n<div class=\"ez-toc-title-container\">\n<p class=\"ez-toc-title\" style=\"cursor:inherit\">Table des mati\u00e8res<\/p>\n<span class=\"ez-toc-title-toggle\"><a href=\"#\" class=\"ez-toc-pull-right ez-toc-btn ez-toc-btn-xs ez-toc-btn-default ez-toc-toggle\" aria-label=\"Afficher\/masquer la table des mati\u00e8res\"><span class=\"ez-toc-js-icon-con\"><span class=\"\"><span class=\"eztoc-hide\" style=\"display:none;\">Basculer<\/span><span class=\"ez-toc-icon-toggle-span\"><svg style=\"fill: #999;color:#999\" xmlns=\"http:\/\/www.w3.org\/2000\/svg\" class=\"list-377408\" width=\"20px\" height=\"20px\" viewbox=\"0 0 24 24\" fill=\"none\"><path d=\"M6 6H4v2h2V6zm14 0H8v2h12V6zM4 11h2v2H4v-2zm16 0H8v2h12v-2zM4 16h2v2H4v-2zm16 0H8v2h12v-2z\" fill=\"currentColor\"><\/path><\/svg><svg style=\"fill: #999;color:#999\" class=\"arrow-unsorted-368013\" xmlns=\"http:\/\/www.w3.org\/2000\/svg\" width=\"10px\" height=\"10px\" viewbox=\"0 0 24 24\" version=\"1.2\" baseprofile=\"tiny\"><path d=\"M18.2 9.3l-6.2-6.3-6.2 6.3c-.2.2-.3.4-.3.7s.1.5.3.7c.2.2.4.3.7.3h11c.3 0 .5-.1.7-.3.2-.2.3-.5.3-.7s-.1-.5-.3-.7zM5.8 14.7l6.2 6.3 6.2-6.3c.2-.2.3-.5.3-.7s-.1-.5-.3-.7c-.2-.2-.4-.3-.7-.3h-11c-.3 0-.5.1-.7.3-.2.2-.3.5-.3.7s.1.5.3.7z\"\/><\/svg><\/span><\/span><\/span><\/a><\/span><\/div>\n<nav><ul class='ez-toc-list ez-toc-list-level-1' ><li class='ez-toc-page-1 ez-toc-heading-level-2'><a class=\"ez-toc-link ez-toc-heading-1\" href=\"https:\/\/viajerosactivos.com\/fr\/curiosidades-de-armenia\/#1_Pais_pequeno\" >1. Petit pays<\/a><\/li><li class='ez-toc-page-1 ez-toc-heading-level-2'><a class=\"ez-toc-link ez-toc-heading-2\" href=\"https:\/\/viajerosactivos.com\/fr\/curiosidades-de-armenia\/#2_Nombre_del_pais\" >2. Nom du pays<\/a><\/li><li class='ez-toc-page-1 ez-toc-heading-level-2'><a class=\"ez-toc-link ez-toc-heading-3\" href=\"https:\/\/viajerosactivos.com\/fr\/curiosidades-de-armenia\/#3_Un_pueblo_antiguo\" >3. Un ancien village<\/a><\/li><li class='ez-toc-page-1 ez-toc-heading-level-2'><a class=\"ez-toc-link ez-toc-heading-4\" href=\"https:\/\/viajerosactivos.com\/fr\/curiosidades-de-armenia\/#4_Erevan_ciudad_antigua\" >4. Erevan : ville antique<\/a><\/li><li class='ez-toc-page-1 ez-toc-heading-level-2'><a class=\"ez-toc-link ez-toc-heading-5\" href=\"https:\/\/viajerosactivos.com\/fr\/curiosidades-de-armenia\/#5_Ciudad_Rosa\" >5. La Ville Rose<\/a><\/li><li class='ez-toc-page-1 ez-toc-heading-level-2'><a class=\"ez-toc-link ez-toc-heading-6\" href=\"https:\/\/viajerosactivos.com\/fr\/curiosidades-de-armenia\/#6_Invasiones\" >6. Invasions<\/a><\/li><li class='ez-toc-page-1 ez-toc-heading-level-2'><a class=\"ez-toc-link ez-toc-heading-7\" href=\"https:\/\/viajerosactivos.com\/fr\/curiosidades-de-armenia\/#7_Disputa_con_Azerbaiyan\" >7. Diff\u00e9rend avec l&#039;Azerba\u00efdjan<\/a><\/li><li class='ez-toc-page-1 ez-toc-heading-level-2'><a class=\"ez-toc-link ez-toc-heading-8\" href=\"https:\/\/viajerosactivos.com\/fr\/curiosidades-de-armenia\/#8_Bandera_y_Shakira\" >8. Drapeau et Shakira<\/a><\/li><li class='ez-toc-page-1 ez-toc-heading-level-2'><a class=\"ez-toc-link ez-toc-heading-9\" href=\"https:\/\/viajerosactivos.com\/fr\/curiosidades-de-armenia\/#9_Primer_Genocidio_del_siglo_XX\" >9. Premier g\u00e9nocide du XXe si\u00e8cle<\/a><\/li><li class='ez-toc-page-1 ez-toc-heading-level-2'><a class=\"ez-toc-link ez-toc-heading-10\" href=\"https:\/\/viajerosactivos.com\/fr\/curiosidades-de-armenia\/#10_Cristianismo\" >10. Le christianisme<\/a><\/li><li class='ez-toc-page-1 ez-toc-heading-level-2'><a class=\"ez-toc-link ez-toc-heading-11\" href=\"https:\/\/viajerosactivos.com\/fr\/curiosidades-de-armenia\/#11_Templo_pagano\" >11. Temple pa\u00efen<\/a><\/li><li class='ez-toc-page-1 ez-toc-heading-level-2'><a class=\"ez-toc-link ez-toc-heading-12\" href=\"https:\/\/viajerosactivos.com\/fr\/curiosidades-de-armenia\/#12_Primera_catedral_del_cristianismo\" >12. Premi\u00e8re cath\u00e9drale du christianisme<\/a><\/li><li class='ez-toc-page-1 ez-toc-heading-level-2'><a class=\"ez-toc-link ez-toc-heading-13\" href=\"https:\/\/viajerosactivos.com\/fr\/curiosidades-de-armenia\/#13_Record_Guinness\" >13. Record du monde Guinness<\/a><\/li><li class='ez-toc-page-1 ez-toc-heading-level-2'><a class=\"ez-toc-link ez-toc-heading-14\" href=\"https:\/\/viajerosactivos.com\/fr\/curiosidades-de-armenia\/#14_Ararat_monte_sagrado\" >14. Ararat : montagne sacr\u00e9e<\/a><\/li><li class='ez-toc-page-1 ez-toc-heading-level-2'><a class=\"ez-toc-link ez-toc-heading-15\" href=\"https:\/\/viajerosactivos.com\/fr\/curiosidades-de-armenia\/#15_Lago_Sevan\" >15. Lac Sevan<\/a><\/li><li class='ez-toc-page-1 ez-toc-heading-level-2'><a class=\"ez-toc-link ez-toc-heading-16\" href=\"https:\/\/viajerosactivos.com\/fr\/curiosidades-de-armenia\/#16_Modelo_de_la_Madre_de_Armenia\" >16. Maquette de la M\u00e8re de l&#039;Arm\u00e9nie<\/a><\/li><li class='ez-toc-page-1 ez-toc-heading-level-2'><a class=\"ez-toc-link ez-toc-heading-17\" href=\"https:\/\/viajerosactivos.com\/fr\/curiosidades-de-armenia\/#17_Besos\" >17. Baisers<\/a><\/li><li class='ez-toc-page-1 ez-toc-heading-level-2'><a class=\"ez-toc-link ez-toc-heading-18\" href=\"https:\/\/viajerosactivos.com\/fr\/curiosidades-de-armenia\/#18_Cercanos\" >18. \u00c0 proximit\u00e9<\/a><\/li><li class='ez-toc-page-1 ez-toc-heading-level-2'><a class=\"ez-toc-link ez-toc-heading-19\" href=\"https:\/\/viajerosactivos.com\/fr\/curiosidades-de-armenia\/#19_La_familia_es_muy_importante\" >19. La famille est tr\u00e8s importante<\/a><\/li><li class='ez-toc-page-1 ez-toc-heading-level-2'><a class=\"ez-toc-link ez-toc-heading-20\" href=\"https:\/\/viajerosactivos.com\/fr\/curiosidades-de-armenia\/#20_San_Sarkis_%E2%80%93_dia_de_los_enamorados_armenio\" >20. Saint Sarkis \u2013 La Saint-Valentin arm\u00e9nienne<\/a><\/li><li class='ez-toc-page-1 ez-toc-heading-level-2'><a class=\"ez-toc-link ez-toc-heading-21\" href=\"https:\/\/viajerosactivos.com\/fr\/curiosidades-de-armenia\/#21_Vardavar_el_festival_del_agua\" >21. Vardavar, la f\u00eate de l&#039;eau<\/a><\/li><li class='ez-toc-page-1 ez-toc-heading-level-2'><a class=\"ez-toc-link ez-toc-heading-22\" href=\"https:\/\/viajerosactivos.com\/fr\/curiosidades-de-armenia\/#22_Fuentes_en_la_ciudad_en_verano\" >22. Fontaines en ville en \u00e9t\u00e9<\/a><\/li><li class='ez-toc-page-1 ez-toc-heading-level-2'><a class=\"ez-toc-link ez-toc-heading-23\" href=\"https:\/\/viajerosactivos.com\/fr\/curiosidades-de-armenia\/#23_Pulpulak\" >23. Pulpulak<\/a><\/li><li class='ez-toc-page-1 ez-toc-heading-level-2'><a class=\"ez-toc-link ez-toc-heading-24\" href=\"https:\/\/viajerosactivos.com\/fr\/curiosidades-de-armenia\/#24_Ajedrez\" >24. \u00c9checs<\/a><\/li><li class='ez-toc-page-1 ez-toc-heading-level-2'><a class=\"ez-toc-link ez-toc-heading-25\" href=\"https:\/\/viajerosactivos.com\/fr\/curiosidades-de-armenia\/#25_Musica_armenia\" >25. Musique arm\u00e9nienne<\/a><\/li><li class='ez-toc-page-1 ez-toc-heading-level-2'><a class=\"ez-toc-link ez-toc-heading-26\" href=\"https:\/\/viajerosactivos.com\/fr\/curiosidades-de-armenia\/#26_Celebridades_de_origen_armenio\" >26. C\u00e9l\u00e9brit\u00e9s d&#039;origine arm\u00e9nienne<\/a><\/li><li class='ez-toc-page-1 ez-toc-heading-level-2'><a class=\"ez-toc-link ez-toc-heading-27\" href=\"https:\/\/viajerosactivos.com\/fr\/curiosidades-de-armenia\/#27_Albaricoques\" >27. Abricots<\/a><\/li><li class='ez-toc-page-1 ez-toc-heading-level-2'><a class=\"ez-toc-link ez-toc-heading-28\" href=\"https:\/\/viajerosactivos.com\/fr\/curiosidades-de-armenia\/#28_Granadas\" >28. Grenades<\/a><\/li><li class='ez-toc-page-1 ez-toc-heading-level-2'><a class=\"ez-toc-link ez-toc-heading-29\" href=\"https:\/\/viajerosactivos.com\/fr\/curiosidades-de-armenia\/#29_Lavash_armenio\" >29. Lavash arm\u00e9nien<\/a><\/li><li class='ez-toc-page-1 ez-toc-heading-level-2'><a class=\"ez-toc-link ez-toc-heading-30\" href=\"https:\/\/viajerosactivos.com\/fr\/curiosidades-de-armenia\/#30_Vino_armenio\" >30. Vin arm\u00e9nien<\/a><\/li><li class='ez-toc-page-1 ez-toc-heading-level-2'><a class=\"ez-toc-link ez-toc-heading-31\" href=\"https:\/\/viajerosactivos.com\/fr\/curiosidades-de-armenia\/#31_El_mejor_Brandy\" >31. Le meilleur brandy<\/a><\/li><li class='ez-toc-page-1 ez-toc-heading-level-2'><a class=\"ez-toc-link ez-toc-heading-32\" href=\"https:\/\/viajerosactivos.com\/fr\/curiosidades-de-armenia\/#Pensamientos_finales\" >Derni\u00e8res r\u00e9flexions<\/a><\/li><\/ul><\/nav><\/div>\n<h2 class=\"wp-block-heading\"><span class=\"ez-toc-section\" id=\"1_Pais_pequeno\"><\/span>1. Petit pays<span class=\"ez-toc-section-end\"><\/span><\/h2>\n\n\n\n<p>Ce pays enchanteur du Caucase est<strong> le plus petit des pays de l&#039;ancienne Union sovi\u00e9tique,<\/strong> avec une superficie de 29 743 km\u00b2, soit un peu plus grande que la Galice.<\/p>\n\n\n\n<p>L&#039;Arm\u00e9nie est bord\u00e9e par l&#039;Azerba\u00efdjan, la G\u00e9orgie, la Turquie et l&#039;Iran et compte seulement 3 millions d&#039;habitants. <\/p>\n\n\n\n<p>Malgr\u00e9 le fait qu&#039;il y aurait, selon les estimations, 7 millions d&#039;autres personnes vivant \u00e0 l&#039;\u00e9tranger, r\u00e9parties entre l&#039;Europe, le Moyen-Orient, les \u00c9tats-Unis et l&#039;Am\u00e9rique latine.<\/p>\n\n\n\n<div style=\"height:10px\" aria-hidden=\"true\" class=\"wp-block-spacer\"><\/div>\n\n\n\n<h2 class=\"wp-block-heading\"><span class=\"ez-toc-section\" id=\"2_Nombre_del_pais\"><\/span>2. Nom du pays <span class=\"ez-toc-section-end\"><\/span><\/h2>\n\n\n\n<p>Il<strong> Le nom original du pays est <em>Hayk<\/em><\/strong>, Elle fut plus tard appel\u00e9e Arm\u00e9nie, ce qui signifie litt\u00e9ralement <strong>\u00ab&quot;Le pays de <em>Hayk<\/em>\u00ab<\/strong>, r\u00e9sistant <em>Hayk<\/em> avec le suffixe <em>stan<\/em> en persan, c&#039;est-\u00e0-dire, <em>Haykstan<\/em>.<\/p>\n\n\n\n<p>D&#039;ailleurs, <em>Hayk<\/em> Il est le patriarche fondateur de la nation arm\u00e9nienne.<\/p>\n\n\n<div class=\"wp-block-image\">\n<figure class=\"aligncenter size-full\"><img loading=\"lazy\" decoding=\"async\" width=\"640\" height=\"427\" src=\"https:\/\/viajerosactivos.com\/wp-content\/uploads\/2022\/10\/cascade-que-hacer-en-erevan.jpg\" alt=\"Cascade---que-faire-\u00e0-Erevan\" class=\"wp-image-8087\" srcset=\"https:\/\/viajerosactivos.com\/wp-content\/uploads\/2022\/10\/cascade-que-hacer-en-erevan.jpg 640w, https:\/\/viajerosactivos.com\/wp-content\/uploads\/2022\/10\/cascade-que-hacer-en-erevan-300x200.jpg 300w\" sizes=\"auto, (max-width: 640px) 100vw, 640px\" \/><figcaption class=\"wp-element-caption\">Complexe en cascade<\/figcaption><\/figure>\n<\/div>\n\n\n<div style=\"height:10px\" aria-hidden=\"true\" class=\"wp-block-spacer\"><\/div>\n\n\n\n<h2 class=\"wp-block-heading\"><span class=\"ez-toc-section\" id=\"3_Un_pueblo_antiguo\"><\/span>3. Un ancien village<span class=\"ez-toc-section-end\"><\/span><\/h2>\n\n\n\n<p>Les premiers <strong>Les \u00e9tablissements en territoire arm\u00e9nien remontent au N\u00e9olithique.<\/strong>, C&#039;est-\u00e0-dire entre 6000 et 4000 avant J.-C.<\/p>\n\n\n\n<p>Par exemple, le<strong> P\u00e9troglyphes d&#039;Ughtasar<\/strong> Ce sont des gravures rupestres repr\u00e9sentant des figures humaines, des sc\u00e8nes de chasse et de danse ; les plus anciennes<strong> Ils ont plus de 12 000 ans., <\/strong>les situant ainsi \u00e0 l&#039;\u00e8re pal\u00e9olithique.<\/p>\n\n\n\n<p>Malheureusement, les p\u00e9troglyphes d&#039;Ughtasar ne sont pas accessibles au public pour le moment\u00a0; la zone est ferm\u00e9e en raison de diff\u00e9rends avec l&#039;Azerba\u00efdjan, car elle se situe pr\u00e8s de la fronti\u00e8re et il est dangereux de s&#039;y rendre.<\/p>\n\n\n\n<div style=\"height:10px\" aria-hidden=\"true\" class=\"wp-block-spacer\"><\/div>\n\n\n\n<h2 class=\"wp-block-heading\"><span class=\"ez-toc-section\" id=\"4_Erevan_ciudad_antigua\"><\/span>4. Erevan : ville antique<span class=\"ez-toc-section-end\"><\/span><\/h2>\n\n\n\n<p>La ville d&#039;Erevan, la plus grande du pays, est <strong>l&#039;une des plus anciennes du monde<\/strong>. <\/p>\n\n\n\n<p>La forteresse d&#039;Erebouni, construite \u00e0 partir de 782 av. J.-C. pour pr\u00e9venir les attaques venant du Caucase du Nord, en est la preuve.<\/p>\n\n\n\n<p>Elle fut donc construite avant m\u00eame Rome.<\/p>\n\n\n<div class=\"wp-block-image\">\n<figure class=\"aligncenter size-full\"><img loading=\"lazy\" decoding=\"async\" width=\"640\" height=\"427\" src=\"https:\/\/viajerosactivos.com\/wp-content\/uploads\/2022\/10\/plaza-de-la-republica-que-ver-en-erevan.jpg\" alt=\"Place de la R\u00e9publique : que voir \u00e0 Erevan ?\" class=\"wp-image-8092\" srcset=\"https:\/\/viajerosactivos.com\/wp-content\/uploads\/2022\/10\/plaza-de-la-republica-que-ver-en-erevan.jpg 640w, https:\/\/viajerosactivos.com\/wp-content\/uploads\/2022\/10\/plaza-de-la-republica-que-ver-en-erevan-300x200.jpg 300w\" sizes=\"auto, (max-width: 640px) 100vw, 640px\" \/><figcaption class=\"wp-element-caption\">Place de la R\u00e9publique<\/figcaption><\/figure>\n<\/div>\n\n\n<div style=\"height:10px\" aria-hidden=\"true\" class=\"wp-block-spacer\"><\/div>\n\n\n\n<h2 class=\"wp-block-heading\"><span class=\"ez-toc-section\" id=\"5_Ciudad_Rosa\"><\/span>5. La Ville Rose<span class=\"ez-toc-section-end\"><\/span><\/h2>\n\n\n\n<p>Beaucoup appellent Erevan la Ville Rose, en raison de <strong>pierre utilis\u00e9e dans de nombreux b\u00e2timents importants de la ville <\/strong>comme les monast\u00e8res et les \u00e9glises, notamment les b\u00e2timents situ\u00e9s sur l&#039;embl\u00e9matique place de la R\u00e9publique.<\/p>\n\n\n\n<p>Cette pierre rose si particuli\u00e8re<strong> Il est d&#039;origine volcanique et il s&#039;agit de tuf arm\u00e9nien.<\/strong> ce qui est assez rare dans le reste du monde. <\/p>\n\n\n\n<p>La couleur s&#039;intensifie pendant l&#039;heure dor\u00e9e, c&#039;est-\u00e0-dire avant le coucher du soleil et apr\u00e8s son lever, lorsque la lumi\u00e8re du soleil est moins forte.<\/p>\n\n\n\n<div style=\"height:10px\" aria-hidden=\"true\" class=\"wp-block-spacer\"><\/div>\n\n\n\n<h2 class=\"wp-block-heading\"><span class=\"ez-toc-section\" id=\"6_Invasiones\"><\/span>6. Invasions<span class=\"ez-toc-section-end\"><\/span><\/h2>\n\n\n\n<p>Tout au long de l&#039;histoire, les Arm\u00e9niens ont \u00e9t\u00e9 <strong>envahie par les Grecs, les Romains, les Perses, les Mongols, les Ottomans et les Russes<\/strong>.<\/p>\n\n\n\n<div style=\"height:10px\" aria-hidden=\"true\" class=\"wp-block-spacer\"><\/div>\n\n\n\n<h2 class=\"wp-block-heading\"><span class=\"ez-toc-section\" id=\"7_Disputa_con_Azerbaiyan\"><\/span>7. Diff\u00e9rend avec l&#039;Azerba\u00efdjan<span class=\"ez-toc-section-end\"><\/span><\/h2>\n\n\n\n<p>Le <strong>Les Arm\u00e9niens et les Azerba\u00efdjanais sont en conflit depuis 1918 au sujet de la r\u00e9gion du Haut-Karabakh.<\/strong>.<\/p>\n\n\n\n<p>En 1988, les Arm\u00e9niens de la r\u00e9gion ont vot\u00e9 pour le rattachement \u00e0 l&#039;Arm\u00e9nie, ravivant le conflit. Les tensions se sont \u00e0 nouveau exacerb\u00e9es en 2020, puis plus r\u00e9cemment en septembre 2022.<\/p>\n\n\n\n<p>C\u2019est pourquoi il n\u2019existe aucune relation internationale entre les deux pays, et il est m\u00eame impossible de voyager directement de l\u2019un \u00e0 l\u2019autre.<\/p>\n\n\n\n<p>Bien que techniquement en guerre, l&#039;Arm\u00e9nie est un pays s\u00fbr \u00e0 visiter si l&#039;on \u00e9vite les zones de conflit.<\/p>\n\n\n\n<p class=\"has-background\" style=\"background-color:#d9e2ff\">\ud83d\udc4d Vous pouvez en savoir plus \u00e0 ce sujet dans cet autre article. <strong><a href=\"https:\/\/viajerosactivos.com\/fr\/voyage-en-armenie\/\">Conseils pour voyager en Arm\u00e9nie,<\/a><\/strong> J&#039;y indique les pays que vous pouvez traverser et je fournis de nombreuses informations pratiques.<\/p>\n\n\n\n<div style=\"height:10px\" aria-hidden=\"true\" class=\"wp-block-spacer\"><\/div>\n\n\n\n<h2 class=\"wp-block-heading\"><span class=\"ez-toc-section\" id=\"8_Bandera_y_Shakira\"><\/span>8. Drapeau et Shakira<span class=\"ez-toc-section-end\"><\/span><\/h2>\n\n\n<div class=\"wp-block-image\">\n<figure class=\"aligncenter size-full\"><img loading=\"lazy\" decoding=\"async\" width=\"640\" height=\"427\" src=\"https:\/\/viajerosactivos.com\/wp-content\/uploads\/2022\/10\/dia-de-la-independencia-armenia.jpg\" alt=\"Journ\u00e9e de l&#039;ind\u00e9pendance arm\u00e9nienne\" class=\"wp-image-8273\" srcset=\"https:\/\/viajerosactivos.com\/wp-content\/uploads\/2022\/10\/dia-de-la-independencia-armenia.jpg 640w, https:\/\/viajerosactivos.com\/wp-content\/uploads\/2022\/10\/dia-de-la-independencia-armenia-300x200.jpg 300w\" sizes=\"auto, (max-width: 640px) 100vw, 640px\" \/><figcaption class=\"wp-element-caption\">C\u00e9l\u00e9bration de la f\u00eate de l&#039;ind\u00e9pendance de l&#039;Arm\u00e9nie<\/figcaption><\/figure>\n<\/div>\n\n\n<p>Il est int\u00e9ressant de noter que<strong> Les drapeaux arm\u00e9nien et colombien se ressemblent beaucoup.<\/strong>, Elles ont les m\u00eames couleurs, mais c&#039;est comme si elles \u00e9taient \u00e0 l&#039;envers.<\/p>\n\n\n\n<p>Il para\u00eet que lors de son concert en Azerba\u00efdjan, Shakira est mont\u00e9e sur sc\u00e8ne avec le drapeau colombien, mais \u00e0 l&#039;envers. Oh, Shakira, Shakira ! \ud83d\ude48\ud83d\ude06<\/p>\n\n\n\n<p>Les Arm\u00e9niens seraient sans doute ravis si Shakira arborait le drapeau arm\u00e9nien sur les terres de leurs ennemis azerba\u00efdjanais.<\/p>\n\n\n<div class=\"wp-block-image\">\n<figure class=\"aligncenter size-full\"><img loading=\"lazy\" decoding=\"async\" width=\"263\" height=\"192\" src=\"https:\/\/viajerosactivos.com\/wp-content\/uploads\/2022\/10\/shakira-bandera-armenia.jpg\" alt=\"Drapeau arm\u00e9nien de Shakira\" class=\"wp-image-8350\"\/><\/figure>\n<\/div>\n\n\n<div style=\"height:10px\" aria-hidden=\"true\" class=\"wp-block-spacer\"><\/div>\n\n\n\n<h2 class=\"wp-block-heading\"><span class=\"ez-toc-section\" id=\"9_Primer_Genocidio_del_siglo_XX\"><\/span>9. Premier g\u00e9nocide du XXe si\u00e8cle<span class=\"ez-toc-section-end\"><\/span><\/h2>\n\n\n\n<p>Il<strong> Le g\u00e9nocide arm\u00e9nien perp\u00e9tr\u00e9 par les Ottomans fut le premier du XXe si\u00e8cle.<\/strong>, m\u00eame avant que le terme g\u00e9nocide ne soit invent\u00e9, \u00e0 la suite de l&#039;Holocauste juif de 1944.<\/p>\n\n\n\n<p>Cet \u00e9v\u00e9nement tragique a d\u00e9but\u00e9 le 24 avril 1915 et a fait au moins 1,5 million de morts, m\u00eame si de nombreux pays ne le reconnaissent pas aujourd&#039;hui comme un g\u00e9nocide.<\/p>\n\n\n\n<p>Erevan abrite le M\u00e9morial du g\u00e9nocide, un site qui m\u00e9rite d&#039;\u00eatre visit\u00e9, et si vous souhaitez approfondir le sujet, un mus\u00e9e se trouve \u00e9galement \u00e0 proximit\u00e9 du m\u00e9morial.<\/p>\n\n\n\n<p>\ud83d\udc49 Dans ce livre, vous pouvez en apprendre davantage sur <strong><a class=\"thirstylink\" rel=\"nofollow noopener\" target=\"_blank\" title=\"Le livre sur le g\u00e9nocide arm\u00e9nien\" href=\"https:\/\/amzn.to\/3yX7tqx\" data-linkid=\"12434\" data-shortcode=\"true\">Le g\u00e9nocide arm\u00e9nien<\/a><\/strong>.<\/p>\n\n\n<div class=\"wp-block-image\">\n<figure class=\"aligncenter size-full\"><img loading=\"lazy\" decoding=\"async\" width=\"640\" height=\"640\" src=\"https:\/\/viajerosactivos.com\/wp-content\/uploads\/2022\/10\/monumento-genocidio-armenio.jpg\" alt=\"Monument du g\u00e9nocide arm\u00e9nien\" class=\"wp-image-8190\" srcset=\"https:\/\/viajerosactivos.com\/wp-content\/uploads\/2022\/10\/monumento-genocidio-armenio.jpg 640w, https:\/\/viajerosactivos.com\/wp-content\/uploads\/2022\/10\/monumento-genocidio-armenio-300x300.jpg 300w, https:\/\/viajerosactivos.com\/wp-content\/uploads\/2022\/10\/monumento-genocidio-armenio-150x150.jpg 150w\" sizes=\"auto, (max-width: 640px) 100vw, 640px\" \/><\/figure>\n<\/div>\n\n\n<div style=\"height:10px\" aria-hidden=\"true\" class=\"wp-block-spacer\"><\/div>\n\n\n\n<h2 class=\"wp-block-heading\"><span class=\"ez-toc-section\" id=\"10_Cristianismo\"><\/span>10. Le christianisme<span class=\"ez-toc-section-end\"><\/span><\/h2>\n\n\n\n<p>L&#039;Arm\u00e9nie \u00e9tait <strong>le premier pays \u00e0 adopter le christianisme <\/strong>en tant que religion d&#039;\u00c9tat<strong> en l&#039;an 301 apr\u00e8s J.-C.<\/strong><\/p>\n\n\n\n<p>C&#039;est pourquoi on y trouve certaines des plus anciennes \u00e9glises et monast\u00e8res du monde, et il y en a beaucoup ; c&#039;est pourquoi l&#039;Arm\u00e9nie est connue comme la<strong> \u00ab pays des \u00e9glises \u00bb<\/strong>.<\/p>\n\n\n\n<div style=\"height:10px\" aria-hidden=\"true\" class=\"wp-block-spacer\"><\/div>\n\n\n\n<h2 class=\"wp-block-heading\"><span class=\"ez-toc-section\" id=\"11_Templo_pagano\"><\/span>11. Temple pa\u00efen<span class=\"ez-toc-section-end\"><\/span><\/h2>\n\n\n\n<p>D\u00e8s l&#039;arriv\u00e9e de l&#039;\u00e8re chr\u00e9tienne en Arm\u00e9nie, les temples pa\u00efens furent d\u00e9truits, \u00e0 une exception pr\u00e8s.<strong> Temple de Garni.<\/strong><\/p>\n\n\n\n<p>\u00c0 cette \u00e9poque, il \u00e9tait \u00e9galement courant que nombre de ces temples soient r\u00e9affect\u00e9s \u00e0 la religion dominante ou utilis\u00e9s comme fondations pour un b\u00e2timent ; par cons\u00e9quent, <strong>Il ne reste pratiquement plus aucun temple pa\u00efen debout dans le monde.<\/strong><\/p>\n\n\n\n<p>Ce temple de style hell\u00e9nistique datant du Ier si\u00e8cle apr\u00e8s J.-C. est l&#039;une des excursions d&#039;une journ\u00e9e les plus populaires au d\u00e9part d&#039;Erevan.<\/p>\n\n\n\n<div style=\"height:10px\" aria-hidden=\"true\" class=\"wp-block-spacer\"><\/div>\n\n\n\n<h2 class=\"wp-block-heading\"><span class=\"ez-toc-section\" id=\"12_Primera_catedral_del_cristianismo\"><\/span>12. Premi\u00e8re cath\u00e9drale du christianisme<span class=\"ez-toc-section-end\"><\/span><\/h2>\n\n\n\n<p>Le <strong>La cath\u00e9drale d&#039;Etchmiadzin est la premi\u00e8re cath\u00e9drale du christianisme.<\/strong>, Voici l&#039;un des faits les plus int\u00e9ressants concernant l&#039;Arm\u00e9nie.<\/p>\n\n\n\n<p>Cette cath\u00e9drale sert d\u00e9sormais de si\u00e8ge principal \u00e0 l&#039;\u00c9glise arm\u00e9nienne.<\/p>\n\n\n\n<p>Sa premi\u00e8re construction remonte \u00e0 303 apr\u00e8s J.-C. et est incluse comme <strong>Site inscrit au patrimoine mondial de l&#039;UNESCO.<\/strong><\/p>\n\n\n\n<p>Dans cette \u00e9glise <strong>Trois reliques sont pr\u00e9serv\u00e9es<\/strong> Ce qui en fait un important lieu de p\u00e8lerinage, les reliques sont :<\/p>\n\n\n\n<ul class=\"wp-block-list\">\n<li>le<strong> Lance de la Passion<\/strong> avec laquelle un soldat romain a perc\u00e9 le corps de J\u00e9sus ;<\/li>\n\n\n\n<li>la main de saint Gr\u00e9goire; et <\/li>\n\n\n\n<li><strong>bois de l&#039;arche de No\u00e9 <\/strong>trouv\u00e9 sur le mont Ararat.<\/li>\n<\/ul>\n\n\n<div class=\"wp-block-image\">\n<figure class=\"aligncenter size-full\"><img loading=\"lazy\" decoding=\"async\" width=\"640\" height=\"427\" src=\"https:\/\/viajerosactivos.com\/wp-content\/uploads\/2022\/10\/Biblioteca-Mirzoyan.jpg\" alt=\"Biblioth\u00e8que Mirzoyan\u00a0: choses \u00e0 faire \u00e0 Erevan\" class=\"wp-image-8189\" srcset=\"https:\/\/viajerosactivos.com\/wp-content\/uploads\/2022\/10\/Biblioteca-Mirzoyan.jpg 640w, https:\/\/viajerosactivos.com\/wp-content\/uploads\/2022\/10\/Biblioteca-Mirzoyan-300x200.jpg 300w\" sizes=\"auto, (max-width: 640px) 100vw, 640px\" \/><figcaption class=\"wp-element-caption\">B\u00e2timent arm\u00e9nien traditionnel <\/figcaption><\/figure>\n<\/div>\n\n\n<div style=\"height:10px\" aria-hidden=\"true\" class=\"wp-block-spacer\"><\/div>\n\n\n\n<h2 class=\"wp-block-heading\"><span class=\"ez-toc-section\" id=\"13_Record_Guinness\"><\/span>13. Record du monde Guinness<span class=\"ez-toc-section-end\"><\/span><\/h2>\n\n\n\n<p>Le monast\u00e8re de Tatev est l&#039;un des plus impressionnants du pays et poss\u00e8de une histoire riche, puisqu&#039;il a \u00e9t\u00e9 construit au IXe si\u00e8cle.<\/p>\n\n\n\n<p>Tatev est situ\u00e9 sur une falaise et le <strong>Le funiculaire \u00e0 double c\u00e2ble sans escale le plus long du monde est, <\/strong>d&#039;une longueur de 5,7 km, situ\u00e9 dans le <em>Livre Guinness des records.<\/em><\/p>\n\n\n<div class=\"wp-block-image\">\n<figure class=\"aligncenter size-large\"><img loading=\"lazy\" decoding=\"async\" width=\"640\" height=\"640\" src=\"https:\/\/viajerosactivos.com\/wp-content\/uploads\/2023\/03\/alas-de-tatev-visita-desde-erevan-640x640.jpg\" alt=\"Les ailes de Tatev visitent depuis Erevan\" class=\"wp-image-12484\" srcset=\"https:\/\/viajerosactivos.com\/wp-content\/uploads\/2023\/03\/alas-de-tatev-visita-desde-erevan-640x640.jpg 640w, https:\/\/viajerosactivos.com\/wp-content\/uploads\/2023\/03\/alas-de-tatev-visita-desde-erevan-300x300.jpg 300w, https:\/\/viajerosactivos.com\/wp-content\/uploads\/2023\/03\/alas-de-tatev-visita-desde-erevan-150x150.jpg 150w, https:\/\/viajerosactivos.com\/wp-content\/uploads\/2023\/03\/alas-de-tatev-visita-desde-erevan.jpg 750w\" sizes=\"auto, (max-width: 640px) 100vw, 640px\" \/><\/figure>\n<\/div>\n\n\n<p>Le funiculaire est connu sous le nom de <strong>Les Ailes de Tatev<\/strong>, Il relie le petit village d&#039;Halidzor au monast\u00e8re et le trajet pittoresque dure 15 minutes.<\/p>\n\n\n\n<p class=\"has-background\" style=\"background-color:#d9e2ff\">\u2b50 Dans cet article sur<strong> <a href=\"https:\/\/viajerosactivos.com\/fr\/que-voir-en-armenie\/\">Que voir en Arm\u00e9nie\u00a0: 25 incontournables au d\u00e9part d\u2019Erevan<\/a><\/strong> Vous pouvez en apprendre davantage sur les Ailes de Tatev, le monast\u00e8re, la cath\u00e9drale d&#039;Etchmiadzin mentionn\u00e9e pr\u00e9c\u00e9demment et sur d&#039;autres visites en Arm\u00e9nie.<\/p>\n\n\n\n<div style=\"height:10px\" aria-hidden=\"true\" class=\"wp-block-spacer\"><\/div>\n\n\n\n<h2 class=\"wp-block-heading\"><span class=\"ez-toc-section\" id=\"14_Ararat_monte_sagrado\"><\/span>14. Ararat : montagne sacr\u00e9e<span class=\"ez-toc-section-end\"><\/span><\/h2>\n\n\n\n<p>Le mont Ararat est le <strong>symbole national du pays<\/strong> qui figure sur ses armoiries, est le nom d&#039;un club de football et celui du brandy le plus c\u00e9l\u00e8bre du pays. <\/p>\n\n\n\n<p>C&#039;est m\u00eame l&#039;une des repr\u00e9sentations les plus populaires dans de nombreux souvenirs et peintures arm\u00e9niens.<\/p>\n\n\n<div class=\"wp-block-image\">\n<figure class=\"aligncenter size-full\"><img loading=\"lazy\" decoding=\"async\" width=\"640\" height=\"427\" src=\"https:\/\/viajerosactivos.com\/wp-content\/uploads\/2022\/10\/monte-ararat-desde-cascade.jpg\" alt=\"Le mont Ararat vu de la Cascade\" class=\"wp-image-8221\" srcset=\"https:\/\/viajerosactivos.com\/wp-content\/uploads\/2022\/10\/monte-ararat-desde-cascade.jpg 640w, https:\/\/viajerosactivos.com\/wp-content\/uploads\/2022\/10\/monte-ararat-desde-cascade-300x200.jpg 300w\" sizes=\"auto, (max-width: 640px) 100vw, 640px\" \/><figcaption class=\"wp-element-caption\">Mont Ararat<\/figcaption><\/figure>\n<\/div>\n\n\n<p>Bien que, <strong>Depuis 1921, il est situ\u00e9 sur le territoire turc<\/strong>.<\/p>\n\n\n\n<p>Le mont Ararat est reconnu par les chr\u00e9tiens, les musulmans et les juifs comme le lieu <strong>l\u00e0 o\u00f9 No\u00e9 laissa son arche apr\u00e8s le D\u00e9luge.<\/strong><\/p>\n\n\n\n<p>On peut admirer le mont Ararat depuis une grande partie d&#039;Erevan, mais les plus belles vues se trouvent \u00e0\u2026 <strong><a href=\"https:\/\/viajerosactivos.com\/fr\/complejo-cascade-en-erevan\/\">Complexe en cascade.<\/a><\/strong><\/p>\n\n\n\n<p>\ud83d\udc49 Dans ce livre <strong><a class=\"thirstylink\" rel=\"nofollow noopener\" target=\"_blank\" title=\"livre Mythes persans et caucasiens\" href=\"https:\/\/amzn.to\/3TzhYtw\" data-linkid=\"12436\" data-shortcode=\"true\">Mythes persans et caucasiens <\/a><\/strong>(en anglais) vous pouvez en apprendre davantage sur les mythes et l\u00e9gendes de la Perse, de la G\u00e9orgie et de l&#039;Arm\u00e9nie.<\/p>\n\n\n\n<div style=\"height:10px\" aria-hidden=\"true\" class=\"wp-block-spacer\"><\/div>\n\n\n\n<h2 class=\"wp-block-heading\"><span class=\"ez-toc-section\" id=\"15_Lago_Sevan\"><\/span>15. Lac Sevan<span class=\"ez-toc-section-end\"><\/span><\/h2>\n\n\n\n<p>C&#039;est le plus grand lac du pays et<strong> l&#039;un des plus grands lacs d&#039;altitude de la plan\u00e8te, <\/strong>78 km de long.<\/p>\n\n\n\n<p>Situ\u00e9e \u00e0 1\u00a0930 m\u00e8tres d&#039;altitude, ses eaux sont toujours tr\u00e8s rafra\u00eechissantes. Si vous souhaitez vous y baigner, je vous recommande d&#039;y aller pendant les mois d&#039;\u00e9t\u00e9, o\u00f9 vous trouverez plusieurs plages.<\/p>\n\n\n<div class=\"wp-block-image\">\n<figure class=\"aligncenter size-full\"><img loading=\"lazy\" decoding=\"async\" width=\"750\" height=\"500\" src=\"https:\/\/viajerosactivos.com\/wp-content\/uploads\/2023\/03\/monasterio-Sevanavank-y-lago-sevan.jpg\" alt=\"monast\u00e8re-sevanavank-et-lac-sevan\" class=\"wp-image-12473\" srcset=\"https:\/\/viajerosactivos.com\/wp-content\/uploads\/2023\/03\/monasterio-Sevanavank-y-lago-sevan.jpg 750w, https:\/\/viajerosactivos.com\/wp-content\/uploads\/2023\/03\/monasterio-Sevanavank-y-lago-sevan-300x200.jpg 300w\" sizes=\"auto, (max-width: 750px) 100vw, 750px\" \/><\/figure>\n<\/div>\n\n\n<p>Le reste de l&#039;ann\u00e9e, c&#039;est un endroit magnifique \u00e0 visiter, id\u00e9al pour les amoureux de la nature.<\/p>\n\n\n\n<p>Le <strong><a class=\"thirstylink\" rel=\"nofollow\" target=\"_blank\" title=\"Tour Garni, Geghard, Lac Sevan, Sevanavank\" href=\"https:\/\/viajerosactivos.com\/fr\/recomendado\/tour-garni-geghard-lago-sevan-sevanavank\/\" data-shortcode=\"true\">des excursions comme celle-ci \u00e0 partir du lien<\/a><\/strong> Elles incluent g\u00e9n\u00e9ralement d&#039;autres visites telles que le temple de Garni \u00e0 partir du point 10.<\/p>\n\n\n\n<div style=\"height:10px\" aria-hidden=\"true\" class=\"wp-block-spacer\"><\/div>\n\n\n\n<h2 class=\"wp-block-heading\"><span class=\"ez-toc-section\" id=\"16_Modelo_de_la_Madre_de_Armenia\"><\/span>16. Maquette de la M\u00e8re de l&#039;Arm\u00e9nie<span class=\"ez-toc-section-end\"><\/span><\/h2>\n\n\n\n<p>La M\u00e8re de l&#039;Arm\u00e9nie est la statue la plus repr\u00e9sentative d&#039;Erevan. <strong>Il a remplac\u00e9 celui de Staline en 1967.<\/strong>.<\/p>\n\n\n\n<p>Pour cr\u00e9er cette sculpture, l&#039;artiste Ara Harutiunian a recherch\u00e9 un mod\u00e8le qui repr\u00e9senterait la patrie arm\u00e9nienne.,<strong> Une personne que l&#039;on pourrait percevoir \u00e0 la fois comme maternelle et forte. <\/strong><\/p>\n\n\n\n<p>Ara Harutiunian a rencontr\u00e9 Genya Muradian alors qu&#039;elle faisait ses courses au march\u00e9 avec sa m\u00e8re.<\/p>\n\n\n\n<p>La m\u00e8re rejeta la proposition, mais son fr\u00e8re la convainquit d&#039;accepter, car \u00e0 cette \u00e9poque Ara Harutiunian \u00e9tait un artiste renomm\u00e9 et un professeur d&#039;universit\u00e9.<\/p>\n\n\n\n<p><strong>Genya a gard\u00e9 secret pendant 40 ans le fait qu&#039;elle \u00e9tait le mod\u00e8le de la M\u00e8re de l&#039;Arm\u00e9nie<\/strong>, Elle ne l&#039;avait m\u00eame pas dit \u00e0 son mari.<\/p>\n\n\n<div class=\"wp-block-image\">\n<figure class=\"aligncenter size-full\"><img loading=\"lazy\" decoding=\"async\" width=\"640\" height=\"456\" src=\"https:\/\/viajerosactivos.com\/wp-content\/uploads\/2022\/10\/madre-de-armenia.jpg\" alt=\"m\u00e8re de l&#039;Arm\u00e9nie\" class=\"wp-image-8183\" srcset=\"https:\/\/viajerosactivos.com\/wp-content\/uploads\/2022\/10\/madre-de-armenia.jpg 640w, https:\/\/viajerosactivos.com\/wp-content\/uploads\/2022\/10\/madre-de-armenia-300x214.jpg 300w\" sizes=\"auto, (max-width: 640px) 100vw, 640px\" \/><figcaption class=\"wp-element-caption\">M\u00e8re de l&#039;Arm\u00e9nie<\/figcaption><\/figure>\n<\/div>\n\n\n<div style=\"height:10px\" aria-hidden=\"true\" class=\"wp-block-spacer\"><\/div>\n\n\n\n<h2 class=\"wp-block-heading\"><span class=\"ez-toc-section\" id=\"17_Besos\"><\/span>17. Baisers<span class=\"ez-toc-section-end\"><\/span><\/h2>\n\n\n\n<p>S&#039;embrasser pour se saluer est une pratique courante chez les Arm\u00e9niens, m\u00eame entre hommes s&#039;ils sont de la m\u00eame famille ou tr\u00e8s proches. <\/p>\n\n\n\n<p>Est-ce pareil dans votre pays\u00a0? Laissez-moi un commentaire ci-dessous, je suis curieux.<\/p>\n\n\n\n<div style=\"height:10px\" aria-hidden=\"true\" class=\"wp-block-spacer\"><\/div>\n\n\n\n<h2 class=\"wp-block-heading\"><span class=\"ez-toc-section\" id=\"18_Cercanos\"><\/span>18. \u00c0 proximit\u00e9<span class=\"ez-toc-section-end\"><\/span><\/h2>\n\n\n\n<p>Les Arm\u00e9niens sont tr\u00e8s amicaux, \u00e0 tel point que, lors d&#039;une conversation, ils peuvent se regarder droit dans les yeux, voire se toucher, et ne laissent que peu d&#039;espace personnel.<\/p>\n\n\n\n<p>Et en plus de poser des questions tr\u00e8s personnelles, m\u00eame lors d&#039;une premi\u00e8re rencontre.<\/p>\n\n\n\n<p>Lors de mon voyage en Arm\u00e9nie, je ne me suis jamais sentie d\u00e9pass\u00e9e ni que l&#039;approche \u00e9tait excessive ; bien au contraire, je me suis toujours sentie accueillie chaleureusement par ces gens tr\u00e8s affectueux.<\/p>\n\n\n\n<p>Bien qu&#039;il soit vrai que les hispanophones soient \u00e9galement tr\u00e8s amicaux.<\/p>\n\n\n<div class=\"wp-block-image\">\n<figure class=\"aligncenter size-full\"><img loading=\"lazy\" decoding=\"async\" width=\"640\" height=\"427\" src=\"https:\/\/viajerosactivos.com\/wp-content\/uploads\/2022\/10\/cuevas-levon-en-armenia.jpg\" alt=\"Grottes de Levon en Arm\u00e9nie\" class=\"wp-image-8272\" srcset=\"https:\/\/viajerosactivos.com\/wp-content\/uploads\/2022\/10\/cuevas-levon-en-armenia.jpg 640w, https:\/\/viajerosactivos.com\/wp-content\/uploads\/2022\/10\/cuevas-levon-en-armenia-300x200.jpg 300w\" sizes=\"auto, (max-width: 640px) 100vw, 640px\" \/><figcaption class=\"wp-element-caption\">Mus\u00e9e souterrain de Levon<\/figcaption><\/figure>\n<\/div>\n\n\n<div style=\"height:10px\" aria-hidden=\"true\" class=\"wp-block-spacer\"><\/div>\n\n\n\n<h2 class=\"wp-block-heading\"><span class=\"ez-toc-section\" id=\"19_La_familia_es_muy_importante\"><\/span>19. La famille est tr\u00e8s importante<span class=\"ez-toc-section-end\"><\/span><\/h2>\n\n\n\n<p>En Arm\u00e9nie, il est normal que les enfants restent chez leurs parents jusqu&#039;\u00e0 leur mariage et parfois m\u00eame continuent \u00e0 y vivre.<\/p>\n\n\n\n<p>La famille est tr\u00e8s importante en Arm\u00e9nie et les liens familiaux y sont tr\u00e8s forts.<\/p>\n\n\n\n<div style=\"height:10px\" aria-hidden=\"true\" class=\"wp-block-spacer\"><\/div>\n\n\n\n<h2 class=\"wp-block-heading\"><span class=\"ez-toc-section\" id=\"20_San_Sarkis_%E2%80%93_dia_de_los_enamorados_armenio\"><\/span>20. Saint Sarkis \u2013 La Saint-Valentin arm\u00e9nienne<span class=\"ez-toc-section-end\"><\/span><\/h2>\n\n\n\n<p>Saint Sarkis est le <strong>Saint le plus aim\u00e9 des Arm\u00e9niens<\/strong> et il est devenu le saint patron de la jeunesse et de l&#039;amour. <\/p>\n\n\n\n<p>La date change chaque ann\u00e9e, elle d\u00e9pend de P\u00e2ques et peut se situer entre le 11 janvier et le 15 f\u00e9vrier.<\/p>\n\n\n\n<p>Les festivit\u00e9s sont pr\u00e9c\u00e9d\u00e9es de ce qu&#039;ils appellent un \u00ab Adelante \u00bb, qui est <strong>un je\u00fbne de 5 jours approuv\u00e9 par saint Gr\u00e9goire l&#039;Illuminateur<\/strong>. <\/p>\n\n\n\n<p>Une chose curieuse\u00a0: la veille de la Saint-Sarkis, les c\u00e9libataires mangent une cr\u00eape sal\u00e9e sans rien boire, puis\u2026 <strong>Ils attendent la r\u00e9v\u00e9lation en r\u00eave de l&#039;identit\u00e9 de leur partenaire.<\/strong><\/p>\n\n\n\n<p>En plus,<strong> Le jour de la c\u00e9l\u00e9bration de Saint Sarkis, des rituels religieux sont observ\u00e9s.<\/strong> Et les amoureux s&#039;offrent des cartes, des fleurs et des bonbons.<\/p>\n\n\n\n<div style=\"height:10px\" aria-hidden=\"true\" class=\"wp-block-spacer\"><\/div>\n\n\n\n<h2 class=\"wp-block-heading\"><span class=\"ez-toc-section\" id=\"21_Vardavar_el_festival_del_agua\"><\/span>21. Vardavar, la f\u00eate de l&#039;eau<span class=\"ez-toc-section-end\"><\/span><\/h2>\n\n\n\n<p><strong>Vardavar est une f\u00eate d&#039;origine pa\u00efenne<\/strong> Les gens s&#039;\u00e9claboussent mutuellement ; il se peut m\u00eame que l&#039;on vous jette un seau d&#039;eau depuis un balcon en traversant la ville. <\/p>\n\n\n\n<p>Un \u00e9v\u00e9nement des plus rafra\u00eechissants, surtout si vous vous trouvez dans la chaude ville d&#039;Erevan.<\/p>\n\n\n\n<p>Il <strong>Le festival est associ\u00e9 \u00e0 la d\u00e9esse Astghik<\/strong>, Elle \u00e9tait la d\u00e9esse de la fertilit\u00e9, de l&#039;amour, de la beaut\u00e9 et, bien s\u00fbr, de l&#039;eau. Cette f\u00eate c\u00e9l\u00e9brait les r\u00e9coltes.<\/p>\n\n\n\n<p>La c\u00e9l\u00e9bration a lieu en juillet, 14 semaines apr\u00e8s P\u00e2ques, bien que cela puisse varier selon l&#039;endroit.<\/p>\n\n\n\n<p>Cette ann\u00e9e (2022), elle a \u00e9t\u00e9 c\u00e9l\u00e9br\u00e9e le 24 juillet, en 2023 elle aura lieu le 16 juillet et en 2024 le 7 juillet.<\/p>\n\n\n\n<p>Le festival comprend \u00e9galement <strong>c\u00e9r\u00e9monies traditionnelles avec des chants folkloriques<\/strong>, C&#039;est un \u00e9v\u00e9nement vraiment amusant pour les enfants comme pour les adultes.<\/p>\n\n\n\n<div style=\"height:10px\" aria-hidden=\"true\" class=\"wp-block-spacer\"><\/div>\n\n\n\n<h2 class=\"wp-block-heading\"><span class=\"ez-toc-section\" id=\"22_Fuentes_en_la_ciudad_en_verano\"><\/span>22. Fontaines en ville en \u00e9t\u00e9<span class=\"ez-toc-section-end\"><\/span><\/h2>\n\n\n<div class=\"wp-block-image\">\n<figure class=\"aligncenter size-full\"><img loading=\"lazy\" decoding=\"async\" width=\"640\" height=\"427\" src=\"https:\/\/viajerosactivos.com\/wp-content\/uploads\/2022\/10\/fuente-en-erevan.jpg\" alt=\"source-in-erevan\" class=\"wp-image-8353\" srcset=\"https:\/\/viajerosactivos.com\/wp-content\/uploads\/2022\/10\/fuente-en-erevan.jpg 640w, https:\/\/viajerosactivos.com\/wp-content\/uploads\/2022\/10\/fuente-en-erevan-300x200.jpg 300w\" sizes=\"auto, (max-width: 640px) 100vw, 640px\" \/><\/figure>\n<\/div>\n\n\n<p>\u00c0 Erevan, comme dans d&#039;autres pays du Caucase, il est courant de trouver des fontaines sur les places qui servent d&#039;aires de jeux et de rafra\u00eechissement pour les enfants.<\/p>\n\n\n\n<p>Ceci est parfaitement compr\u00e9hensible compte tenu des temp\u00e9ratures estivales qui peuvent atteindre 40\u00b0C.<\/p>\n\n\n\n<p>\u00c0 premi\u00e8re vue, cela peut sembler \u00eatre une initiative prise par les gens. <\/p>\n\n\n\n<p>Cependant, sur cette place d&#039;Erevan, l&#039;espace autour de la fontaine est orn\u00e9 de sculptures d&#039;enfants qui se transforment en fontaine l&#039;apr\u00e8s-midi lorsqu&#039;elles sont mises en marche. <\/p>\n\n\n\n<p>Vous trouverez ci-dessous une vid\u00e9o sur ces fontaines\u00a0; c&#039;est la premi\u00e8re de la playlist (\u00e9l\u00e9ment 25). Vous verrez comme c&#039;est amusant\u00a0! \ud83d\ude04\ud83d\udca6<\/p>\n\n\n\n<div style=\"height:10px\" aria-hidden=\"true\" class=\"wp-block-spacer\"><\/div>\n\n\n\n<h2 class=\"wp-block-heading\"><span class=\"ez-toc-section\" id=\"23_Pulpulak\"><\/span>23. Pulpulak<span class=\"ez-toc-section-end\"><\/span><\/h2>\n\n\n\n<p>Le <em>pulpulak<\/em> sont les <strong>fontaines \u00e0 eau potable dans toute la ville<\/strong> et elles constituent une partie importante de la culture locale.<\/p>\n\n\n\n<p>Son nom provient du mot <em>pul-pul <\/em>En arm\u00e9nien, cela signifie \u00ab source d&#039;eau \u00bb en raison du murmure de l&#039;eau. <\/p>\n\n\n\n<p><strong>La construction a d\u00e9but\u00e9 en 1920.<\/strong> et est devenue populaire jusqu&#039;\u00e0 aujourd&#039;hui, servant m\u00eame de point de rencontre.<\/p>\n\n\n\n<p>Vous les trouverez partout \u00e0 Erevan et dans le<em> <\/em><strong><em>pulpulak<\/em> La plus c\u00e9l\u00e8bre est celle de la place de la R\u00e9publique<\/strong>. Certaines sont comm\u00e9moratives, et les gens donnent leur b\u00e9n\u00e9diction \u00e0 la personne comm\u00e9mor\u00e9e en passant. <\/p>\n\n\n\n<p>Ces fontaines sont si c\u00e9l\u00e8bres que <strong>Nas Daily a fait une vid\u00e9o<\/strong> Concernant son s\u00e9jour en Arm\u00e9nie, vous pouvez voir la vid\u00e9o ci-dessous (point 25) dans la playlist, c&#039;est la deuxi\u00e8me.<\/p>\n\n\n<div class=\"wp-block-image\">\n<figure class=\"aligncenter size-full\"><img loading=\"lazy\" decoding=\"async\" width=\"750\" height=\"500\" src=\"https:\/\/viajerosactivos.com\/wp-content\/uploads\/2023\/03\/pulpulak-plaza-de-la-republica-erevan.jpg\" alt=\"Pulpulak-Republic-Place-Erevan\" class=\"wp-image-12494\" srcset=\"https:\/\/viajerosactivos.com\/wp-content\/uploads\/2023\/03\/pulpulak-plaza-de-la-republica-erevan.jpg 750w, https:\/\/viajerosactivos.com\/wp-content\/uploads\/2023\/03\/pulpulak-plaza-de-la-republica-erevan-300x200.jpg 300w\" sizes=\"auto, (max-width: 750px) 100vw, 750px\" \/><figcaption class=\"wp-element-caption\">Le plus grand et le plus c\u00e9l\u00e8bre Pulpulak d&#039;Erevan se trouve sur la place de la R\u00e9publique.<\/figcaption><\/figure>\n<\/div>\n\n\n<p>Si vous ne trouvez pas ces sources, vous pouvez t\u00e9l\u00e9charger une application curieuse qui porte leur nom., <em>pulpulak<\/em>, pour les localiser, bien que cette fonctionnalit\u00e9 ne soit disponible que pour iOS.<\/p>\n\n\n\n<p>Ceux d&#039;entre nous qui utilisent Android peuvent s&#039;en contenter. <strong><a href=\"https:\/\/pulpulak.am\/\" rel=\"noopener\">avec leur site web<\/a><\/strong> qui recense toutes les fontaines \u00e0 eau potable du pays, certaines avec des photos. <\/p>\n\n\n\n<p>Si vous voulez boire comme les locaux, c&#039;est rapide car l&#039;eau coule en continu., <strong>Vous vous approchez, vous buvez quelques secondes, et vous reprenez vos activit\u00e9s. <\/strong><\/p>\n\n\n\n<div style=\"height:10px\" aria-hidden=\"true\" class=\"wp-block-spacer\"><\/div>\n\n\n\n<h2 class=\"wp-block-heading\"><span class=\"ez-toc-section\" id=\"24_Ajedrez\"><\/span>24. \u00c9checs<span class=\"ez-toc-section-end\"><\/span><\/h2>\n\n\n\n<p>Les meilleurs joueurs d&#039;\u00e9checs du monde sont arm\u00e9niens, car ils prennent les \u00e9checs tr\u00e8s au s\u00e9rieux, au point que c&#039;est une mati\u00e8re obligatoire dans les \u00e9coles. <\/p>\n\n\n\n<p>\u00c9checs <strong>On a commenc\u00e9 \u00e0 en jouer en Arm\u00e9nie au Moyen \u00c2ge.<\/strong> et popularis\u00e9e durant l&#039;\u00e8re sovi\u00e9tique, qui atteignit un sommet de notori\u00e9t\u00e9<strong> en 1960<\/strong> <strong>avec Tigran Petrosian, devenu champion du monde d&#039;\u00e9checs.<\/strong><\/p>\n\n\n\n<p>Les Arm\u00e9niens ont remport\u00e9 plusieurs titres aux \u00e9checs, notamment<strong> trois Olympiades d&#039;\u00e9checs<\/strong> en 2006, 2008 et 2012.<\/p>\n\n\n<div class=\"wp-block-image\">\n<figure class=\"aligncenter size-full\"><img loading=\"lazy\" decoding=\"async\" width=\"640\" height=\"427\" src=\"https:\/\/viajerosactivos.com\/wp-content\/uploads\/2022\/10\/ajedrez-erevan.jpg\" alt=\"\u00c9checs d&#039;Erevan\" class=\"wp-image-8355\" srcset=\"https:\/\/viajerosactivos.com\/wp-content\/uploads\/2022\/10\/ajedrez-erevan.jpg 640w, https:\/\/viajerosactivos.com\/wp-content\/uploads\/2022\/10\/ajedrez-erevan-300x200.jpg 300w\" sizes=\"auto, (max-width: 640px) 100vw, 640px\" \/><figcaption class=\"wp-element-caption\">\u00c9checs sur la place Charles Aznavour<\/figcaption><\/figure>\n<\/div>\n\n\n<div style=\"height:10px\" aria-hidden=\"true\" class=\"wp-block-spacer\"><\/div>\n\n\n\n<h2 class=\"wp-block-heading\"><span class=\"ez-toc-section\" id=\"25_Musica_armenia\"><\/span>25. Musique arm\u00e9nienne<span class=\"ez-toc-section-end\"><\/span><\/h2>\n\n\n\n<p>L&#039;une des \u0153uvres musicales les plus c\u00e9l\u00e8bres d&#039;Arm\u00e9nie est le<strong> Danse du sabre, acte final du ballet Gayaneh<\/strong>, compos\u00e9 par Aram Khatchatourian en 1942.<\/p>\n\n\n\n<p><strong>Ce morceau a \u00e9t\u00e9 utilis\u00e9 dans d&#039;innombrables films, jeux vid\u00e9o et s\u00e9ries t\u00e9l\u00e9vis\u00e9es.<\/strong> comme Mon oncle Charlie, The Big Bang Theory et certains dessins anim\u00e9s comme Les Simpson et Bob l&#039;\u00e9ponge. <\/p>\n\n\n\n<p>Vous trouverez ci-dessous une playlist avec une vid\u00e9o de cette chanson. N&#039;h\u00e9sitez pas \u00e0 laisser un commentaire si vous aimez ce morceau entra\u00eenant. \ud83d\ude09<\/p>\n\n\n\n<p>Comme son nom l&#039;indique, c&#039;est le<strong> repr\u00e9sentation musicale d&#039;une danse de l&#039;\u00e9p\u00e9e arm\u00e9nienne<\/strong> et la partie centrale comprend de la musique traditionnelle arm\u00e9nienne.<\/p>\n\n\n\n<figure class=\"wp-block-embed is-type-video is-provider-youtube wp-block-embed-youtube wp-embed-aspect-16-9 wp-has-aspect-ratio\"><div class=\"wp-block-embed__wrapper\">\n<iframe loading=\"lazy\" title=\"Danse du sabre. Aram Khatchatourian.\" width=\"1200\" height=\"675\" src=\"https:\/\/www.youtube.com\/embed\/zPv0eKgujyE?list=PLqW3G9RZA8SFdUnzTQKcIglGPuXXLhy32\" frameborder=\"0\" allow=\"accelerometer; autoplay; clipboard-write; encrypted-media; gyroscope; picture-in-picture; web-share\" allowfullscreen><\/iframe>\n<\/div><\/figure>\n\n\n\n<div style=\"height:10px\" aria-hidden=\"true\" class=\"wp-block-spacer\"><\/div>\n\n\n\n<h2 class=\"wp-block-heading\"><span class=\"ez-toc-section\" id=\"26_Celebridades_de_origen_armenio\"><\/span>26. C\u00e9l\u00e9brit\u00e9s d&#039;origine arm\u00e9nienne<span class=\"ez-toc-section-end\"><\/span><\/h2>\n\n\n\n<p>Parmi les personnalit\u00e9s c\u00e9l\u00e8bres d&#039;origine arm\u00e9nienne, bien que n\u00e9es hors du pays, on peut citer\u00a0:<\/p>\n\n\n\n<ul class=\"wp-block-list\">\n<li><strong>Les Kardashian<\/strong>, que ses arri\u00e8re-arri\u00e8re-grands-parents \u00e9taient ceux qui avaient \u00e9migr\u00e9 aux \u00c9tats-Unis;<\/li>\n\n\n\n<li><strong>Andr\u00e9 Agassi <\/strong>L&#039;ancien joueur de tennis professionnel s&#039;appelle Andre Kirk Agassian et sa famille paternelle est arm\u00e9nienne ;<\/li>\n\n\n\n<li><strong>Cher<\/strong> Il est un descendant d&#039;Arm\u00e9niens par son p\u00e8re ;<\/li>\n\n\n\n<li><strong>Syst\u00e8me de Down,<\/strong> Les membres de ce groupe am\u00e9ricain sont d&#039;origine arm\u00e9nienne et sont Serj Tankian, Daron Malakian, Shavo Odadjian et John Dolmayan.<\/li>\n<\/ul>\n\n\n\n<div style=\"height:10px\" aria-hidden=\"true\" class=\"wp-block-spacer\"><\/div>\n\n\n\n<h2 class=\"wp-block-heading\"><span class=\"ez-toc-section\" id=\"27_Albaricoques\"><\/span>27. Abricots<span class=\"ez-toc-section-end\"><\/span><\/h2>\n\n\n\n<p>Le nom scientifique de l&#039;abricot est l&#039; <em>Prunus armeniaca<\/em> en raison de son origine en terres arm\u00e9niennes.<\/p>\n\n\n\n<p>Au cas o\u00f9 vous iriez en Arm\u00e9nie <strong>d\u00e9but de l&#039;\u00e9t\u00e9<\/strong> Ne manquez pas l&#039;occasion de les essayer, je vous assure que c&#039;est<strong> le fruit le plus d\u00e9licieux et le plus sucr\u00e9<\/strong> que vous avez mang\u00e9.<\/p>\n\n\n\n<p>Gr\u00e2ce au sol et au climat locaux, ils sont diff\u00e9rents de tous les autres abricots, du moins de ceux que j&#039;ai go\u00fbt\u00e9s.<\/p>\n\n\n\n<p>Selon une th\u00e9orie, la couleur orange du drapeau arm\u00e9nien serait due \u00e0 la pr\u00e9sence d&#039;abricots dans la plante.<\/p>\n\n\n<div class=\"wp-block-image\">\n<figure class=\"aligncenter size-full\"><img loading=\"lazy\" decoding=\"async\" width=\"640\" height=\"427\" src=\"https:\/\/viajerosactivos.com\/wp-content\/uploads\/2022\/10\/albaricoques-curiosidades-de-armenia.jpg\" alt=\"Abricots - curiosit\u00e9s d&#039;Arm\u00e9nie\" class=\"wp-image-8351\" srcset=\"https:\/\/viajerosactivos.com\/wp-content\/uploads\/2022\/10\/albaricoques-curiosidades-de-armenia.jpg 640w, https:\/\/viajerosactivos.com\/wp-content\/uploads\/2022\/10\/albaricoques-curiosidades-de-armenia-300x200.jpg 300w\" sizes=\"auto, (max-width: 640px) 100vw, 640px\" \/><figcaption class=\"wp-element-caption\">\u00c9tal de cerises et d&#039;abricots<\/figcaption><\/figure>\n<\/div>\n\n\n<div style=\"height:10px\" aria-hidden=\"true\" class=\"wp-block-spacer\"><\/div>\n\n\n\n<h2 class=\"wp-block-heading\"><span class=\"ez-toc-section\" id=\"28_Granadas\"><\/span>28. Grenades<span class=\"ez-toc-section-end\"><\/span><\/h2>\n\n\n\n<p><strong>Ce fruit est un symbole de la nation<\/strong> et on peut le retrouver repr\u00e9sent\u00e9 dans des peintures et des objets d\u00e9coratifs en c\u00e9ramique.<\/p>\n\n\n\n<p>C&#039;est \u00e9galement un fruit populaire en cuisine et pour la pr\u00e9paration d&#039;un d\u00e9licieux jus de grenade.<\/p>\n\n\n\n<p class=\"m0 has-background\" style=\"background-color:#d9e2ff\">\ud83d\ude0b <strong>Fait<\/strong>Si vous visitez Etchmiadzin, ne manquez pas de manger au restaurant. <strong>R\u00e9fectoire Agape pr\u00e8s de la cath\u00e9drale. <\/strong><\/p>\n\n\n\n<p class=\"has-background\" style=\"background-color:#d9e2ff\">C&#039;est un restaurant <strong>du XVIIe si\u00e8cle, dont le plat phare est la viande marin\u00e9e dans une d\u00e9licieuse sauce \u00e0 la grenade<\/strong>, ce qui donne \u00e0 la viande une tr\u00e8s bonne texture et une saveur agr\u00e9able.<\/p>\n\n\n\n<p class=\"has-background\" style=\"background-color:#d9e2ff\">\ud83d\ude0d Vous pouvez en savoir plus sur Etchmiadzin et le restaurant dans cet article. <strong><a href=\"https:\/\/viajerosactivos.com\/fr\/que-voir-en-armenie\/\">Que voir en Arm\u00e9nie\u00a0: 7 incontournables au d\u00e9part d\u2019Erevan<\/a><\/strong>, visites d&#039;une journ\u00e9e.<\/p>\n\n\n\n<div style=\"height:10px\" aria-hidden=\"true\" class=\"wp-block-spacer\"><\/div>\n\n\n\n<h2 class=\"wp-block-heading\"><span class=\"ez-toc-section\" id=\"29_Lavash_armenio\"><\/span>29. Lavash arm\u00e9nien<span class=\"ez-toc-section-end\"><\/span><\/h2>\n\n\n\n<p>Le lavash arm\u00e9nien est un pain fin et moelleux \u00e0 base de farine, d&#039;eau et de sel, cuit dans des fours souterrains.<\/p>\n\n\n\n<p>Ce qui est particuli\u00e8rement frappant, c&#039;est que ce pain peut se conserver jusqu&#039;\u00e0 un an sans se g\u00e2ter.<\/p>\n\n\n\n<p>Plusieurs pays de la r\u00e9gion fabriquent des pains similaires, et on ignore avec certitude si leur origine se situe en Arm\u00e9nie ou en Iran.<\/p>\n\n\n\n<p>En 2014, <strong>Le lavash arm\u00e9nien a \u00e9t\u00e9 inscrit au patrimoine culturel immat\u00e9riel de l&#039;humanit\u00e9.<\/strong>&nbsp;par l&#039;UNESCO.<\/p>\n\n\n\n<p>Cela n&#039;a pas plu \u00e0 ses voisins (Azerba\u00efdjan, Iran, Kazakhstan, Kirghizistan et Turquie) qui ont finalement \u00e9t\u00e9 ajout\u00e9s en 2016 avec leurs pains respectifs.<\/p>\n\n\n\n<p>Dans la playlist que je vous ai laiss\u00e9e plus haut, si vous continuez \u00e0 regarder les vid\u00e9os, vous en trouverez quelques-unes sur la fabrication du lavash lors de l&#039;excursion \u00e0 laquelle j&#039;ai particip\u00e9.<\/p>\n\n\n\n<p class=\"has-background\" style=\"background-color:#d9e2ff\">\ud83d\udc49 Si vous voulez voir comment ce pain laborieux est fabriqu\u00e9, voici quelques excursions comme celle-ci\u00a0: <strong><a class=\"thirstylink\" rel=\"nofollow\" target=\"_blank\" title=\"Tour Garni, Geghard et Lavash\" href=\"https:\/\/viajerosactivos.com\/fr\/recomendado\/tour-garni-geghard-y-lavash\/\" data-shortcode=\"true\">Temple de Garni et monast\u00e8re de Geghard<\/a><\/strong> Cela comprend un arr\u00eat pour observer sa pr\u00e9paration et sa cuisson.<\/p>\n\n\n\n<div style=\"height:10px\" aria-hidden=\"true\" class=\"wp-block-spacer\"><\/div>\n\n\n\n<h2 class=\"wp-block-heading\"><span class=\"ez-toc-section\" id=\"30_Vino_armenio\"><\/span>30. Vin arm\u00e9nien<span class=\"ez-toc-section-end\"><\/span><\/h2>\n\n\n\n<p>L&#039;Arm\u00e9nie poss\u00e8de une longue tradition de production de vin et c&#039;est<strong> l&#039;un des plus anciens peuples \u00e0 l&#039;avoir produit.<\/strong> <\/p>\n\n\n\n<p>Des fouilles arch\u00e9ologiques dans une grotte du village de Vayots Dzor ont mis au jour des vestiges des r\u00e9cipients utilis\u00e9s pour fabriquer les<strong> fermentation traditionnelle remontant \u00e0 6000 ans.<\/strong><\/p>\n\n\n\n<p>Dans toute la ville d&#039;Erevan, vous trouverez d&#039;innombrables bars o\u00f9 d\u00e9guster leurs d\u00e9licieux vins. <\/p>\n\n\n\n<p>Vous pouvez \u00e9galement faire un <strong><a class=\"thirstylink\" rel=\"nofollow\" target=\"_blank\" title=\"Circuit \u0153nologique en Arm\u00e9nie\" href=\"https:\/\/viajerosactivos.com\/fr\/recomendado\/tour-del-vino-armenia\/\" data-shortcode=\"true\">circuit \u0153nologique en Arm\u00e9nie<\/a><\/strong>, Comme celle-ci, dont le lien est fourni, qui vous parle de leur tradition viticole ancestrale, inclut une visite du domaine et une d\u00e9gustation de 4 vins. \ud83e\udd42<\/p>\n\n\n<div class=\"wp-block-image\">\n<figure class=\"aligncenter size-full\"><img loading=\"lazy\" decoding=\"async\" width=\"640\" height=\"427\" src=\"https:\/\/viajerosactivos.com\/wp-content\/uploads\/2022\/10\/mercado-de-erevan.jpg\" alt=\"March\u00e9 d&#039;Erevan\" class=\"wp-image-8357\" srcset=\"https:\/\/viajerosactivos.com\/wp-content\/uploads\/2022\/10\/mercado-de-erevan.jpg 640w, https:\/\/viajerosactivos.com\/wp-content\/uploads\/2022\/10\/mercado-de-erevan-300x200.jpg 300w\" sizes=\"auto, (max-width: 640px) 100vw, 640px\" \/><figcaption class=\"wp-element-caption\">March\u00e9 \u00e0 Erevan<\/figcaption><\/figure>\n<\/div>\n\n\n<div style=\"height:10px\" aria-hidden=\"true\" class=\"wp-block-spacer\"><\/div>\n\n\n\n<h2 class=\"wp-block-heading\"><span class=\"ez-toc-section\" id=\"31_El_mejor_Brandy\"><\/span>31. Le meilleur brandy<span class=\"ez-toc-section-end\"><\/span><\/h2>\n\n\n\n<p>L&#039;Arm\u00e9nie produit <strong>l&#039;un des meilleurs brandies au monde<\/strong>, l&#039;ArArAt et c&#039;est une fiert\u00e9 nationale qu&#039;ils appellent cognac. <\/p>\n\n\n\n<p>Il convient toutefois de noter que le cognac est l&#039;eau-de-vie produite dans la r\u00e9gion fran\u00e7aise de <em>Cognac<\/em>.<\/p>\n\n\n\n<p>L&#039;ancien Premier ministre britannique Winston Churchill demandait qu&#039;on lui envoie 400 bouteilles chaque ann\u00e9e, car c&#039;\u00e9tait sa boisson pr\u00e9f\u00e9r\u00e9e.<\/p>\n\n\n\n<p>Lorsque Churchill devint \u00e2g\u00e9, il d\u00e9clara que ses secrets de long\u00e9vit\u00e9 \u00e9taient : \u00ab<strong>ne pas faire de sport, fumer des cigares et boire du brandy arm\u00e9nien<\/strong>\u00abQuel excellent conseil de sant\u00e9 ! \ud83d\ude05\u00bb<\/p>\n\n\n\n<div style=\"height:10px\" aria-hidden=\"true\" class=\"wp-block-spacer\"><\/div>\n\n\n\n<h2 class=\"wp-block-heading\"><span class=\"ez-toc-section\" id=\"Pensamientos_finales\"><\/span>Derni\u00e8res r\u00e9flexions<span class=\"ez-toc-section-end\"><\/span><\/h2>\n\n\n\n<p>Voici quelques-unes des curiosit\u00e9s de l&#039;Arm\u00e9nie, un pays charmant qui surprend les voyageurs par sa culture ancestrale, ses paysages magnifiques et l&#039;hospitalit\u00e9 de ses habitants qui vous accueillent toujours avec un sourire.<\/p>\n\n\n\n<p>Lequel de ces faits vous a le plus surpris ?<\/p>\n\n\n\n<div style=\"height:10px\" aria-hidden=\"true\" class=\"wp-block-spacer\"><\/div>\n\n\n\n<h4 class=\"wp-block-heading\"><strong>En savoir plus sur l&#039;Arm\u00e9nie<\/strong><\/h4>\n\n\n<style>.kb-posts-id-8285_beeac6-cc .entry.loop-entry .entry-header .entry-title{font-size:20px;line-height:25px;}.kb-posts-id-8285_beeac6-cc .kb-post-list-item{display:grid;}@media all and (max-width: 1024px){.kb-posts-id-8285_beeac6-cc .entry.loop-entry .entry-header .entry-title{font-size:20px;line-height:25px;}}@media all and (max-width: 767px){.kb-posts-id-8285_beeac6-cc .entry.loop-entry .entry-header .entry-title{font-size:20px;line-height:25px;}}<\/style><ul class=\"wp-block-kadence-posts kb-posts kadence-posts-list kb-posts-id-8285_beeac6-cc content-wrap grid-cols kb-posts-style-boxed grid-sm-col-3 grid-lg-col-3 item-image-style-above\"><li class=\"kb-post-list-item\">\n\t<article class=\"entry content-bg loop-entry post-8014 post type-post status-publish format-standard has-post-thumbnail hentry category-armenia tag-que-hacer-en-erevan tag-viaje-a-armenia no-featured-image-padding\">\n\t\t\t\t<a aria-hidden=\"true\" tabindex=\"-1\" role=\"presentation\" class=\"post-thumbnail kadence-thumbnail-ratio-2-3\" href=\"https:\/\/viajerosactivos.com\/fr\/que-hacer-en-erevan\/\" aria-label=\"Que faire \u00e0 Erevan\u00a0: 14 id\u00e9es de sorties incontournables\">\n\t\t\t<div class=\"post-thumbnail-inner\">\n\t\t\t\t<img loading=\"lazy\" decoding=\"async\" width=\"768\" height=\"512\" src=\"https:\/\/viajerosactivos.com\/wp-content\/uploads\/2022\/10\/que-hacer-en-erevan-monte-ararat-768x512.jpg\" class=\"attachment-medium_large size-medium_large wp-post-image\" alt=\"Que faire \u00e0 Erevan\u00a0? Le mont Ararat\" srcset=\"https:\/\/viajerosactivos.com\/wp-content\/uploads\/2022\/10\/que-hacer-en-erevan-monte-ararat-768x512.jpg 768w, https:\/\/viajerosactivos.com\/wp-content\/uploads\/2022\/10\/que-hacer-en-erevan-monte-ararat-300x200.jpg 300w, https:\/\/viajerosactivos.com\/wp-content\/uploads\/2022\/10\/que-hacer-en-erevan-monte-ararat-959x640.jpg 959w, https:\/\/viajerosactivos.com\/wp-content\/uploads\/2022\/10\/que-hacer-en-erevan-monte-ararat.jpg 1280w\" sizes=\"auto, (max-width: 768px) 100vw, 768px\" \/>\t\t\t<\/div>\n\t\t<\/a><!-- .post-thumbnail -->\n\t\t\t\t<div class=\"entry-content-wrap\">\n\t\t\t<header class=\"entry-header\">\n\t<h5 class=\"entry-title\"><a href=\"https:\/\/viajerosactivos.com\/fr\/que-hacer-en-erevan\/\" rel=\"bookmark\">Que faire \u00e0 Erevan\u00a0: 14 id\u00e9es de sorties incontournables<\/a><\/h5><\/header><!-- .entry-header -->\n<footer class=\"entry-footer\">\n\t<\/footer><!-- .entry-footer -->\t\t<\/div>\n\t<\/article>\n<\/li>\n<li class=\"kb-post-list-item\">\n\t<article class=\"entry content-bg loop-entry post-12553 post type-post status-publish format-standard has-post-thumbnail hentry category-armenia tag-itinerario-por-armenia tag-viaje-a-armenia no-featured-image-padding resize-featured-image\">\n\t\t\t\t<a aria-hidden=\"true\" tabindex=\"-1\" role=\"presentation\" class=\"post-thumbnail kadence-thumbnail-ratio-2-3\" href=\"https:\/\/viajerosactivos.com\/fr\/ruta-por-armenia\/\" aria-label=\"Circuit en Arm\u00e9nie : itin\u00e9raire d&#039;une semaine\">\n\t\t\t<div class=\"post-thumbnail-inner\">\n\t\t\t\t<img loading=\"lazy\" decoding=\"async\" width=\"750\" height=\"500\" src=\"https:\/\/viajerosactivos.com\/wp-content\/uploads\/2023\/04\/centro-cascade-en-erevan.jpg\" class=\"attachment-medium_large size-medium_large wp-post-image\" alt=\"centre-cascade-\u00e0-erevan\" srcset=\"https:\/\/viajerosactivos.com\/wp-content\/uploads\/2023\/04\/centro-cascade-en-erevan.jpg 750w, https:\/\/viajerosactivos.com\/wp-content\/uploads\/2023\/04\/centro-cascade-en-erevan-300x200.jpg 300w\" sizes=\"auto, (max-width: 750px) 100vw, 750px\" \/>\t\t\t<\/div>\n\t\t<\/a><!-- .post-thumbnail -->\n\t\t\t\t<div class=\"entry-content-wrap\">\n\t\t\t<header class=\"entry-header\">\n\t<h5 class=\"entry-title\"><a href=\"https:\/\/viajerosactivos.com\/fr\/ruta-por-armenia\/\" rel=\"bookmark\">Circuit en Arm\u00e9nie : itin\u00e9raire d&#039;une semaine<\/a><\/h5><\/header><!-- .entry-header -->\n<footer class=\"entry-footer\">\n\t<\/footer><!-- .entry-footer -->\t\t<\/div>\n\t<\/article>\n<\/li>\n<li class=\"kb-post-list-item\">\n\t<article class=\"entry content-bg loop-entry post-8052 post type-post status-publish format-standard has-post-thumbnail hentry category-armenia tag-que-ver-en-armenia tag-viaje-a-armenia no-featured-image-padding resize-featured-image\">\n\t\t\t\t<a aria-hidden=\"true\" tabindex=\"-1\" role=\"presentation\" class=\"post-thumbnail kadence-thumbnail-ratio-2-3\" href=\"https:\/\/viajerosactivos.com\/fr\/que-ver-en-armenia\/\" aria-label=\"Que voir en Arm\u00e9nie\u00a0: 25 incontournables au d\u00e9part d\u2019Erevan\">\n\t\t\t<div class=\"post-thumbnail-inner\">\n\t\t\t\t<img loading=\"lazy\" decoding=\"async\" width=\"750\" height=\"500\" src=\"https:\/\/viajerosactivos.com\/wp-content\/uploads\/2023\/03\/templo-de-garni-excursion-cerca-de-erevan.jpg\" class=\"attachment-medium_large size-medium_large wp-post-image\" alt=\"excursion au temple de Garni pr\u00e8s d&#039;Erevan\" srcset=\"https:\/\/viajerosactivos.com\/wp-content\/uploads\/2023\/03\/templo-de-garni-excursion-cerca-de-erevan.jpg 750w, https:\/\/viajerosactivos.com\/wp-content\/uploads\/2023\/03\/templo-de-garni-excursion-cerca-de-erevan-300x200.jpg 300w\" sizes=\"auto, (max-width: 750px) 100vw, 750px\" \/>\t\t\t<\/div>\n\t\t<\/a><!-- .post-thumbnail -->\n\t\t\t\t<div class=\"entry-content-wrap\">\n\t\t\t<header class=\"entry-header\">\n\t<h5 class=\"entry-title\"><a href=\"https:\/\/viajerosactivos.com\/fr\/que-ver-en-armenia\/\" rel=\"bookmark\">Que voir en Arm\u00e9nie\u00a0: 25 incontournables au d\u00e9part d\u2019Erevan<\/a><\/h5><\/header><!-- .entry-header -->\n<footer class=\"entry-footer\">\n\t<\/footer><!-- .entry-footer -->\t\t<\/div>\n\t<\/article>\n<\/li>\n<li class=\"kb-post-list-item\">\n\t<article class=\"entry content-bg loop-entry post-8019 post type-post status-publish format-standard has-post-thumbnail hentry category-armenia tag-que-hacer-en-erevan tag-viaje-a-armenia no-featured-image-padding\">\n\t\t\t\t<a aria-hidden=\"true\" tabindex=\"-1\" role=\"presentation\" class=\"post-thumbnail kadence-thumbnail-ratio-2-3\" href=\"https:\/\/viajerosactivos.com\/fr\/complejo-cascade-en-erevan\/\" aria-label=\"Visite du complexe de la Cascade \u00e0 Erevan\">\n\t\t\t<div class=\"post-thumbnail-inner\">\n\t\t\t\t<img loading=\"lazy\" decoding=\"async\" width=\"768\" height=\"512\" src=\"https:\/\/viajerosactivos.com\/wp-content\/uploads\/2022\/10\/complejo-cascade-erevan-768x512.jpg\" class=\"attachment-medium_large size-medium_large wp-post-image\" alt=\"complexe en cascade d&#039;Erevan\" srcset=\"https:\/\/viajerosactivos.com\/wp-content\/uploads\/2022\/10\/complejo-cascade-erevan-768x512.jpg 768w, https:\/\/viajerosactivos.com\/wp-content\/uploads\/2022\/10\/complejo-cascade-erevan-300x200.jpg 300w, https:\/\/viajerosactivos.com\/wp-content\/uploads\/2022\/10\/complejo-cascade-erevan-959x640.jpg 959w, https:\/\/viajerosactivos.com\/wp-content\/uploads\/2022\/10\/complejo-cascade-erevan.jpg 1280w\" sizes=\"auto, (max-width: 768px) 100vw, 768px\" \/>\t\t\t<\/div>\n\t\t<\/a><!-- .post-thumbnail -->\n\t\t\t\t<div class=\"entry-content-wrap\">\n\t\t\t<header class=\"entry-header\">\n\t<h5 class=\"entry-title\"><a href=\"https:\/\/viajerosactivos.com\/fr\/complejo-cascade-en-erevan\/\" rel=\"bookmark\">Visite du complexe de la Cascade \u00e0 Erevan<\/a><\/h5><\/header><!-- .entry-header -->\n<footer class=\"entry-footer\">\n\t<\/footer><!-- .entry-footer -->\t\t<\/div>\n\t<\/article>\n<\/li>\n<li class=\"kb-post-list-item\">\n\t<article class=\"entry content-bg loop-entry post-12406 post type-post status-publish format-standard has-post-thumbnail hentry category-armenia tag-como-moverse-por-armenia tag-viaje-a-armenia no-featured-image-padding resize-featured-image\">\n\t\t\t\t<a aria-hidden=\"true\" tabindex=\"-1\" role=\"presentation\" class=\"post-thumbnail kadence-thumbnail-ratio-2-3\" href=\"https:\/\/viajerosactivos.com\/fr\/como-moverse-por-erevan-y-armenia\/\" aria-label=\"Comment se d\u00e9placer \u00e0 Erevan et en Arm\u00e9nie\">\n\t\t\t<div class=\"post-thumbnail-inner\">\n\t\t\t\t<img loading=\"lazy\" decoding=\"async\" width=\"750\" height=\"500\" src=\"https:\/\/viajerosactivos.com\/wp-content\/uploads\/2023\/03\/taxi-armenia.jpg\" class=\"attachment-medium_large size-medium_large wp-post-image\" alt=\"taxi-Arm\u00e9nie\" srcset=\"https:\/\/viajerosactivos.com\/wp-content\/uploads\/2023\/03\/taxi-armenia.jpg 750w, https:\/\/viajerosactivos.com\/wp-content\/uploads\/2023\/03\/taxi-armenia-300x200.jpg 300w\" sizes=\"auto, (max-width: 750px) 100vw, 750px\" \/>\t\t\t<\/div>\n\t\t<\/a><!-- .post-thumbnail -->\n\t\t\t\t<div class=\"entry-content-wrap\">\n\t\t\t<header class=\"entry-header\">\n\t<h5 class=\"entry-title\"><a href=\"https:\/\/viajerosactivos.com\/fr\/como-moverse-por-erevan-y-armenia\/\" rel=\"bookmark\">Comment se d\u00e9placer \u00e0 Erevan et en Arm\u00e9nie<\/a><\/h5><\/header><!-- .entry-header -->\n<footer class=\"entry-footer\">\n\t<\/footer><!-- .entry-footer -->\t\t<\/div>\n\t<\/article>\n<\/li>\n<li class=\"kb-post-list-item\">\n\t<article class=\"entry content-bg loop-entry post-8015 post type-post status-publish format-standard has-post-thumbnail hentry category-armenia tag-consejos-para-viajar-a-armenia tag-viaje-a-armenia no-featured-image-padding\">\n\t\t\t\t<a aria-hidden=\"true\" tabindex=\"-1\" role=\"presentation\" class=\"post-thumbnail kadence-thumbnail-ratio-2-3\" href=\"https:\/\/viajerosactivos.com\/fr\/viajar-a-armenia\/\" aria-label=\"17 conseils pour voyager en Arm\u00e9nie\">\n\t\t\t<div class=\"post-thumbnail-inner\">\n\t\t\t\t<img loading=\"lazy\" decoding=\"async\" width=\"768\" height=\"512\" src=\"https:\/\/viajerosactivos.com\/wp-content\/uploads\/2022\/10\/viajar-a-erevan-taxi-mezquita-azul-768x512.jpg\" class=\"attachment-medium_large size-medium_large wp-post-image\" alt=\"voyage-\u00e0-erevan---taxi-mosqu\u00e9e-bleue\" srcset=\"https:\/\/viajerosactivos.com\/wp-content\/uploads\/2022\/10\/viajar-a-erevan-taxi-mezquita-azul-768x512.jpg 768w, https:\/\/viajerosactivos.com\/wp-content\/uploads\/2022\/10\/viajar-a-erevan-taxi-mezquita-azul-300x200.jpg 300w, https:\/\/viajerosactivos.com\/wp-content\/uploads\/2022\/10\/viajar-a-erevan-taxi-mezquita-azul-959x640.jpg 959w, https:\/\/viajerosactivos.com\/wp-content\/uploads\/2022\/10\/viajar-a-erevan-taxi-mezquita-azul.jpg 1280w\" sizes=\"auto, (max-width: 768px) 100vw, 768px\" \/>\t\t\t<\/div>\n\t\t<\/a><!-- .post-thumbnail -->\n\t\t\t\t<div class=\"entry-content-wrap\">\n\t\t\t<header class=\"entry-header\">\n\t<h5 class=\"entry-title\"><a href=\"https:\/\/viajerosactivos.com\/fr\/viajar-a-armenia\/\" rel=\"bookmark\">17 conseils pour voyager en Arm\u00e9nie<\/a><\/h5><\/header><!-- .entry-header -->\n<footer class=\"entry-footer\">\n\t<\/footer><!-- .entry-footer -->\t\t<\/div>\n\t<\/article>\n<\/li>\n<\/ul>\n\n\n<h4 class=\"wp-block-heading\"><strong>En savoir plus sur le Caucase<\/strong><\/h4>\n\n\n<style>.kb-posts-id-8285_31e400-b4 .entry.loop-entry .entry-header .entry-title{font-size:20px;line-height:25px;}.kb-posts-id-8285_31e400-b4 .kb-post-list-item{display:grid;}@media all and (max-width: 1024px){.kb-posts-id-8285_31e400-b4 .entry.loop-entry .entry-header .entry-title{font-size:20px;line-height:25px;}}@media all and (max-width: 767px){.kb-posts-id-8285_31e400-b4 .entry.loop-entry .entry-header .entry-title{font-size:20px;line-height:25px;}}<\/style><ul class=\"wp-block-kadence-posts kb-posts kadence-posts-list kb-posts-id-8285_31e400-b4 content-wrap grid-cols kb-posts-style-boxed grid-sm-col-3 grid-lg-col-3 item-image-style-above\"><li class=\"kb-post-list-item\">\n\t<article class=\"entry content-bg loop-entry post-7610 post type-post status-publish format-standard has-post-thumbnail hentry category-georgia tag-consejos-para-viajar-a-georgia tag-informacion-practica-georgia tag-viaje-a-georgia no-featured-image-padding resize-featured-image\">\n\t\t\t\t<a aria-hidden=\"true\" tabindex=\"-1\" role=\"presentation\" class=\"post-thumbnail kadence-thumbnail-ratio-2-3\" href=\"https:\/\/viajerosactivos.com\/fr\/viajar-a-georgia\/\" aria-label=\"20 conseils pour voyager en G\u00e9orgie\">\n\t\t\t<div class=\"post-thumbnail-inner\">\n\t\t\t\t<img loading=\"lazy\" decoding=\"async\" width=\"768\" height=\"577\" src=\"https:\/\/viajerosactivos.com\/wp-content\/uploads\/2022\/09\/senderismo-cerca-de-juta-en-georgia-GR-768x577.jpg\" class=\"attachment-medium_large size-medium_large wp-post-image\" alt=\"voyage en G\u00e9orgie\" srcset=\"https:\/\/viajerosactivos.com\/wp-content\/uploads\/2022\/09\/senderismo-cerca-de-juta-en-georgia-GR-768x577.jpg 768w, https:\/\/viajerosactivos.com\/wp-content\/uploads\/2022\/09\/senderismo-cerca-de-juta-en-georgia-GR-300x225.jpg 300w, https:\/\/viajerosactivos.com\/wp-content\/uploads\/2022\/09\/senderismo-cerca-de-juta-en-georgia-GR-852x640.jpg 852w, https:\/\/viajerosactivos.com\/wp-content\/uploads\/2022\/09\/senderismo-cerca-de-juta-en-georgia-GR.jpg 1280w\" sizes=\"auto, (max-width: 768px) 100vw, 768px\" \/>\t\t\t<\/div>\n\t\t<\/a><!-- .post-thumbnail -->\n\t\t\t\t<div class=\"entry-content-wrap\">\n\t\t\t<header class=\"entry-header\">\n\t<h5 class=\"entry-title\"><a href=\"https:\/\/viajerosactivos.com\/fr\/viajar-a-georgia\/\" rel=\"bookmark\">20 conseils pour voyager en G\u00e9orgie<\/a><\/h5><\/header><!-- .entry-header -->\n<footer class=\"entry-footer\">\n\t<\/footer><!-- .entry-footer -->\t\t<\/div>\n\t<\/article>\n<\/li>\n<li class=\"kb-post-list-item\">\n\t<article class=\"entry content-bg loop-entry post-22387 post type-post status-publish format-standard has-post-thumbnail hentry category-georgia tag-conducir-en-georgia tag-informacion-practica-georgia tag-viaje-a-georgia no-featured-image-padding resize-featured-image\">\n\t\t\t\t<a aria-hidden=\"true\" tabindex=\"-1\" role=\"presentation\" class=\"post-thumbnail kadence-thumbnail-ratio-2-3\" href=\"https:\/\/viajerosactivos.com\/fr\/conducir-en-georgia\/\" aria-label=\"C\u00f3mo alquilar y conducir en Georgia: gu\u00eda completa\">\n\t\t\t<div class=\"post-thumbnail-inner\">\n\t\t\t\t<img loading=\"lazy\" decoding=\"async\" width=\"750\" height=\"500\" src=\"https:\/\/viajerosactivos.com\/wp-content\/uploads\/2023\/04\/carretera-hacia-la-iglesia-de-guergueti.jpg\" class=\"attachment-medium_large size-medium_large wp-post-image\" alt=\"route vers l&#039;\u00e9glise de Guergueti\" srcset=\"https:\/\/viajerosactivos.com\/wp-content\/uploads\/2023\/04\/carretera-hacia-la-iglesia-de-guergueti.jpg 750w, https:\/\/viajerosactivos.com\/wp-content\/uploads\/2023\/04\/carretera-hacia-la-iglesia-de-guergueti-300x200.jpg 300w\" sizes=\"auto, (max-width: 750px) 100vw, 750px\" \/>\t\t\t<\/div>\n\t\t<\/a><!-- .post-thumbnail -->\n\t\t\t\t<div class=\"entry-content-wrap\">\n\t\t\t<header class=\"entry-header\">\n\t<h5 class=\"entry-title\"><a href=\"https:\/\/viajerosactivos.com\/fr\/conducir-en-georgia\/\" rel=\"bookmark\">C\u00f3mo alquilar y conducir en Georgia: gu\u00eda completa<\/a><\/h5><\/header><!-- .entry-header -->\n<footer class=\"entry-footer\">\n\t<\/footer><!-- .entry-footer -->\t\t<\/div>\n\t<\/article>\n<\/li>\n<li class=\"kb-post-list-item\">\n\t<article class=\"entry content-bg loop-entry post-8003 post type-post status-publish format-standard has-post-thumbnail hentry category-caucaso tag-como-ir-de-tiflis-a-erevan tag-moverse-por-el-caucaso tag-transporte-publico-en-el-caucaso no-featured-image-padding resize-featured-image\">\n\t\t\t\t<a aria-hidden=\"true\" tabindex=\"-1\" role=\"presentation\" class=\"post-thumbnail kadence-thumbnail-ratio-2-3\" href=\"https:\/\/viajerosactivos.com\/fr\/como-ir-de-tiflis-a-erevan\/\" aria-label=\"Comment se rendre de Tbilissi \u00e0 Erevan : rapidement, \u00e0 moindre co\u00fbt et confortablement\">\n\t\t\t<div class=\"post-thumbnail-inner\">\n\t\t\t\t<img loading=\"lazy\" decoding=\"async\" width=\"547\" height=\"365\" src=\"https:\/\/viajerosactivos.com\/wp-content\/uploads\/2022\/10\/tiflis-a-erevan.jpg\" class=\"attachment-medium_large size-medium_large wp-post-image\" alt=\"Comment se rendre de Tbilissi \u00e0 Erevan : rapidement, \u00e0 moindre co\u00fbt et confortablement\" srcset=\"https:\/\/viajerosactivos.com\/wp-content\/uploads\/2022\/10\/tiflis-a-erevan.jpg 547w, https:\/\/viajerosactivos.com\/wp-content\/uploads\/2022\/10\/tiflis-a-erevan-300x200.jpg 300w\" sizes=\"auto, (max-width: 547px) 100vw, 547px\" \/>\t\t\t<\/div>\n\t\t<\/a><!-- .post-thumbnail -->\n\t\t\t\t<div class=\"entry-content-wrap\">\n\t\t\t<header class=\"entry-header\">\n\t<h5 class=\"entry-title\"><a href=\"https:\/\/viajerosactivos.com\/fr\/como-ir-de-tiflis-a-erevan\/\" rel=\"bookmark\">Comment se rendre de Tbilissi \u00e0 Erevan : rapidement, \u00e0 moindre co\u00fbt et confortablement<\/a><\/h5><\/header><!-- .entry-header -->\n<footer class=\"entry-footer\">\n\t<\/footer><!-- .entry-footer -->\t\t<\/div>\n\t<\/article>\n<\/li>\n<\/ul>\n\n\n<div style=\"height:10px\" aria-hidden=\"true\" class=\"wp-block-spacer\"><\/div>","protected":false},"excerpt":{"rendered":"<p>Faits int\u00e9ressants sur l&#039;Arm\u00e9nie\u00a0: ce petit pays du Caucase, encore relativement m\u00e9connu des touristes, vous surprendra par sa nature, sa culture et son histoire. 1. Pays\u2026 <\/p>\n<p class=\"read-more-container\"><a title=\"31 faits surprenants sur l&#039;Arm\u00e9nie\" class=\"read-more button\" href=\"https:\/\/viajerosactivos.com\/fr\/curiosidades-de-armenia\/#more-8285\" aria-label=\"En savoir plus sur 31 Curiosidades de Armenia sorprendentes\">En savoir plus<\/a><\/p>","protected":false},"author":1,"featured_media":8366,"comment_status":"open","ping_status":"closed","sticky":false,"template":"","format":"standard","meta":{"footnotes":""},"categories":[401],"tags":[483,588],"class_list":["post-8285","post","type-post","status-publish","format-standard","has-post-thumbnail","hentry","category-armenia","tag-datos-curiosos-de-armenia","tag-viaje-a-armenia","no-featured-image-padding"],"_links":{"self":[{"href":"https:\/\/viajerosactivos.com\/fr\/wp-json\/wp\/v2\/posts\/8285","targetHints":{"allow":["GET"]}}],"collection":[{"href":"https:\/\/viajerosactivos.com\/fr\/wp-json\/wp\/v2\/posts"}],"about":[{"href":"https:\/\/viajerosactivos.com\/fr\/wp-json\/wp\/v2\/types\/post"}],"author":[{"embeddable":true,"href":"https:\/\/viajerosactivos.com\/fr\/wp-json\/wp\/v2\/users\/1"}],"replies":[{"embeddable":true,"href":"https:\/\/viajerosactivos.com\/fr\/wp-json\/wp\/v2\/comments?post=8285"}],"version-history":[{"count":0,"href":"https:\/\/viajerosactivos.com\/fr\/wp-json\/wp\/v2\/posts\/8285\/revisions"}],"wp:featuredmedia":[{"embeddable":true,"href":"https:\/\/viajerosactivos.com\/fr\/wp-json\/wp\/v2\/media\/8366"}],"wp:attachment":[{"href":"https:\/\/viajerosactivos.com\/fr\/wp-json\/wp\/v2\/media?parent=8285"}],"wp:term":[{"taxonomy":"category","embeddable":true,"href":"https:\/\/viajerosactivos.com\/fr\/wp-json\/wp\/v2\/categories?post=8285"},{"taxonomy":"post_tag","embeddable":true,"href":"https:\/\/viajerosactivos.com\/fr\/wp-json\/wp\/v2\/tags?post=8285"}],"curies":[{"name":"wp","href":"https:\/\/api.w.org\/{rel}","templated":true}]}}